{"id":6309,"date":"2025-08-01T01:08:03","date_gmt":"2025-08-01T01:08:03","guid":{"rendered":"https:\/\/info-eforie.ro\/index.php\/2025\/08\/01\/miza-alegerilor-parlamentare-din-republica-moldova-daca-pierd-trenul-si-vin-pro-rusii-la-putere-nu-stiu-daca-o-sa-mai-aiba-sanse-la-ue\/"},"modified":"2025-08-01T01:08:03","modified_gmt":"2025-08-01T01:08:03","slug":"miza-alegerilor-parlamentare-din-republica-moldova-daca-pierd-trenul-si-vin-pro-rusii-la-putere-nu-stiu-daca-o-sa-mai-aiba-sanse-la-ue","status":"publish","type":"post","link":"https:\/\/info-eforie.ro\/index.php\/2025\/08\/01\/miza-alegerilor-parlamentare-din-republica-moldova-daca-pierd-trenul-si-vin-pro-rusii-la-putere-nu-stiu-daca-o-sa-mai-aiba-sanse-la-ue\/","title":{"rendered":"Miza alegerilor parlamentare din Republica Moldova. \u201eDac\u0103 pierd trenul \u0219i vin pro-ru\u0219ii la putere, nu \u0219tiu dac\u0103 o s\u0103 mai aib\u0103 \u0219anse la UE\u201d"},"content":{"rendered":"<div>\n<p>Ileana Racheru, expert \u00een spa\u021biul ex-sovietic, puncteaz\u0103 importan\u021ba progreselor Republicii Moldova privind aderarea la Uniunea European\u0103, avertiz\u00e2nd asupra imixtiunilor ruse \u00een alegerile parlamentare. Pentru realizarea acestui scop, Rom\u00e2nia poate ajuta at\u00e2t diplomatic, c\u00e2t \u0219i tehnic, explic\u0103 pre\u0219edintele Nicu\u0219or Dan.<\/p>\n<div><picture loading=\"eager\" width=\"1400\" height=\"750\" alt=\"Cei doi \u0219efi de stat au discutat deja modul \u00een care Rom\u00e2nia poate ajuta FOTO Presidency \"><source type=\"image\/webp\"  media=\"(min-width: 1400px)\"><source type=\"image\/webp\"  media=\"(min-width: 1000px)\"><source type=\"image\/webp\"  media=\"(min-width: 700px)\"><source type=\"image\/png\"  media=\"(min-width: 1400px)\"><source type=\"image\/png\"  media=\"(min-width: 1000px)\"><source type=\"image\/png\"  media=\"(min-width: 700px)\"><img fetchpriority=\"high\" decoding=\"async\" src=\"https:\/\/cdn.adh.reperio.news\/image-e\/e72823d4-1ac7-44c8-8c95-847580b4ebc6\/index.png?p=a%3D1%26co%3D1.05%26w%3D700%26h%3D750%26r%3Dcontain%26f%3Dwebp\" alt=\"Cei doi \u0219efi de stat au discutat deja modul \u00een care Rom\u00e2nia poate ajuta FOTO Presidency \" width=\"1400\" height=\"750\" loading=\"eager\"><\/picture>\n<p>Cei doi \u0219efi de stat au discutat deja modul \u00een care Rom\u00e2nia poate ajuta FOTO Presidency <\/p>\n<\/div>\n<p>Ileana Racheru, expert \u00een spa\u021biul ex-sovietic, explic\u0103 pentru \u201eAdev\u0103rul\u201d situa\u021bia \u00een care este acum Republica Moldova \u0219i atrage aten\u021bia asupra faptului c\u0103 statul ar putea s\u0103 nu mai aib\u0103 o astfel de \u0219ans\u0103 pe viitor, dac\u0103 pro-ru\u0219ii ajung la putere.<\/p>\n<p>PAS, partidul care a sus\u021binut-o pe Maia Sandu, are armele necesare, a dovedit \u00een ultimii ani c\u0103 poate s\u0103 fac\u0103 fa\u021b\u0103 imixtiunilor ruse\u0219ti, \u00een special prin faptul aprobarea referendumului de aderare la UE, \u00een ciuda tentativelor de destabilizare.<\/p>\n<h2>Importan\u021ba ader\u0103rii la Uniunea European\u0103<\/h2>\n<p>Cu toate astea, situa\u021bia de anul acesta este complicat\u0103 \u0219i de implicarea partidului Alian\u021ba pentru Unirea Rom\u00e2nilor (AUR), condus de George Simion. \u201eO<i>\u00a0lucrare direct\u0103 cu Federa\u021bia Rus\u0103 pentru a face probleme \u0219i probabil a \u00eencerca s\u0103 \u00eenl\u0103ture cumva de la putere regimul pro-european de la Chi\u0219in\u0103u\u201d<\/i>, spune Ieana Racheru, ar\u0103t\u00e2nd c\u0103 AUR a cup\u0103rat domeniul \u201emega2025.eu\u201d.m<\/p>\n<blockquote><p>\u201eNu \u0219tiu dac\u0103 Republica Moldova o s\u0103 mai aib\u0103 \u00een viitor \u0219ansa pe care o are acum\u201d- Ileana Racheru, expert \u00een spa\u0219iul ex-sovetic<\/p><\/blockquote>\n<p><i>\u201eCred c\u0103 cel mai important lucru pe care ar trebui s\u0103-l fac\u0103 este c\u0103 ar trebui s\u0103 comunice foarte mult pe tema importan\u021bei alegerilor libere, Republica Moldova, f\u0103r\u0103 imixtiuni din afar\u0103. S\u0103 comunice foarte mult pe tema importan\u021bei alegerilor de anul acesta \u0219i a integr\u0103rii europene pentru Republica Moldova, pentru c\u0103 o s\u0103 spun foarte direct, dac\u0103 pierd trenul acum \u0219i vin pro-ru\u0219ii la putere sau tergiverseaz\u0103 cumva integrarea european\u0103, nu \u0219tiu dac\u0103 Republica Moldova o s\u0103 mai aib\u0103 \u00een viitor \u0219ansa pe care o are acum, c\u0103 acum este candidat la integrarea european\u0103, cu perspectiva deschiderii c\u00e2t de cur\u00e2nd a negocierilor\u201d<\/i>, subliniaz\u0103 Ileana Racheru.<\/p>\n<p>\u00cen cazul unei guvern\u0103ri pro-ruse, statul s-ar confrunta cu mai multe probleme: \u201e<i>Nu vreau s\u0103-mi imaginez cum s-ar putea deteriora situa\u021bia de securitate din Republica Moldova \u00een cazul unei guvern\u0103ri pro-ruse,  pentru c\u0103 este foarte clar c\u0103 rusii au nevoie de Republica Moldova pentru a face probleme suplimentare Ucrainei. Ce pot s\u0103 fac \u00een mod concret este s\u0103 m\u0103reasc\u0103 efectivul din Transmisia folosind aeroportul din Chi\u0219in\u0103u&#8221;.<\/i><\/p>\n<p><i>&#8222;\u00cens\u0103, \u00een situa\u021bia unei guvern\u0103ri pro-ruse, o alt\u0103 mare problem\u0103 ar fi supravie\u021buirea economic\u0103 a Republicii Moldova pentru ca, \u00een mod clar, nu vor beneficia de ajutoare, granturi \u0219i a\u0219a mai departe din partea Uniunii Europene. \u00cen acela\u0219i timp, rela\u021biile economice cu Federa\u021bia Rus\u0103 nu au cum s\u0103 le reia, c\u0103 e clar c\u0103 rutele de transport \u0219i a\u0219a mai departe ale erau pe teritoriul Ucrainei\u201d,<\/i> mai spune Ileana Racheru.<\/p>\n<h2>Ce poate face Rom\u00e2nia<\/h2>\n<p><i>\u201eProcesul de integrare al Republicii Moldova \u00een Uniunea European\u0103 depinde foarte mult de credibilitatea pe care o are primul ministru care vine s\u0103 discute cu structurile Uniunii Europene\u201d<\/i>, a atras aten\u021bia pre\u0219edintele Nicu\u0219or Dan \u00eentr-o conferin\u021b\u0103 de pres\u0103, explic\u00e2nd faptul c\u0103 statul rom\u00e2n poate ajuta concret \u00een procesul de aderare. <\/p>\n<p>Din punct de vedere diplomatic, la nivel de pre\u015fedinte \u0219i mini\u015ftri de externe, Rom\u00e2nia poate s\u0103 preseze pentru continuarea acestui proces, mai explic\u0103 \u0219eful statului. <\/p>\n<p>Nu \u00een ultimul r\u00e2nd, \u201e<i>foarte important\u0103 este economia. \u015ei noi trebuie s\u0103 facem astfel \u00eenc\u00e2t economia Moldovei s\u0103 fie atractiv\u0103 pentru companii str\u0103ine. Asta \u00eenseamn\u0103 conexiune care s\u0103 fie u\u015foar\u0103. Asta \u00eenseamn\u0103 inclusiv o chestiune aparent banal\u0103: c\u00e2t stau tirurile \u00een vam\u0103. Asta \u00eenseamn\u0103 ceea ce Rom\u00e2nia promite de mult un fond de garantare pentru investi\u0163ii rom\u00e2ne\u015fti \u00een Republica Moldova\u201d<\/i>, mai spune \u0219eful statului rom\u00e2n.<\/p>\n<h2>Situa\u021bia electoral\u0103 din Republica Moldova<\/h2>\n<p>Ileana Racheru explic\u0103 faptul c\u0103 sunt trei forma\u021biuni politice care au \u0219anse s\u0103 treac\u0103 pragul electoral. Este vorba despre partidul Ac\u021biune \u0219i Solidaritate (PAS), Blocul Alternativa (BA) \u0219i un alt bloc, nedenumit \u00eens\u0103. La limita pragului electoral, cu aproximativ 4%, se afl\u0103 Partidul Nostru, al lui Renato Usat\u00eei, care este v\u0103zut ca o alternativ\u0103 de colaborare cu PAS la v\u00e2rful Guvernului. El are probleme cu legea \u00een Federa\u021bia Rus\u0103, \u00eens\u0103 nu a avut niciodat\u0103 op\u021biuni constante. <\/p>\n<p><i>\u201eA f\u0103cut avere \u00een condi\u021bii extrem de dubioase \u00een Federa\u021bia Rus\u0103. Momentan, nu poate s\u0103 mearg\u0103 \u00een Federa\u021bia Rus\u0103 pentru c\u0103 i-au fost deschise acolo ni\u0219te dosare penale, are o declara\u021bie de avere extrem de controversat\u0103\u201d<\/i>, mai explic\u0103 Ileana Racheru. <\/p>\n<p>Un alt personaj, care se asociaz\u0103 AUR, este Victoria Furtun\u01ce, potrivit expertei. A fost la evenimentul MEGA al\u0103turi de membrii ai forma\u021biunii \u0219i \u201e<i>a \u00eencearcat s\u0103 fie un fel de C\u0103lin Georgescu \u00een varianta feminin\u0103<\/i>\u201d, mai arat\u0103 Ileana Racheru, explic\u00e2nd c\u0103 aceasta este sub sanc\u021biunile UE acum. Ea conduce partidul Moldova Mare, care este \u00eens\u0103 tot sub pragul electoral, astfel c\u0103 \u201e<i>pare c\u0103 mai degrab\u0103 este pus\u0103 doar s\u0103 fac\u0103 foarte mult\u0103 agita\u021bie\u201d. <\/i><\/p>\n<p>Pre\u0219edinta Republicii Moldova, Maia Sandu, a convocat miercuri, 30 iulie, Consiliul Suprem de Securitate (CSS), iar \u00een urma \u0219edin\u021bei \u0219efa statului a declarat c\u0103 Kremlinul investe\u0219te \u00een proiecte politice \u0219i candida\u021bi independe\u021bi, preg\u0103tind o imixtiune f\u0103r\u0103 precedent \u00een alegerile parlamentare din Republica Moldova care vor avea loc \u00een luna septembrie.  <\/p>\n<p>Strategia Kremlinului se bazeaz\u0103 pe trei tipuri de forma\u021biuni, ,,<i>a\u0219a-zisul curent suveranist\u201d<\/i>, ,&#8221;<i>curentul populist agresiv instrumentat direct de gruparea criminal\u0103 \u0218or\u201d\u00a0<\/i>\u0219i ,,<i>proiecte politice care \u021bintesc electoratul pro-european moderat \u0219i proiecte sub steag fals\u201d<\/i>, \u00een care Moscova va investi cel pu\u021bin 100 de milioane de euro. \u00cen acest context, informa\u0163iile ar indica c\u0103 pe numele a mii de cet\u0103\u0163eni din R. Moldova sunt luate credite de microfinan\u0163are din b\u0103ncile ruse\u015fti, contractate \u00een absen\u0163a acestora.<\/p>\n<p>Autorit\u0103\u021bile au avertizat anterior c\u0103 Rusia, prin intermediul Serviciului Federal de Securitate (FSB), preg\u0103te\u0219te o interferen\u021b\u0103 masiv\u0103 la alegerile parlamentare din 28 septembrie. Potrivit unei analize a institu\u021biilor, au fost identificate 10 instrumente principale prin care Rusia ar urma s\u0103 interfereze \u00een procesul electoral din Republica Moldova. <\/p>\n<h2>Kremlin: \u201eChi\u0219in\u0103ul \u00eencalc\u0103 drepturile electorale ale unor cet\u0103\u021beni\u201d<\/h2>\n<p>\u201e<i>Rusia nu se amestec\u0103 \u00een afacerile interne ale altor \u0163\u0103ri\u201d,<\/i> a spus Dmitri Peskov, \u00eentr-o prim\u0103 reac\u021bie privind acuza\u021biile Chi\u0219in\u0103ului. De altfel, acesta este r\u0103spunsul repetat \u00een mod tradi\u021bional de Kremlin. \u00cen acela\u0219i timp, el a sus\u021binut c\u0103 se constat\u0103 o \u00eenc\u0103lcare a drepturilor electorale a unor cet\u0103\u021beni cu drept de vot \u00een R. Moldova, inclusiv de pe teritoriul Federa\u021biei Ruse.  <\/p>\n<p><i>\u201eCu p\u0103rere de r\u0103u constat\u0103m c\u0103 drepturile electorale ale multor moldoveni sunt &#8216;restr\u00e2nse&#8217; \u015fi \u00eenc\u0103lcate. \u015ei, indiferent ce ar spune cei de la Chi\u015fin\u0103u, drepturile moldovenilor care locuiesc \u00een alte \u0163\u0103ri, inclusiv pe teritoriul Federa\u0163iei Ruse, desigur, trebuie asigurate, din punctul nostru de vedere. Ceea ce nu este cazul ast\u0103zi\u201d<\/i>, a mai afirmat Peskov.<\/p>\n<\/p><\/div>\n<p><a href=\"https:\/\/adevarul.ro\/stiri-externe\/republica-moldova\/miza-alegerilor-parlamentare-din-republica-2461267.html\" class=\"button purchase\" rel=\"nofollow noopener\" target=\"_blank\">Read More<\/a><\/p>\n","protected":false},"excerpt":{"rendered":"<p>Ileana Racheru, expert \u00een spa\u021biul ex-sovietic, puncteaz\u0103 importan\u021ba progreselor Republicii Moldova privind aderarea la Uniunea European\u0103, avertiz\u00e2nd asupra imixtiunilor ruse \u00een alegerile parlamentare. Pentru realizarea [&hellip;]<\/p>\n","protected":false},"author":1,"featured_media":6310,"comment_status":"open","ping_status":"open","sticky":false,"template":"","format":"standard","meta":{"_monsterinsights_skip_tracking":false,"footnotes":""},"categories":[6],"tags":[],"class_list":["post-6309","post","type-post","status-publish","format-standard","has-post-thumbnail","hentry","category-popular"],"aioseo_notices":[],"_links":{"self":[{"href":"https:\/\/info-eforie.ro\/index.php\/wp-json\/wp\/v2\/posts\/6309","targetHints":{"allow":["GET"]}}],"collection":[{"href":"https:\/\/info-eforie.ro\/index.php\/wp-json\/wp\/v2\/posts"}],"about":[{"href":"https:\/\/info-eforie.ro\/index.php\/wp-json\/wp\/v2\/types\/post"}],"author":[{"embeddable":true,"href":"https:\/\/info-eforie.ro\/index.php\/wp-json\/wp\/v2\/users\/1"}],"replies":[{"embeddable":true,"href":"https:\/\/info-eforie.ro\/index.php\/wp-json\/wp\/v2\/comments?post=6309"}],"version-history":[{"count":0,"href":"https:\/\/info-eforie.ro\/index.php\/wp-json\/wp\/v2\/posts\/6309\/revisions"}],"wp:featuredmedia":[{"embeddable":true,"href":"https:\/\/info-eforie.ro\/index.php\/wp-json\/wp\/v2\/media\/6310"}],"wp:attachment":[{"href":"https:\/\/info-eforie.ro\/index.php\/wp-json\/wp\/v2\/media?parent=6309"}],"wp:term":[{"taxonomy":"category","embeddable":true,"href":"https:\/\/info-eforie.ro\/index.php\/wp-json\/wp\/v2\/categories?post=6309"},{"taxonomy":"post_tag","embeddable":true,"href":"https:\/\/info-eforie.ro\/index.php\/wp-json\/wp\/v2\/tags?post=6309"}],"curies":[{"name":"wp","href":"https:\/\/api.w.org\/{rel}","templated":true}]}}