{"id":6265,"date":"2025-07-31T00:09:49","date_gmt":"2025-07-31T00:09:49","guid":{"rendered":"https:\/\/info-eforie.ro\/index.php\/2025\/07\/31\/un-alt-campion-italian-reactioneaza-neasteptat-la-succesul-avut-de-sinner-declaratia-sa-arata-cele-doua-realitati-ale-sportului\/"},"modified":"2025-07-31T00:09:49","modified_gmt":"2025-07-31T00:09:49","slug":"un-alt-campion-italian-reactioneaza-neasteptat-la-succesul-avut-de-sinner-declaratia-sa-arata-cele-doua-realitati-ale-sportului","status":"publish","type":"post","link":"https:\/\/info-eforie.ro\/index.php\/2025\/07\/31\/un-alt-campion-italian-reactioneaza-neasteptat-la-succesul-avut-de-sinner-declaratia-sa-arata-cele-doua-realitati-ale-sportului\/","title":{"rendered":"Un alt campion italian reac\u021bioneaz\u0103 nea\u0219teptat la succesul avut de Sinner: declara\u021bia sa arat\u0103 cele dou\u0103 realit\u0103\u021bi ale sportului"},"content":{"rendered":"<div>\n<p><a href=\"https:\/\/www.sport.ro\/tenis\/limita-e-clara-pentru-djokovic-sinner-il-bate-in-semifinalele-roland-garros-si-wimbledon-vrea-revansa-cu-alcaraz-in-finala.html\" rel=\"noopener noreferrer\"><strong>Jannik Sinner<\/strong><\/a> (23 de ani, 1 ATP) a c\u00e2\u0219tigat patru titluri de mare \u0219lem \u0219i mai are nevoie doar de un trofeu la <a href=\"https:\/\/www.sport.ro\/tenis\/inepuizabilul-carlos-alcaraz-castiga-cea-mai-lunga-finala-din-istoria-turneului-de-la-roland-garros-durata-oficiala-a-meciului-istoric.html\" rel=\"noopener noreferrer\"><strong>Roland Garros<\/strong><\/a> &#8211; unde a avut, \u00een acest an, trei mingi de meci \u00een finala cu rivalul Alcaraz &#8211; pentru a completa \u201eMarele \u0218lem\u201d de carier\u0103. <\/p>\n<p>Un alt mare campion al Italiei, <a href=\"https:\/\/www.sport.ro\/natatie\/frustrare-americana-ce-a-scris-despre-david-popovici-o-publicatie-veche-de-optzeci-de-ani.html\" rel=\"noopener noreferrer\"><strong>\u00eenot\u0103torul<\/strong><\/a> Thomas Ceccon &#8211; de\u021bin\u0103tor de record mondial \u00een proba de 100 metri spate &#8211; a f\u0103cut o declara\u021bie care eviden\u021biaz\u0103 diferen\u021bele uria\u0219e \u00eentre sporturi.<\/p>\n<h2><strong>Premii de sute de ori mai mari \u00een tenis, \u00een raport cu \u00eenotul<\/strong><\/h2>\n<p><strong>\u201eCine c\u00e2\u0219tig\u0103 turneul de la Wimbledon ia 3,5 milioane de euro, merita\u021bi, dar nu se compar\u0103 cu o curs\u0103 de \u00eenot \u00een care, dac\u0103 te descurci bine, iei 15,000 de dolari. Suntem rechini, dar r\u0103m\u00e2nem pe\u0219ti mici,\u201d<\/strong> a declarat Thomas Ceccon, potrivit <a href=\"https:\/\/www.tennisworlditalia.com\/tennis\/news\/Interviste_Tennis\/101059\/-lui-ha-guadagnato-3-mln-e-mezzo-io-solo-15-mila-euro--ceccon-parla-di-sinner\/\" rel=\"noopener noreferrer\" target=\"_blank\">Tennis World Italia<\/a>, referindu-se la partea mic\u0103 de bani atras\u0103 de \u00eenot, din totalul de fonduri alocate sportului \u00een lume. <\/p>\n<p>\u00cen ultimele dou\u0103 edi\u021bii ale Jocurilor Olimpice, de la Tokyo \u0219i Paris, Thomas Ceccon a c\u00e2\u0219tigat dou\u0103 medalii de bronz, una de argint \u0219i una de aur.<\/p>\n<p>\u00cen capitala Fran\u021bei, Ceccon a ie\u0219it campion olimpic \u00een proba care l-a f\u0103cut faimos, 100 metri spate.<\/p>\n<\/div>\n<div>\n<h3><strong>Thomas Ceccon: \u201eSunt un mare fan al lui Sinner.\u201d<\/strong><\/h3>\n<p>Con\u0219tient de popularitatea superioar\u0103 a tenisului, \u00een raport cu \u00eenotul, Thomas Ceccon a declarat c\u0103 r\u0103m\u00e2ne un fan al juc\u0103torului italian.<\/p>\n<p>\u201eAm devenit un mare sus\u021bin\u0103tor al lui Sinner \u0219i pentru c\u0103 fiecare meci al s\u0103u e anun\u021bat din timp. Tenisul e un sport foarte urm\u0103rit de sponsori \u0219i televiziuni. <\/p>\n<p><strong>E aproape un ciclu continuu, r\u0103m\u00e2ne ore \u0219i zile \u00een \u0219ir pe micul ecran. Dac\u0103 pierzi un meci, po\u021bi s\u0103 revii s\u0103pt\u0103m\u00e2na viitoare,\u201d <\/strong>a ad\u0103ugat \u00eenot\u0103torul Ceccon, invidios pe \u0219ansa tenismenilor de a-\u0219i r\u0103zbuna e\u0219ecurile \u00een scurt timp, \u00een circuitul ATP. <\/p>\n<\/div>\n<p><a href=\"https:\/\/www.sport.ro\/tenis\/un-sportiv-italian-reactioneaza-neasteptat-la-succesul-avut-de-sinner-declaratia-sa-arata-cele-doua-realitati-ale-sportului.html\" class=\"button purchase\" rel=\"nofollow noopener\" target=\"_blank\">Read More<\/a><\/p>\n","protected":false},"excerpt":{"rendered":"<p>Jannik Sinner (23 de ani, 1 ATP) a c\u00e2\u0219tigat patru titluri de mare \u0219lem \u0219i mai are nevoie doar de un trofeu la Roland Garros [&hellip;]<\/p>\n","protected":false},"author":1,"featured_media":6266,"comment_status":"open","ping_status":"open","sticky":false,"template":"","format":"standard","meta":{"_monsterinsights_skip_tracking":false,"footnotes":""},"categories":[7],"tags":[],"class_list":["post-6265","post","type-post","status-publish","format-standard","has-post-thumbnail","hentry","category-sports"],"aioseo_notices":[],"_links":{"self":[{"href":"https:\/\/info-eforie.ro\/index.php\/wp-json\/wp\/v2\/posts\/6265","targetHints":{"allow":["GET"]}}],"collection":[{"href":"https:\/\/info-eforie.ro\/index.php\/wp-json\/wp\/v2\/posts"}],"about":[{"href":"https:\/\/info-eforie.ro\/index.php\/wp-json\/wp\/v2\/types\/post"}],"author":[{"embeddable":true,"href":"https:\/\/info-eforie.ro\/index.php\/wp-json\/wp\/v2\/users\/1"}],"replies":[{"embeddable":true,"href":"https:\/\/info-eforie.ro\/index.php\/wp-json\/wp\/v2\/comments?post=6265"}],"version-history":[{"count":0,"href":"https:\/\/info-eforie.ro\/index.php\/wp-json\/wp\/v2\/posts\/6265\/revisions"}],"wp:featuredmedia":[{"embeddable":true,"href":"https:\/\/info-eforie.ro\/index.php\/wp-json\/wp\/v2\/media\/6266"}],"wp:attachment":[{"href":"https:\/\/info-eforie.ro\/index.php\/wp-json\/wp\/v2\/media?parent=6265"}],"wp:term":[{"taxonomy":"category","embeddable":true,"href":"https:\/\/info-eforie.ro\/index.php\/wp-json\/wp\/v2\/categories?post=6265"},{"taxonomy":"post_tag","embeddable":true,"href":"https:\/\/info-eforie.ro\/index.php\/wp-json\/wp\/v2\/tags?post=6265"}],"curies":[{"name":"wp","href":"https:\/\/api.w.org\/{rel}","templated":true}]}}