{"id":6195,"date":"2025-07-25T21:08:44","date_gmt":"2025-07-25T21:08:44","guid":{"rendered":"https:\/\/info-eforie.ro\/index.php\/2025\/07\/25\/terminati-treaba-donald-trump-indeamna-israelul-sa-scape-de-hamas\/"},"modified":"2025-07-25T21:08:44","modified_gmt":"2025-07-25T21:08:44","slug":"terminati-treaba-donald-trump-indeamna-israelul-sa-scape-de-hamas","status":"publish","type":"post","link":"https:\/\/info-eforie.ro\/index.php\/2025\/07\/25\/terminati-treaba-donald-trump-indeamna-israelul-sa-scape-de-hamas\/","title":{"rendered":"\u201eTermina\u021bi treaba\u201d. Donald Trump \u00eendeamn\u0103 Israelul s\u0103 \u201escape\u201d de Hamas"},"content":{"rendered":"<div>\n<p>Dup\u0103 e\u0219ecul negocierilor pentru un armisti\u021biu \u00een Gaza \u0219i un acord privind ostaticii, pre\u0219edintele Donald Trump consider\u0103 c\u0103 prim-ministrul israelian Benjamin Netanyahu ar trebui s\u0103 intensifice r\u0103zboiul pentru a \u201esc\u0103pa\u201d de Hamas.<\/p>\n<div><picture loading=\"eager\" width=\"1400\" height=\"750\" alt=\"Donald Trump Foto: AFP\"><source type=\"image\/webp\"  media=\"(min-width: 1400px)\"><source type=\"image\/webp\"  media=\"(min-width: 1000px)\"><source type=\"image\/webp\"  media=\"(min-width: 700px)\"><source type=\"image\/jpeg\"  media=\"(min-width: 1400px)\"><source type=\"image\/jpeg\"  media=\"(min-width: 1000px)\"><source type=\"image\/jpeg\"  media=\"(min-width: 700px)\"><img fetchpriority=\"high\" decoding=\"async\" src=\"https:\/\/cdn.adh.reperio.news\/image-5\/5e86e508-67a7-41e1-85da-5962579af0fb\/index.jpeg?p=a%3D1%26co%3D1.05%26w%3D700%26h%3D750%26r%3Dcontain%26f%3Dwebp\" alt=\"Donald Trump Foto: AFP\" width=\"1400\" height=\"750\" loading=\"eager\"><\/picture>\n<p>Donald Trump Foto: AFP<\/p>\n<\/div>\n<p>Trump a f\u0103cut aceste comentarii vineri, 25 iulie, dup\u0103 o convorbire telefonic\u0103<br \/>\ncu Netanyahu.<\/p>\n<p>\u201e<i>Hamas nu a vrut cu adev\u0103rat s\u0103 fac\u0103 un acord. Cred c\u0103<br \/>\nvor s\u0103 moar\u0103 \u0219i este foarte r\u0103u. S-a ajuns la un punct \u00een care trebuie s\u0103<br \/>\ntermini treaba<\/i>\u201d, a precizat pre\u0219edintele american jurnali\u0219tilor, \u00eenainte de<br \/>\na pleca \u00eentr-o c\u0103l\u0103torie \u00een Sco\u021bia, relateaz\u0103 publica\u021bia <a href=\"https:\/\/www.axios.com\/2025\/07\/25\/trump-gaza-ceasefire-finish-job-hamas\" rel=\"nofollow\">Axios<\/a>.<\/p>\n<p>Trump a ad\u0103ugat c\u0103 israelienii \u201e<i>vor trebui s\u0103 lupte \u0219i s\u0103<br \/>\ncure\u021be situa\u021bia\u201d <\/i>\u0219i c\u0103<i>\u00a0Israelul \u201e<\/i>va trebui s\u0103 scape (de Hamas)<i>\u201d.<\/i><\/p>\n<p>El a mai spus c\u0103 \u00eentotdeauna a crezut c\u0103 Hamas nu ar vrea<br \/>\ns\u0103-i elibereze pe ostaticii r\u0103ma\u0219i, deoarece nu vrea s\u0103-\u0219i piard\u0103 \u201e<i>moneda de<br \/>\nschimb<\/i>\u201d \u0219i \u201e<i>protec\u021bia<\/i>\u201d.<\/p>\n<p>\u201e<i>Acum vor fi v\u00e2na\u021bi<\/i>\u201d, a precizat Trump despre Hamas.<\/p>\n<p>Criza din negocieri vine pe m\u0103sur\u0103 ce situa\u021bia umanitar\u0103<br \/>\ndevine din ce \u00een ce mai catastrofal\u0103, cu tot mai multe rapoarte, de la ONU \u0219i<br \/>\nalte agen\u021bii, despre palestinieni care mor de foame.<\/p>\n<p>\u00cen ultima s\u0103pt\u0103m\u00e2n\u0103, Israelul a fost de acord cu o propunere de armisti\u021biu din partea mediatorilor qatarezi \u0219i egipteni, dar Hamas a \u00eencercat s\u0103 fac\u0103 o contraofert\u0103 pe care Israelul a respins-o rapid. Aceasta a dus la o \u00eentrerupere a negocierilor indirecte de la Doha, care \u00eenregistraser\u0103 progrese considerabile, potrivit publica\u021biei citate.<\/p>\n<p><a href=\"https:\/\/adevarul.ro\/stiri-externe\/in-lume\/sua-si-israelul-se-retrag-din-negocierile-din-2460075.html\">SUA \u00ee\u0219i retrag echipa de negociatori de la discu\u021biile din Qatar <\/a>\u00een vederea unui armisti\u021biu \u00een F\u00e2\u0219ia Gaza, dup\u0103 ce trimisul special al lui Donald Trump, Steve Witkoff, a acuzat Hamas de \u201e<i>lipsa disponibilit\u0103\u021bii de a \u00eencheia un armisti\u021biu<\/i>\u201d.<\/p>\n<p><i>\u201eAm decis s\u0103 repatriem echipa noastr\u0103 de la Doha pentru consult\u0103ri dup\u0103 ultimul r\u0103spuns al Hamas, care arat\u0103 cu claritate o lips\u0103 de voin\u0163\u0103 de a ajunge la un armisti\u0163iu \u00een Gaza. De\u015fi mediatorii au f\u0103cut eforturi considerabile, Hamas nu pare s\u0103 ac\u0163ioneze \u00eentr-un mod coordonat \u015fi nici cu bun\u0103 credin\u0163\u0103\u201d<\/i>, a transmis trimisul special al SUA \u00eentr-un comunicat.<\/p>\n<p>SUA \u015fi partenerii lor \u201e<i>vor lua acum \u00een calcul alte op\u0163iuni pentru a-i readuce pe ostatici acas\u0103 \u015fi a \u00eencerca s\u0103 creeze un mediu mai stabil pentru popula\u0163ia din Gaza<\/i>\u201d, se mai arat\u0103 \u00een comunicat.<\/p>\n<p>Anun\u021bul indic\u0103 un pas \u00eenapoi \u00een eforturile diplomatice de a pune cap\u0103t asediului, distrugerii \u0219i situa\u021biei dificile pentru popula\u021bia din enclava palestinian\u0103, dup\u0103 mai bine de 21 de luni de r\u0103zboi.<\/p>\n<\/p><\/div>\n<p><a href=\"https:\/\/adevarul.ro\/stiri-externe\/in-lume\/terminati-treaba-donald-trump-indeamna-israelul-2460216.html\" class=\"button purchase\" rel=\"nofollow noopener\" target=\"_blank\">Read More<\/a><\/p>\n","protected":false},"excerpt":{"rendered":"<p>Dup\u0103 e\u0219ecul negocierilor pentru un armisti\u021biu \u00een Gaza \u0219i un acord privind ostaticii, pre\u0219edintele Donald Trump consider\u0103 c\u0103 prim-ministrul israelian Benjamin Netanyahu ar trebui s\u0103 [&hellip;]<\/p>\n","protected":false},"author":1,"featured_media":6196,"comment_status":"open","ping_status":"open","sticky":false,"template":"","format":"standard","meta":{"_monsterinsights_skip_tracking":false,"footnotes":""},"categories":[6],"tags":[],"class_list":["post-6195","post","type-post","status-publish","format-standard","has-post-thumbnail","hentry","category-popular"],"aioseo_notices":[],"_links":{"self":[{"href":"https:\/\/info-eforie.ro\/index.php\/wp-json\/wp\/v2\/posts\/6195","targetHints":{"allow":["GET"]}}],"collection":[{"href":"https:\/\/info-eforie.ro\/index.php\/wp-json\/wp\/v2\/posts"}],"about":[{"href":"https:\/\/info-eforie.ro\/index.php\/wp-json\/wp\/v2\/types\/post"}],"author":[{"embeddable":true,"href":"https:\/\/info-eforie.ro\/index.php\/wp-json\/wp\/v2\/users\/1"}],"replies":[{"embeddable":true,"href":"https:\/\/info-eforie.ro\/index.php\/wp-json\/wp\/v2\/comments?post=6195"}],"version-history":[{"count":0,"href":"https:\/\/info-eforie.ro\/index.php\/wp-json\/wp\/v2\/posts\/6195\/revisions"}],"wp:featuredmedia":[{"embeddable":true,"href":"https:\/\/info-eforie.ro\/index.php\/wp-json\/wp\/v2\/media\/6196"}],"wp:attachment":[{"href":"https:\/\/info-eforie.ro\/index.php\/wp-json\/wp\/v2\/media?parent=6195"}],"wp:term":[{"taxonomy":"category","embeddable":true,"href":"https:\/\/info-eforie.ro\/index.php\/wp-json\/wp\/v2\/categories?post=6195"},{"taxonomy":"post_tag","embeddable":true,"href":"https:\/\/info-eforie.ro\/index.php\/wp-json\/wp\/v2\/tags?post=6195"}],"curies":[{"name":"wp","href":"https:\/\/api.w.org\/{rel}","templated":true}]}}