{"id":6155,"date":"2025-07-23T19:12:03","date_gmt":"2025-07-23T19:12:03","guid":{"rendered":"https:\/\/info-eforie.ro\/index.php\/2025\/07\/23\/asezare-unica-in-lume-se-afla-in-europa-ascunsa-sub-o-stanca\/"},"modified":"2025-07-23T19:12:03","modified_gmt":"2025-07-23T19:12:03","slug":"asezare-unica-in-lume-se-afla-in-europa-ascunsa-sub-o-stanca","status":"publish","type":"post","link":"https:\/\/info-eforie.ro\/index.php\/2025\/07\/23\/asezare-unica-in-lume-se-afla-in-europa-ascunsa-sub-o-stanca\/","title":{"rendered":"A\u0219ezare unic\u0103 \u00een lume. Se afl\u0103 \u00een Europa, ascuns\u0103 sub o st\u00e2nc\u0103"},"content":{"rendered":"<div>\n<p>Setenil de las Bodegas\u00a0 este unul dintre cele mai pitore\u0219ti ora\u0219e din Spania \u0219i are un peisaj unic datorit\u0103 faptului c\u0103 este \u00eengropat sub o st\u00e2nc\u0103.<\/p>\n<div><picture loading=\"eager\" width=\"1400\" height=\"750\" alt=\"Setenil de las Bodegas, ora\u0219 din Spania FOTO: X\"><source type=\"image\/webp\"  media=\"(min-width: 1400px)\"><source type=\"image\/webp\"  media=\"(min-width: 1000px)\"><source type=\"image\/webp\"  media=\"(min-width: 700px)\"><source type=\"image\/png\"  media=\"(min-width: 1400px)\"><source type=\"image\/png\"  media=\"(min-width: 1000px)\"><source type=\"image\/png\"  media=\"(min-width: 700px)\"><img fetchpriority=\"high\" decoding=\"async\" src=\"https:\/\/cdn.adh.reperio.news\/image-7\/70d3d119-f2ae-476d-ae05-721bec4ff1a1\/index.png?p=a%3D1%26co%3D1.05%26w%3D700%26h%3D750%26r%3Dcontain%26c%3D0%252C0.363%252C1%252C0.48%26f%3Dwebp\" alt=\"Setenil de las Bodegas, ora\u0219 din Spania FOTO: X\" width=\"1400\" height=\"750\" loading=\"eager\"><\/picture>\n<p>Setenil de las Bodegas, ora\u0219 din Spania FOTO: X<\/p>\n<\/div>\n<p>\u00cen ciuda faptului c\u0103 are o popula\u021bie mic\u0103, de aproximativ 3.000 de persoane, ora\u0219ul a fost locuit \u00eenc\u0103 din preistorie, ceea ce, la fel ca \u0219i structura ora\u0219ului, nu face dec\u00e2t s\u0103 sporeasc\u0103 unicitatea ora\u0219ului Setenil de las Bodega, scrie <a href=\"https:\/\/www.express.co.uk\/travel\/articles\/1968461\/Spain-most-beautiful-village-Setenil-de-las-Bodegas-Cadiz\" rel=\"nofollow\">Express.<\/a><\/p>\n<p>Originea numelui \u201eSetenil\u201d provine din expresia latin\u0103 septem nihil (\u201e\u0219apte ori nimic\u201d), referindu-se la cele \u0219apte asedii e\u0219uate asupra cet\u0103\u021bii musulmane din timpul Reconquistei; doar la al \u0219aptelea atac a c\u0103zut \u00een m\u00e2inile cre\u0219tinilor \u00een 1484. \u201eDe las Bodegas\u201d reflect\u0103 vechiul rol al satului \u00een depozitarea vinului \u0219i produselor locale precum m\u0103slinele \u0219i migdalele.\u00a0<\/p>\n<p>Ora\u0219ul este alc\u0103tuit din arhitectur\u0103 uimitoare, \u00eempreun\u0103 cu frumoasele case albe care sunt construite \u00een spa\u021biul dintre st\u00e2nci. Setenil de las Bodegas are, de asemenea, o biseric\u0103 \u00een stil gotic-renascentist, Nuestra Senora de La Encarnacion, precum \u0219i castelul Setenil, o fort\u0103rea\u021b\u0103 antic\u0103 de origine nasrid\u0103.<\/p>\n<p>Peisajul de canion al ora\u0219ului \u00eel face perfect pentru cei care iubesc natura \u0219i le plac drume\u021biile. Ruta de los Pueblos Blancos este una care traverseaz\u0103 diferite zone din ora\u0219, astfel \u00eenc\u00e2t cei care o parcurg <a href=\"https:\/\/adevarul.ro\/stil-de-viata\/calatorii\/sarmizegetusa-regia-cetatea-adorata-de-turisti-2459396.html\">se pot bucura de \u00eemprejurimile naturale. <\/a><\/p>\n<p>Desigur, un alt lucru important \u00een vacan\u021b\u0103 este m\u00e2ncarea, ceea ce face bine de \u0219tiut c\u0103 <a href=\"https:\/\/adevarul.ro\/stil-de-viata\/calatorii\/foto-video-orasul-de-sub-stanca-cum-arata-1547112.html\">Setenil de las Bodegas este cunoscut<\/a> pentru gastronomia sa uimitoare, iar restaurantele sale incredibile din pe\u0219teri contribuie la acea experien\u021b\u0103 unic\u0103 \u00een via\u021b\u0103.<\/p>\n<\/p><\/div>\n<p><a href=\"https:\/\/adevarul.ro\/stil-de-viata\/calatorii\/asezare-unica-in-lume-se-afla-in-europa-ascunsa-2459476.html\" class=\"button purchase\" rel=\"nofollow noopener\" target=\"_blank\">Read More<\/a><\/p>\n","protected":false},"excerpt":{"rendered":"<p>Setenil de las Bodegas\u00a0 este unul dintre cele mai pitore\u0219ti ora\u0219e din Spania \u0219i are un peisaj unic datorit\u0103 faptului c\u0103 este \u00eengropat sub o [&hellip;]<\/p>\n","protected":false},"author":1,"featured_media":6156,"comment_status":"open","ping_status":"open","sticky":false,"template":"","format":"standard","meta":{"_monsterinsights_skip_tracking":false,"footnotes":""},"categories":[6],"tags":[],"class_list":["post-6155","post","type-post","status-publish","format-standard","has-post-thumbnail","hentry","category-popular"],"aioseo_notices":[],"_links":{"self":[{"href":"https:\/\/info-eforie.ro\/index.php\/wp-json\/wp\/v2\/posts\/6155","targetHints":{"allow":["GET"]}}],"collection":[{"href":"https:\/\/info-eforie.ro\/index.php\/wp-json\/wp\/v2\/posts"}],"about":[{"href":"https:\/\/info-eforie.ro\/index.php\/wp-json\/wp\/v2\/types\/post"}],"author":[{"embeddable":true,"href":"https:\/\/info-eforie.ro\/index.php\/wp-json\/wp\/v2\/users\/1"}],"replies":[{"embeddable":true,"href":"https:\/\/info-eforie.ro\/index.php\/wp-json\/wp\/v2\/comments?post=6155"}],"version-history":[{"count":0,"href":"https:\/\/info-eforie.ro\/index.php\/wp-json\/wp\/v2\/posts\/6155\/revisions"}],"wp:featuredmedia":[{"embeddable":true,"href":"https:\/\/info-eforie.ro\/index.php\/wp-json\/wp\/v2\/media\/6156"}],"wp:attachment":[{"href":"https:\/\/info-eforie.ro\/index.php\/wp-json\/wp\/v2\/media?parent=6155"}],"wp:term":[{"taxonomy":"category","embeddable":true,"href":"https:\/\/info-eforie.ro\/index.php\/wp-json\/wp\/v2\/categories?post=6155"},{"taxonomy":"post_tag","embeddable":true,"href":"https:\/\/info-eforie.ro\/index.php\/wp-json\/wp\/v2\/tags?post=6155"}],"curies":[{"name":"wp","href":"https:\/\/api.w.org\/{rel}","templated":true}]}}