{"id":6087,"date":"2025-07-20T20:11:01","date_gmt":"2025-07-20T20:11:01","guid":{"rendered":"https:\/\/info-eforie.ro\/index.php\/2025\/07\/20\/nu-a-mai-jucat-de-un-an-si-ar-putea-fi-operat-a-treia-oara-situatia-incredibila-a-jucatorului-din-superliga\/"},"modified":"2025-07-20T20:11:01","modified_gmt":"2025-07-20T20:11:01","slug":"nu-a-mai-jucat-de-un-an-si-ar-putea-fi-operat-a-treia-oara-situatia-incredibila-a-jucatorului-din-superliga","status":"publish","type":"post","link":"https:\/\/info-eforie.ro\/index.php\/2025\/07\/20\/nu-a-mai-jucat-de-un-an-si-ar-putea-fi-operat-a-treia-oara-situatia-incredibila-a-jucatorului-din-superliga\/","title":{"rendered":"Nu a mai jucat de un an \u0219i ar putea fi operat a treia oar\u0103! Situa\u021bia incredibil\u0103 a juc\u0103torului din Superliga"},"content":{"rendered":"<div>\n<h2>Situa\u021bie groaznic\u0103 pentru Valentin \u021aicu: \u201eSe va opera a treia oar\u0103\u201d<\/h2>\n<p>Valentin \u021aicu (24 de ani) a suferit o ruptur\u0103 a ligamentelor \u00eencruci\u0219ate \u00een meciul Petrolul &#8211; Rapid 1-0, care a avut loc pe 29 iulie 2024. <\/p>\n<p><a href=\"https:\/\/www.sport.ro\/liga-1\/fotbalistul-care-era-vazut-rivalul-lui-bancu-la-nationala-compatimit-imi-e-mila-de-el-a-avut-ghinion-saracul.html\" rel=\"noopener noreferrer\"><strong>De atunci, funda\u0219ul st\u00e2nga s-a operat de dou\u0103 ori la genunchi<\/strong><\/a> \u0219i ar putea s\u0103 o fac\u0103 pentru a treia oar\u0103, din cauza unor complica\u021bii ap\u0103rute.<\/p>\n<p><strong>\u201eLa noi e acea gaur\u0103 a lui \u021aicu, care nu \u0219tim c\u00e2nd va reveni.<\/strong><\/p>\n<p><strong>S\u0103racul, are un ghinion incredibil, se pare c\u0103 se va opera a treia oar\u0103. Ar fi luat un stafilococ din spital \u0219i din cauza asta\u2026\u201d<\/strong>, a spus Vivi R\u0103chit\u0103, conform <a href=\"https:\/\/www.fanatik.ro\/cel-mai-ghinionist-fotbalist-din-superliga-se-va-opera-a-treia-oara-21229596\" rel=\"noopener noreferrer\" target=\"_blank\">Fanatik.ro<\/a>.<\/p>\n<p>Funda\u0219ul lateral, care era v\u0103zut de mul\u021bi drept \u00eenlocuitorul perfect pentru Nicu\u0219or Bancu \u00een na\u021bionala Rom\u00e2niei, este cotat la 500.000 de euro.<\/p>\n<p>Valentin \u021aicu a adunat 169 de meciuri \u00een tricoul \u201elupilor galbeni\u201d, pentru care a marcat 8 goluri \u0219i a oferit 11 pase decisive.<\/p>\n<ul>\n<li><strong>Cite\u0219te \u0219i: <\/strong><a href=\"https:\/\/www.sport.ro\/liga-1\/liviu-ciobotariu-a-auzit-de-transferurile-pe-ruta-fcsb-petrolul-si-a-reactionat-neasteptat-cine-da.html\" rel=\"noopener noreferrer\"><strong>Liviu Ciobotariu a auzit de transferurile pe ruta FCSB &#8211; Petrolul \u0219i a reac\u021bionat nea\u0219teptat: \u201eCine? Da?\u201d<\/strong><\/a><\/li>\n<\/ul>\n<\/div>\n<p><a href=\"https:\/\/www.sport.ro\/liga-1\/nu-a-mai-jucat-de-un-an-si-ar-putea-fi-operat-a-treia-oara-situatia-incredibila-a-jucatorului-din-superliga.html\" class=\"button purchase\" rel=\"nofollow noopener\" target=\"_blank\">Read More<\/a><\/p>\n","protected":false},"excerpt":{"rendered":"<p>Situa\u021bie groaznic\u0103 pentru Valentin \u021aicu: \u201eSe va opera a treia oar\u0103\u201d Valentin \u021aicu (24 de ani) a suferit o ruptur\u0103 a ligamentelor \u00eencruci\u0219ate \u00een meciul [&hellip;]<\/p>\n","protected":false},"author":1,"featured_media":6088,"comment_status":"open","ping_status":"open","sticky":false,"template":"","format":"standard","meta":{"_monsterinsights_skip_tracking":false,"footnotes":""},"categories":[7],"tags":[],"class_list":["post-6087","post","type-post","status-publish","format-standard","has-post-thumbnail","hentry","category-sports"],"aioseo_notices":[],"_links":{"self":[{"href":"https:\/\/info-eforie.ro\/index.php\/wp-json\/wp\/v2\/posts\/6087","targetHints":{"allow":["GET"]}}],"collection":[{"href":"https:\/\/info-eforie.ro\/index.php\/wp-json\/wp\/v2\/posts"}],"about":[{"href":"https:\/\/info-eforie.ro\/index.php\/wp-json\/wp\/v2\/types\/post"}],"author":[{"embeddable":true,"href":"https:\/\/info-eforie.ro\/index.php\/wp-json\/wp\/v2\/users\/1"}],"replies":[{"embeddable":true,"href":"https:\/\/info-eforie.ro\/index.php\/wp-json\/wp\/v2\/comments?post=6087"}],"version-history":[{"count":0,"href":"https:\/\/info-eforie.ro\/index.php\/wp-json\/wp\/v2\/posts\/6087\/revisions"}],"wp:featuredmedia":[{"embeddable":true,"href":"https:\/\/info-eforie.ro\/index.php\/wp-json\/wp\/v2\/media\/6088"}],"wp:attachment":[{"href":"https:\/\/info-eforie.ro\/index.php\/wp-json\/wp\/v2\/media?parent=6087"}],"wp:term":[{"taxonomy":"category","embeddable":true,"href":"https:\/\/info-eforie.ro\/index.php\/wp-json\/wp\/v2\/categories?post=6087"},{"taxonomy":"post_tag","embeddable":true,"href":"https:\/\/info-eforie.ro\/index.php\/wp-json\/wp\/v2\/tags?post=6087"}],"curies":[{"name":"wp","href":"https:\/\/api.w.org\/{rel}","templated":true}]}}