{"id":6013,"date":"2025-07-17T18:14:11","date_gmt":"2025-07-17T18:14:11","guid":{"rendered":"https:\/\/info-eforie.ro\/index.php\/2025\/07\/17\/gata-se-face-transferul-lui-mihaila-in-turcia-italienii-au-anuntat-cand-semneaza\/"},"modified":"2025-07-17T18:14:11","modified_gmt":"2025-07-17T18:14:11","slug":"gata-se-face-transferul-lui-mihaila-in-turcia-italienii-au-anuntat-cand-semneaza","status":"publish","type":"post","link":"https:\/\/info-eforie.ro\/index.php\/2025\/07\/17\/gata-se-face-transferul-lui-mihaila-in-turcia-italienii-au-anuntat-cand-semneaza\/","title":{"rendered":"Gata, se face transferul lui Mih\u0103il\u0103 \u00een Turcia! Italienii au anun\u021bat c\u00e2nd semneaz\u0103"},"content":{"rendered":"<div>\n<p>Potrivit presei din Italia, transferul s\u0103u la Rizespor este iminent, urm\u00e2nd ca oficializarea mut\u0103rii s\u0103 aib\u0103 loc chiar \u00een orele urm\u0103toare!<\/p>\n<h2><strong>Italienii anun\u021b\u0103: Mih\u0103il\u0103 semneaz\u0103 joi, 17 iulie<\/strong><br \/><\/h2>\n<p>Rizespor, echip\u0103 ce a \u00eencheiat sezonul trecut pe locul 9 \u00een Superliga Turciei, a f\u0103cut o ofert\u0103 de 2 milioane de euro plus un procent dintr-un viitor transfer. Totodat\u0103, rom\u00e2nului i s-a propus un contract pe 4 ani, cu un salariu de 1,2 milioane de euro anual.<\/p>\n<p>De\u0219i se vehicula c\u0103 Mih\u0103il\u0103 ar putea r\u0103m\u00e2ne \u00een Serie A, cu oferte venite de la Cremonese \u0219i Lecce, turcii par s\u0103 fi c\u00e2\u0219tigat cursa. Potrivit Sport Parma, care citeaz\u0103 Tuttomercatoweb, <strong>\u201em\u00e2ine se face transferul lui Mih\u0103il\u0103 la Rizespor\u201d.<\/strong><\/p>\n<p>\u00cen tricoul Parmei, Mih\u0103il\u0103 a adunat 106 meciuri, a marcat 15 goluri \u0219i a oferit 12 pase decisive. Un trofeu are \u00een vitrin\u0103 Mih\u0103il\u0103 al\u0103turi de &#8222;crucia\u021bi&#8221;: titlul \u00een Serie B, sezonul 2023\/24.<\/p>\n<\/div>\n<p><a href=\"https:\/\/www.sport.ro\/stranieri\/gata-se-face-transferul-lui-mihaila-in-turcia-italienii-au-anuntat-cand-semneaza.html\" class=\"button purchase\" rel=\"nofollow noopener\" target=\"_blank\">Read More<\/a><\/p>\n","protected":false},"excerpt":{"rendered":"<p>Potrivit presei din Italia, transferul s\u0103u la Rizespor este iminent, urm\u00e2nd ca oficializarea mut\u0103rii s\u0103 aib\u0103 loc chiar \u00een orele urm\u0103toare! Italienii anun\u021b\u0103: Mih\u0103il\u0103 semneaz\u0103 [&hellip;]<\/p>\n","protected":false},"author":1,"featured_media":6014,"comment_status":"open","ping_status":"open","sticky":false,"template":"","format":"standard","meta":{"_monsterinsights_skip_tracking":false,"_monsterinsights_sitenote_active":false,"_monsterinsights_sitenote_note":"","_monsterinsights_sitenote_category":0,"footnotes":""},"categories":[7],"tags":[],"class_list":["post-6013","post","type-post","status-publish","format-standard","has-post-thumbnail","hentry","category-sports"],"aioseo_notices":[],"_links":{"self":[{"href":"https:\/\/info-eforie.ro\/index.php\/wp-json\/wp\/v2\/posts\/6013","targetHints":{"allow":["GET"]}}],"collection":[{"href":"https:\/\/info-eforie.ro\/index.php\/wp-json\/wp\/v2\/posts"}],"about":[{"href":"https:\/\/info-eforie.ro\/index.php\/wp-json\/wp\/v2\/types\/post"}],"author":[{"embeddable":true,"href":"https:\/\/info-eforie.ro\/index.php\/wp-json\/wp\/v2\/users\/1"}],"replies":[{"embeddable":true,"href":"https:\/\/info-eforie.ro\/index.php\/wp-json\/wp\/v2\/comments?post=6013"}],"version-history":[{"count":0,"href":"https:\/\/info-eforie.ro\/index.php\/wp-json\/wp\/v2\/posts\/6013\/revisions"}],"wp:featuredmedia":[{"embeddable":true,"href":"https:\/\/info-eforie.ro\/index.php\/wp-json\/wp\/v2\/media\/6014"}],"wp:attachment":[{"href":"https:\/\/info-eforie.ro\/index.php\/wp-json\/wp\/v2\/media?parent=6013"}],"wp:term":[{"taxonomy":"category","embeddable":true,"href":"https:\/\/info-eforie.ro\/index.php\/wp-json\/wp\/v2\/categories?post=6013"},{"taxonomy":"post_tag","embeddable":true,"href":"https:\/\/info-eforie.ro\/index.php\/wp-json\/wp\/v2\/tags?post=6013"}],"curies":[{"name":"wp","href":"https:\/\/api.w.org\/{rel}","templated":true}]}}