{"id":5989,"date":"2025-07-17T14:11:21","date_gmt":"2025-07-17T14:11:21","guid":{"rendered":"https:\/\/info-eforie.ro\/index.php\/2025\/07\/17\/ministrul-agriculturii-a-cerut-anaf-sa-verifice-de-ce-creste-atat-de-mult-pretul-cartofilor\/"},"modified":"2025-07-17T14:11:21","modified_gmt":"2025-07-17T14:11:21","slug":"ministrul-agriculturii-a-cerut-anaf-sa-verifice-de-ce-creste-atat-de-mult-pretul-cartofilor","status":"publish","type":"post","link":"https:\/\/info-eforie.ro\/index.php\/2025\/07\/17\/ministrul-agriculturii-a-cerut-anaf-sa-verifice-de-ce-creste-atat-de-mult-pretul-cartofilor\/","title":{"rendered":"Ministrul Agriculturii a cerut ANAF s\u0103 verifice de ce cre\u0219te at\u00e2t de mult pre\u021bul cartofilor"},"content":{"rendered":"<div>\n<p>Ministrul Agriculturii, Florin Barbu, a declarat joi, la Lungule\u021bu, c\u0103 a cerut ANAF s\u0103 verifice de ce cartofii ies pe poarta fermei cu 0,5 lei\/kg \u0219i se v\u00e2nd \u00een magazine cu 2 lei, 2 lei \u0219i ceva, \u00een condi\u021biile \u00een care adaosul comercial este \u00een continuare plafonat.<\/p>\n<div><picture loading=\"eager\" width=\"1400\" height=\"750\" alt=\"Cartofi abia sco\u0219i din p\u0103m\u00e2nt\"><source type=\"image\/webp\"  media=\"(min-width: 1400px)\"><source type=\"image\/webp\"  media=\"(min-width: 1000px)\"><source type=\"image\/webp\"  media=\"(min-width: 700px)\"><source type=\"image\/jpeg\"  media=\"(min-width: 1400px)\"><source type=\"image\/jpeg\"  media=\"(min-width: 1000px)\"><source type=\"image\/jpeg\"  media=\"(min-width: 700px)\"><img fetchpriority=\"high\" decoding=\"async\" src=\"https:\/\/cdn.adh.reperio.news\/image-a\/a2728695-a0d8-4c6c-b3e0-957370beeb58\/index.jpeg?p=a%3D1%26co%3D1.05%26w%3D700%26h%3D750%26r%3Dcontain%26f%3Dwebp\" alt=\"Cartofi abia sco\u0219i din p\u0103m\u00e2nt\" width=\"1400\" height=\"750\" loading=\"eager\"><\/picture>\n<p>Cartofii ies pe poarta fermei cu 0,5 lei\/kg \u0219i ajung \u00een supermarketuri cu 2 lei \u0219i ceva<\/p>\n<\/div>\n<p><i>\u201eAm vorbit cu ANAF \u0219i va face verific\u0103ri, pentru c\u0103 nu e normal ca un kilogram de cartofi care pleac\u0103 de aici cu 0,5 lei, \u0219i <\/i><a href=\"https:\/\/adevarul.ro\/economie\/plafonarea-adaosului-comercial-la-alimente-a-2443034.html\" target=\"_blank\">avem plafonarea adaosului comercial,<\/a><i> s\u0103 ajung\u0103 \u00een magazine cu 2 lei, 2 lei \u0219i ceva\u201d<\/i>, le-a spus ministrul Florin Barbu fermierilor.<\/p>\n<p>Oficialul le-a mai spus fermierilor c\u0103 legumele sunt subven\u021bionate cu 1.600 euro\/ha de la CE. <\/p>\n<p><i>\u201eDac\u0103 tu ai<br \/>\ndovedit c\u0103 ai pus s\u0103m\u00e2n\u021b\u0103 certificat\u0103 prime\u0219ti banii, dac\u0103<br \/>\nnu\u2026 Face\u021bi declara\u021biile<br \/>\ncum trebuie. Vor veni de la APIA \u0219i v\u0103 vor \u00eenv\u0103\u021ba cum trebuie s\u0103<br \/>\nface\u021bi documentele.\u00a0 \u00cen Lungule\u021bul, pe programul MADR, va<br \/>\nfi un centru de colectare care va fi gestionat de cooperative. Sunt<br \/>\ncooperative \u00een Lungule\u021bu care livreaz\u0103 \u00een retaile-ul din Rom\u00e2nia.<br \/>\nAvem \u00een magazine cartofi din Lungule\u021bu\u201d<\/i>, a afirmat ministrul (video).<\/p>\n<p>M\u0103sura de limitare a adaosului comercial la produse alimentare de baz\u0103, a fost prelungit\u0103 p\u00e2n\u0103 la 30 septembrie, aceasta cuprinz\u00e2nd \u0219i aripile de pui, dar \u0219i fasolea uscat\u0103, dup\u0103 cum a informat Ministerul Agriculturii.<\/p>\n<p>Produsele alimentare pentru care se prelunge\u015fte plafonarea adaosului comercial cuprinse \u00een OUG 67\/2023 sunt urm\u0103toarele: p\u00e2ine alb\u0103 simpl\u0103 cu gramaj cuprins \u00eentre 300 &#8211; 500 grame, f\u0103r\u0103 specialit\u0103\u0163i; lapte de vac\u0103 de consum 1 l, gr\u0103sime 1,5%, cu excep\u0163ia UHT; br\u00e2nz\u0103 telemea de vac\u0103 vrac; iaurt simplu din lapte de vac\u0103, 3,5% gr\u0103sime, cu gramaj maxim 200 grame; f\u0103in\u0103 alb\u0103 de gr\u00e2u &#8222;000&#8221; p\u00e2n\u0103 la 1 kg; m\u0103lai p\u00e2n\u0103 la 1 kg; ou\u0103 de g\u0103in\u0103 calibrul M; ulei de floarea-soarelui p\u00e2n\u0103 la 2 l; carne proasp\u0103t\u0103 pui (pui \u00eentreg, tac\u00e2muri de pui, pulpe pui \u00eentregi cu os \u015fi aripi de pui, varianta standard); carne proasp\u0103t\u0103 porc (carne porc lucru, pulp\u0103 porc cu os \u015fi f\u0103r\u0103 os, spat\u0103 de porc); legume (ro\u015fii, ceap\u0103, castrave\u0163i, fasole uscat\u0103, morcovi, ardei gras Bianca \u015fi ardei capia, usturoi); fructe (mere ro\u015fii \u015fi mere golden, prune, pere, struguri de mas\u0103); cartofi proaspe\u0163i albi vrac; zah\u0103r alb tos p\u00e2n\u0103 la 1 kg; sm\u00e2nt\u00e2n\u0103 &#8211; 12% gr\u0103sime; unt p\u00e2n\u0103 la 250 grame; magiun p\u00e2n\u0103 la 350 grame.<\/p>\n<p>Plafonarea adaosului comercial la alimentele de baz\u0103, o m\u0103sur\u0103 luat\u0103 \u00een august 2023 pentru combaterea cre\u015fterii excesive a pre\u0163urilor \u015fi care viza 14 grupe de produse alimentare, a fost continuat\u0103 \u015fi \u00een 2024, \u00eens\u0103 lista a fost extins\u0103. Executivul a decis, la sf\u00e2r\u015fitul anului trecut, prelungirea m\u0103surii p\u00e2n\u0103 la 30 iunie 2025, iar <a href=\"https:\/\/adevarul.ro\/economie\/lista-alimentelor-pentru-care-se-plafoneaza-2454314.html\" target=\"_blank\">recent p\u00e2n\u0103 la 30 septembrie 2025.<\/a><\/p>\n<\/p><\/div>\n<p><a href=\"https:\/\/adevarul.ro\/economie\/ministrul-agriculturii-a-cerut-anaf-sa-verifice-de-2458277.html\" class=\"button purchase\" rel=\"nofollow noopener\" target=\"_blank\">Read More<\/a><\/p>\n","protected":false},"excerpt":{"rendered":"<p>Ministrul Agriculturii, Florin Barbu, a declarat joi, la Lungule\u021bu, c\u0103 a cerut ANAF s\u0103 verifice de ce cartofii ies pe poarta fermei cu 0,5 lei\/kg [&hellip;]<\/p>\n","protected":false},"author":1,"featured_media":5990,"comment_status":"open","ping_status":"open","sticky":false,"template":"","format":"standard","meta":{"_monsterinsights_skip_tracking":false,"_monsterinsights_sitenote_active":false,"_monsterinsights_sitenote_note":"","_monsterinsights_sitenote_category":0,"footnotes":""},"categories":[6],"tags":[],"class_list":["post-5989","post","type-post","status-publish","format-standard","has-post-thumbnail","hentry","category-popular"],"aioseo_notices":[],"_links":{"self":[{"href":"https:\/\/info-eforie.ro\/index.php\/wp-json\/wp\/v2\/posts\/5989","targetHints":{"allow":["GET"]}}],"collection":[{"href":"https:\/\/info-eforie.ro\/index.php\/wp-json\/wp\/v2\/posts"}],"about":[{"href":"https:\/\/info-eforie.ro\/index.php\/wp-json\/wp\/v2\/types\/post"}],"author":[{"embeddable":true,"href":"https:\/\/info-eforie.ro\/index.php\/wp-json\/wp\/v2\/users\/1"}],"replies":[{"embeddable":true,"href":"https:\/\/info-eforie.ro\/index.php\/wp-json\/wp\/v2\/comments?post=5989"}],"version-history":[{"count":0,"href":"https:\/\/info-eforie.ro\/index.php\/wp-json\/wp\/v2\/posts\/5989\/revisions"}],"wp:featuredmedia":[{"embeddable":true,"href":"https:\/\/info-eforie.ro\/index.php\/wp-json\/wp\/v2\/media\/5990"}],"wp:attachment":[{"href":"https:\/\/info-eforie.ro\/index.php\/wp-json\/wp\/v2\/media?parent=5989"}],"wp:term":[{"taxonomy":"category","embeddable":true,"href":"https:\/\/info-eforie.ro\/index.php\/wp-json\/wp\/v2\/categories?post=5989"},{"taxonomy":"post_tag","embeddable":true,"href":"https:\/\/info-eforie.ro\/index.php\/wp-json\/wp\/v2\/tags?post=5989"}],"curies":[{"name":"wp","href":"https:\/\/api.w.org\/{rel}","templated":true}]}}