{"id":5920,"date":"2025-07-14T13:06:26","date_gmt":"2025-07-14T13:06:26","guid":{"rendered":"https:\/\/info-eforie.ro\/index.php\/2025\/07\/14\/visul-ruxandrei-admisa-cu-cea-mai-mare-medie-la-academia-fortelor-aeriene-vreau-sa-dau-meditatii-copiilor-bolnavi\/"},"modified":"2025-07-14T13:06:26","modified_gmt":"2025-07-14T13:06:26","slug":"visul-ruxandrei-admisa-cu-cea-mai-mare-medie-la-academia-fortelor-aeriene-vreau-sa-dau-meditatii-copiilor-bolnavi","status":"publish","type":"post","link":"https:\/\/info-eforie.ro\/index.php\/2025\/07\/14\/visul-ruxandrei-admisa-cu-cea-mai-mare-medie-la-academia-fortelor-aeriene-vreau-sa-dau-meditatii-copiilor-bolnavi\/","title":{"rendered":"Visul Ruxandrei, admis\u0103 cu cea mai mare medie la Academia For\u021belor Aeriene. \u201eVreau s\u0103 dau medita\u021bii copiilor bolnavi\u201d"},"content":{"rendered":"<div>\n<p>O absolvent\u0103 de la Colegiul Militar \u201eTudor Vladimirescu\u201d Craiova \u0219i-a \u00eemplinit dorin\u021ba de a fi admis\u0103 cu cea mai mare medie la Academia For\u021belor Aeriene, iar la scurt timp de la aflarea rezultatului a pornit \u00een tab\u0103ra pentru copii diagnostica\u021bi cu cancer. Tot pentru ei vrea s\u0103 fac\u0103 \u0219i mai mult pe viitor.<\/p>\n<div><picture loading=\"eager\" width=\"1400\" height=\"750\" alt=\"Ruxandra Gogo\u021b, admis\u0103 la Academia For\u021belor Aeriene FOTO: Ruxandra Gogo\u021b\"><source type=\"image\/webp\"  media=\"(min-width: 1400px)\"><source type=\"image\/webp\"  media=\"(min-width: 1000px)\"><source type=\"image\/webp\"  media=\"(min-width: 700px)\"><source type=\"image\/jpeg\"  media=\"(min-width: 1400px)\"><source type=\"image\/jpeg\"  media=\"(min-width: 1000px)\"><source type=\"image\/jpeg\"  media=\"(min-width: 700px)\"><img fetchpriority=\"high\" decoding=\"async\" src=\"https:\/\/cdn.adh.reperio.news\/image-b\/b4d13210-bb54-4ca2-abd8-f28aed34ed9e\/index.jpeg?p=a%3D1%26co%3D1.05%26w%3D700%26h%3D750%26r%3Dcontain%26f%3Dwebp\" alt=\"Ruxandra Gogo\u021b, admis\u0103 la Academia For\u021belor Aeriene FOTO: Ruxandra Gogo\u021b\" width=\"1400\" height=\"750\" loading=\"eager\"><\/picture>\n<p>Ruxandra Gogo\u021b, admis\u0103 la Academia For\u021belor Aeriene FOTO: Ruxandra Gogo\u021b<\/p>\n<\/div>\n<p><a href=\"https:\/\/adevarul.ro\/stiri-locale\/slatina\/povestea-impresionanta-a-ruxandrei-adolescenta-in-2398793.html\">Ruxandra Gogo\u021b<\/a> a absolvit \u00een aceast\u0103 var\u0103 Colegiul Militar \u201eTudor Vladimirescu\u201d din Craiova.  A urmat Bacalaureatul, alte emo\u021bii \u0219i pentru asta, iar dup\u0103 \u201eexamenul maturit\u0103\u021bii\u201d, admiterea la Academia For\u021belor Aeriene \u201eHenri Coand\u0103\u201d din Bra\u0219ov. Cea mai mare dorin\u021b\u0103 a fost s\u0103 fie prima admis\u0103 la academie, iar anii de efort au condus-o c\u0103tre asta. Sunt, \u00een fapt, dou\u0103 medii egale, a ei \u0219i a unui alt coleg de liceu, \u00een total patru \u201evladimire\u0219ti\u201d ocup\u00e2nd primele locuri \u00een ierarhie la admiterea la academia din Bra\u0219ov, spune t\u00e2n\u0103ra.<\/p>\n<p>S-a bucurat de succes c\u00e2teva ore, ulterior pornind spre \u201eTab\u0103ra Bucuriei\u201d, locul c\u0103ruia i-a dedicat de-a lungul ultimilor ani, sub diverse forme, timp, interes \u0219i resurse.  <\/p>\n<p>\u201e<i>Este o tab\u0103r\u0103 pentru copii cu probleme oncologice. Se organizeaz\u0103 \u00een fiecare an, sunt diferite serii, au de asemenea \u0219i tab\u0103r\u0103 de weekend \u00een care p\u0103rin\u021bii vin al\u0103turi de copii. Dar aceasta este o tab\u0103r\u0103 cu copii mai m\u0103ricei, adic\u0103 de la 10 ani \u00een sus, \u0219i atunci au considerat c\u0103 nu mai este nevoie de p\u0103rin\u021bi \u0219i am venit voluntar de la colegiul militar, o s\u0103 st\u0103m 4 zile cu copiii\u201d,<\/i> a explicat Ruxandra. <\/p>\n<p>Leg\u0103tura ei cu copiii diagnostica\u021bi cu boli oncologice este mai veche. A \u00eenceput, \u00eenc\u0103 din liceu, s\u0103 fac\u0103 voluntariat \u00een sec\u021bia de Pediatrie a spitalului din Craiova, juc\u00e2ndu-se cu copiii care petrec s\u0103pt\u0103m\u00e2ni \u0219i chiar luni \u00een spital. I s-au al\u0103turat \u0219i al\u021bi colegi, iar c\u00e2nd \u0219i-au dat seama c\u0103 pot face \u0219i mai mult, au organizat diverse evenimente \u2013 t\u00e2rguri caritabile, voluntariat la maratoane etc. &#8211; \u00een sprijinul familiilor cu copii greu \u00eencerca\u021bi sau pentru a-i sprijini pe oamenii care la r\u00e2ndul lor fac bine. <\/p>\n<h2>\u201e\u00cemi aduc aminte cum a fost cu fratele meu\u201d<\/h2>\n<p>Familia Ruxandrei a purtat, cu mai mul\u021bi ani \u00een urm\u0103, o lupt\u0103 similar\u0103 celei pe care ast\u0103zi o duc alte familii asupra c\u0103rora un astfel de diagnostic cade ca un tr\u0103snet. Fratele Ruxandrei s-a vindecat, \u00eens\u0103 p\u0103rin\u021bii n-au putut uita niciodat\u0103 toat\u0103 acea perioad\u0103 zbuciumat\u0103 \u0219i \u0219i-au \u00eenv\u0103\u021bat copiii s\u0103 fac\u0103 \u00een jurul lor bine, c\u00e2t le st\u0103 \u00een putere. Familia Gogo\u021b <a href=\"https:\/\/adevarul.ro\/stiri-locale\/slatina\/rasaduri-de-legume-oferite-gratuit-familiilor-cu-2350430.html\">produce ast\u0103zi<\/a> legume sigure pentru consum \u00een ferma de la Gr\u0103dinari, din jude\u021bul Olt, iar rodul muncii lor ajunge anual la zeci de familii care au nevoie de hran\u0103 s\u0103n\u0103toas\u0103 pentru copii. A\u0219a au ajuns \u0219i la sec\u021bia de Onco-pediatrie din Craiova, iar de acolo acas\u0103 la copiii bolnavi, cu sau f\u0103r\u0103 ocazii speciale, dar \u00eenc\u0103rca\u021bi de daruri. <\/p>\n<p>Acum visul Ruxandrei este s\u0103-i ajute \u0219i pe copiii mai mari, care au nevoie s\u0103 nu uite de copil\u0103rie, dar au nevoie \u0219i de sprijin s\u0103 poat\u0103 s\u0103-\u0219i duc\u0103 visurile mai departe \u0219i s\u0103 nu-\u0219i piard\u0103 \u00eencrederea \u0219i interesul pentru \u0219coal\u0103. <\/p>\n<div><picture loading=\"lazy\" width=\"1400\" height=\"750\" alt=\"Ruxandra Gogo\u021b, admis\u0103 la Academia For\u021belor Aeriene FOTO: Ruxandra Gogo\u021b\"><source type=\"image\/webp\"  media=\"(min-width: 1400px)\"><source type=\"image\/webp\"  media=\"(min-width: 1000px)\"><source type=\"image\/webp\"  media=\"(min-width: 700px)\"><source type=\"image\/jpeg\"  media=\"(min-width: 1400px)\"><source type=\"image\/jpeg\"  media=\"(min-width: 1000px)\"><source type=\"image\/jpeg\"  media=\"(min-width: 700px)\"><img decoding=\"async\" src=\"https:\/\/cdn.adh.reperio.news\/image-0\/0662ef33-5e05-4891-9332-2a3205a2d942\/index.jpeg?p=a%3D1%26co%3D1.05%26w%3D700%26h%3D750%26r%3Dcontain%26f%3Dwebp\" alt=\"Ruxandra Gogo\u021b, admis\u0103 la Academia For\u021belor Aeriene FOTO: Ruxandra Gogo\u021b\" width=\"1400\" height=\"750\" loading=\"lazy\"><\/picture>\n<p>Ruxandra Gogo\u021b, admis\u0103 la Academia For\u021belor Aeriene FOTO: Ruxandra Gogo\u021b<\/p>\n<\/div>\n<p>\u201e<i>A\u0219 vrea s\u0103 dau medita\u021bii copiilor care se afl\u0103 \u00eentr-o situa\u021bie delicat\u0103 \u0219i au nevoie de preg\u0103tire pentru anumite examene, BAC sau Evaluarea Na\u021bional\u0103. Mi-a\u0219 dori s\u0103 fac asta pentru c\u0103 mi-aduc aminte cum a fost cu fratele meu. Era un copil foarte inteligent \u0219i este \u0219i ast\u0103zi. Doar c\u0103 dup\u0103 ce a pierdut un an cu tratamentele \u0219i cu mersul pe la spital \u0219i a\u0219a mai departe, totul s-a pierdut. Pur \u0219i simplu s-a pierdut firul. \u0218i atunci, c\u00e2nd a fost pus \u00een fa\u021ba faptului \u00eemplinit, c\u00e2nd a trebuit s\u0103 dea examenul de Bacalaureat, mama nu \u0219tia \u00eencontro s-o mai apuce. Era con\u0219tient\u0103 c\u0103 nu o s\u0103-l ia. \u0218i atunci a apela la \u201eN\u201d profesori ca s\u0103 lucreze cu el \u0219i to\u021bi l-au refuzat, pentru c\u0103 \u00eel considerau ca fiind un copil slab. \u0218i nici un profesor nu-\u0219i asum\u0103 responsabilitatea s\u0103 ia un copil slab, \u00ee\u0219i doresc un copil care s\u0103 aib\u0103 o baz\u0103, cu care s\u0103 nu munceasc\u0103 mult. Fratele meu e la facultate acum. A reu\u0219it. \u00centr-un final a g\u0103sit un domn profesor care a vrut s\u0103 lucreze cu el, un profesor cu care am lucrat \u0219i eu ulterior \u0219i m-a ajutat \u0219i pe mine extraordinar de mult. Dar tocmai de asta am v\u0103zut c\u00e2t de important este s\u0103 ai pe cineva al\u0103turi atunci c\u00e2nd e\u0219ti la nevoie\u201d, <\/i>explic\u0103 t\u00e2n\u0103ra cum s-a decis s\u0103 \u00eentind\u0103 \u0219i sub alt\u0103 form\u0103 o m\u00e2n\u0103 de ajutor. <\/p>\n<p>\u00cenc\u0103 nu \u0219tie cum se va organiza pentru asta, cel mai probabil online, dar va avea grij\u0103 s\u0103 dea de veste c\u0103 este disponibil\u0103 s\u0103 ajute.<\/p>\n<h2>\u201eA\u0219 face din nou liceul militar\u201d<\/h2>\n<p>Vorbim \u00een cele din urm\u0103 \u0219i despre ales de ea. A urmat Colegiul Militar \u201eTudor Vladimirescu\u201d, spune, pentru c\u0103 cineva (mama) a \u0219tiut s\u0103-i spun\u0103 c\u0103 exist\u0103, pentru c\u0103 mul\u021bi adolescen\u021bi poate ar urma acela\u0219i drum dac\u0103 ar \u0219ti de el. O zi de \u0219coal\u0103 \u00een liceul militar nu seam\u0103n\u0103 nici pe departe cu cea dintr-un liceu obi\u0219nuit, \u00eens\u0103, adaug\u0103 Ruxandra, \u201e<i>a\u0219 face din nou liceul militar dac\u0103 a\u0219 fi pus\u0103 s\u0103 aleg\u201d.<\/i><\/p>\n<p>Pentru Academie \u0219i-a dorit ini\u021bial s\u0103 devin\u0103 pilot. Ulterior, dup\u0103 sus\u021binerea anumitor teste specifice, a optat pentru control trafic aerian \u0219i crede c\u0103 i se potrive\u0219te chiar mai bine.  \u0218i ea \u0219i colegii ei s-au preg\u0103tit pentru acest moment \u00een to\u021bi cei patru ani de \u0219coal\u0103, astfel c\u0103 admiterea nu li s-a mai p\u0103rut extrem de dificil\u0103. \u201e<i>V\u0103 da\u021bi seama, noi ne preg\u0103tisem pentru cel mai ur\u00e2t scenariu, pentru cele mai dificile subiecte. \u0218i a fost dificil, dar nu pe c\u00e2t ne a\u0219teptam. Am dat testul de verificare a cuno\u0219tin\u021belor, care a  fost din Fizic\u0103, Matematic\u0103 \u0219i Informatic\u0103, cel mai mult cont\u00e2nd Matematica. La departajare a contat \u0219i media de la BAC \u0219i media anilor de liceu, pentru c\u0103 la acest test au fost foarte multe note identice\u201d,<\/i> a explicat t\u00e2n\u0103ra. <\/p>\n<p>P\u00e2n\u0103 la testarea final\u0103, tinerii au trecut \u00eens\u0103 prin testarea psihologic\u0103 \u0219i tot felul de alte teste, zile la r\u00e2nd. \u0218i-a propus s\u0103 ajung\u0103 la Academia For\u021belor Aeriene \u00eenc\u0103 din clasa a IX-a. Al\u021bi colegi, mai spune Ruxandra, au ales pe parcurs, sus\u021bin\u00e2nd testele la INEMAS (Institutul na\u021bional de medicin\u0103 aeronautic\u0103 \u0219i spa\u021bial\u0103) \u0219i d\u00e2ndu-\u0219i seama c\u0103 sunt potrivi\u021bi pentru asta.  <\/p>\n<\/p><\/div>\n<p><a href=\"https:\/\/adevarul.ro\/stiri-locale\/slatina\/visul-ruxandrei-admisa-cu-cea-mai-mare-medie-la-2457273.html\" class=\"button purchase\" rel=\"nofollow noopener\" target=\"_blank\">Read More<\/a><\/p>\n","protected":false},"excerpt":{"rendered":"<p>O absolvent\u0103 de la Colegiul Militar \u201eTudor Vladimirescu\u201d Craiova \u0219i-a \u00eemplinit dorin\u021ba de a fi admis\u0103 cu cea mai mare medie la Academia For\u021belor Aeriene, [&hellip;]<\/p>\n","protected":false},"author":1,"featured_media":5921,"comment_status":"open","ping_status":"open","sticky":false,"template":"","format":"standard","meta":{"_monsterinsights_skip_tracking":false,"_monsterinsights_sitenote_active":false,"_monsterinsights_sitenote_note":"","_monsterinsights_sitenote_category":0,"footnotes":""},"categories":[6],"tags":[],"class_list":["post-5920","post","type-post","status-publish","format-standard","has-post-thumbnail","hentry","category-popular"],"aioseo_notices":[],"_links":{"self":[{"href":"https:\/\/info-eforie.ro\/index.php\/wp-json\/wp\/v2\/posts\/5920","targetHints":{"allow":["GET"]}}],"collection":[{"href":"https:\/\/info-eforie.ro\/index.php\/wp-json\/wp\/v2\/posts"}],"about":[{"href":"https:\/\/info-eforie.ro\/index.php\/wp-json\/wp\/v2\/types\/post"}],"author":[{"embeddable":true,"href":"https:\/\/info-eforie.ro\/index.php\/wp-json\/wp\/v2\/users\/1"}],"replies":[{"embeddable":true,"href":"https:\/\/info-eforie.ro\/index.php\/wp-json\/wp\/v2\/comments?post=5920"}],"version-history":[{"count":0,"href":"https:\/\/info-eforie.ro\/index.php\/wp-json\/wp\/v2\/posts\/5920\/revisions"}],"wp:featuredmedia":[{"embeddable":true,"href":"https:\/\/info-eforie.ro\/index.php\/wp-json\/wp\/v2\/media\/5921"}],"wp:attachment":[{"href":"https:\/\/info-eforie.ro\/index.php\/wp-json\/wp\/v2\/media?parent=5920"}],"wp:term":[{"taxonomy":"category","embeddable":true,"href":"https:\/\/info-eforie.ro\/index.php\/wp-json\/wp\/v2\/categories?post=5920"},{"taxonomy":"post_tag","embeddable":true,"href":"https:\/\/info-eforie.ro\/index.php\/wp-json\/wp\/v2\/tags?post=5920"}],"curies":[{"name":"wp","href":"https:\/\/api.w.org\/{rel}","templated":true}]}}