{"id":5882,"date":"2025-07-13T12:22:39","date_gmt":"2025-07-13T12:22:39","guid":{"rendered":"https:\/\/info-eforie.ro\/index.php\/2025\/07\/13\/reforma-pensiilor-speciale-anastasiu-pensionarea-la-50-de-ani-nu-e-un-lucru-normal-trebuie-corectat\/"},"modified":"2025-07-13T12:22:39","modified_gmt":"2025-07-13T12:22:39","slug":"reforma-pensiilor-speciale-anastasiu-pensionarea-la-50-de-ani-nu-e-un-lucru-normal-trebuie-corectat","status":"publish","type":"post","link":"https:\/\/info-eforie.ro\/index.php\/2025\/07\/13\/reforma-pensiilor-speciale-anastasiu-pensionarea-la-50-de-ani-nu-e-un-lucru-normal-trebuie-corectat\/","title":{"rendered":"Reforma pensiilor speciale. Anastasiu: \u201ePensionarea la 50 de ani nu e un lucru normal. Trebuie corectat\u201d"},"content":{"rendered":"<div>\n<p>Guvernul<br \/>\nBolojan \u00eencearc\u0103 s\u0103 g\u0103seasc\u0103 solu\u021bii pentru reforma pensiilor speciale, inclusiv pentru cele ale magistra\u021bilor, a dat asigur\u0103ri vicepremierul Drago\u0219<br \/>\nAnastasiu. \u201ePensionatul la 50 de ani nu e normal. Eu \u00een\u021beleg perfect<br \/>\nfuria, o am \u0219i eu\u201d, a spus vicepremierul.<\/p>\n<div><picture loading=\"eager\" width=\"1400\" height=\"750\" alt=\"Vicepremierul Drago\u0219 Anastasiu FOTO Facebook \"><source type=\"image\/webp\"  media=\"(min-width: 1400px)\"><source type=\"image\/webp\"  media=\"(min-width: 1000px)\"><source type=\"image\/webp\"  media=\"(min-width: 700px)\"><source type=\"image\/jpeg\"  media=\"(min-width: 1400px)\"><source type=\"image\/jpeg\"  media=\"(min-width: 1000px)\"><source type=\"image\/jpeg\"  media=\"(min-width: 700px)\"><img fetchpriority=\"high\" decoding=\"async\" src=\"https:\/\/cdn.adh.reperio.news\/image-6\/6bed897a-c663-4f2f-b668-859ce717d4c0\/index.jpeg?p=a%3D1%26co%3D1.05%26w%3D700%26h%3D750%26r%3Dcontain%26f%3Dwebp\" alt=\"Vicepremierul Drago\u0219 Anastasiu FOTO Facebook \" width=\"1400\" height=\"750\" loading=\"eager\"><\/picture>\n<p>Vicepremierul Drago\u0219 Anastasiu FOTO Facebook <\/p>\n<\/div>\n<p>Vicepremierul<br \/>\nDrago\u0219 Anastasiu a declarat la <a href=\"https:\/\/www.antena3.ro\/politica\/vicepremierul-anastasiu-pensionatul-la-50-de-ani-nu-e-normal-eu-inteleg-perfect-furia-o-am-si-eu-vom-gasi-solutii-752489.html\" rel=\"nofollow\">Antena 3 <\/a>c\u0103 proiectul de lege este \u00een lucru la Guvern \u0219i va<br \/>\nfi finalizat p\u00e2n\u0103 la sf\u00e2r\u0219itul acestei luni. <\/p>\n<p><i>\u201eE<br \/>\nvorba de faptul c\u0103 noi trebuie s\u0103 schimb\u0103m legile \u00een a\u0219a fel \u00eenc\u00e2t a\u0219a ceva s\u0103<br \/>\nnu se mai poat\u0103 \u00eent\u00e2mpla pe viitor. Vedem c\u0103 a fost problem\u0103 \u0219i la pensiile<br \/>\nspeciale, una e ce po\u021bi s\u0103 faci de azi. Nu<br \/>\nsuntem \u00een dictatur\u0103 s\u0103 spunem gata, de m\u00e2ine face\u021bi cum vreau eu. Trebuie s\u0103<br \/>\nrespect\u0103m ni\u0219te legi. Apropo pensionatul<br \/>\nla 50 de ani nu cred c\u0103 e un lucru normal care trebuie s\u0103 se \u00eent\u00e2mple \u00eentr-o<br \/>\nsocietate. Trebuie corectat\u201d,<\/i> a spus Drago\u0219 Anastasiu.\u00a0<\/p>\n<p>El a ad\u0103ugat c\u0103 \u00een\u021belege \u201e<i>furia\u201d<\/i> pensionarilor, ale c\u0103ror pensii vor fi taxate cu 10% pentru CASS.\u00a0<i>\u201eEu \u00een\u021beleg perfect furia, o am \u0219i eu. Pensiile speciale reprezint\u0103 o<br \/>\nparte din acest pachet, al doilea \u0219i schimbarea de legisla\u021bie va veni p\u00e2n\u0103 la<br \/>\nsf\u00e2r\u0219itul acestei luni. Urmeaz\u0103 \u00eenc\u0103 un pachet peste \u00eenc\u0103 o lun\u0103. Au mai fost vreo dou\u0103 \u00eencerc\u0103ri care au e\u0219uat trebuie<br \/>\ns\u0103 g\u0103sim solu\u021bia ,s\u0103 nu e\u0219u\u0103m \u0219i a treia oar\u0103\u201d, a<\/i><br \/>\nspus vicepremierul Anastasiu.<\/p>\n<p>Zilele trecute, ministrul Muncii, Florin Manole, a anun\u021bat c\u0103 este \u00een preg\u0103tire un <a href=\"https:\/\/adevarul.ro\/politica\/reforma-pensiilor-speciale-varsta-de-pensionare-2456916.html\">proiect de lege privind pensiile speciale<\/a>, care va include cre\u0219terea v\u00e2rstei de pensionare.<\/p>\n<p><i>\u201eVom avea o cre\u0219tere a v\u00e2rstei de pensionare. Vom face un nou proiect de lege, care va trece prin Parlament. Vrem s\u0103 ducem v\u00e2rsta p\u00e2n\u0103 la 65 de ani. Este o egalizare. Ceea ce \u00een trecut reprezenta o \u021bint\u0103 gradual\u0103 \u2013 adic\u0103 v\u00e2rsta de pensionare cre\u0219tea treptat \u2013 vrem acum s\u0103 stabilim clar\u201d,\u00a0<\/i>a declarat ministrul Muncii, Florin Manole.<\/p>\n<\/p><\/div>\n<p><a href=\"https:\/\/adevarul.ro\/politica\/reforma-pensiilor-speciale-anastasiu-2457283.html\" class=\"button purchase\" rel=\"nofollow noopener\" target=\"_blank\">Read More<\/a><\/p>\n","protected":false},"excerpt":{"rendered":"<p>Guvernul Bolojan \u00eencearc\u0103 s\u0103 g\u0103seasc\u0103 solu\u021bii pentru reforma pensiilor speciale, inclusiv pentru cele ale magistra\u021bilor, a dat asigur\u0103ri vicepremierul Drago\u0219 Anastasiu. \u201ePensionatul la 50 de [&hellip;]<\/p>\n","protected":false},"author":1,"featured_media":5883,"comment_status":"open","ping_status":"open","sticky":false,"template":"","format":"standard","meta":{"_monsterinsights_skip_tracking":false,"footnotes":""},"categories":[6],"tags":[],"class_list":["post-5882","post","type-post","status-publish","format-standard","has-post-thumbnail","hentry","category-popular"],"aioseo_notices":[],"_links":{"self":[{"href":"https:\/\/info-eforie.ro\/index.php\/wp-json\/wp\/v2\/posts\/5882","targetHints":{"allow":["GET"]}}],"collection":[{"href":"https:\/\/info-eforie.ro\/index.php\/wp-json\/wp\/v2\/posts"}],"about":[{"href":"https:\/\/info-eforie.ro\/index.php\/wp-json\/wp\/v2\/types\/post"}],"author":[{"embeddable":true,"href":"https:\/\/info-eforie.ro\/index.php\/wp-json\/wp\/v2\/users\/1"}],"replies":[{"embeddable":true,"href":"https:\/\/info-eforie.ro\/index.php\/wp-json\/wp\/v2\/comments?post=5882"}],"version-history":[{"count":0,"href":"https:\/\/info-eforie.ro\/index.php\/wp-json\/wp\/v2\/posts\/5882\/revisions"}],"wp:featuredmedia":[{"embeddable":true,"href":"https:\/\/info-eforie.ro\/index.php\/wp-json\/wp\/v2\/media\/5883"}],"wp:attachment":[{"href":"https:\/\/info-eforie.ro\/index.php\/wp-json\/wp\/v2\/media?parent=5882"}],"wp:term":[{"taxonomy":"category","embeddable":true,"href":"https:\/\/info-eforie.ro\/index.php\/wp-json\/wp\/v2\/categories?post=5882"},{"taxonomy":"post_tag","embeddable":true,"href":"https:\/\/info-eforie.ro\/index.php\/wp-json\/wp\/v2\/tags?post=5882"}],"curies":[{"name":"wp","href":"https:\/\/api.w.org\/{rel}","templated":true}]}}