{"id":5791,"date":"2025-07-09T15:06:40","date_gmt":"2025-07-09T15:06:40","guid":{"rendered":"https:\/\/info-eforie.ro\/index.php\/2025\/07\/09\/derby-ul-dinamo\/"},"modified":"2025-07-09T15:06:40","modified_gmt":"2025-07-09T15:06:40","slug":"derby-ul-dinamo","status":"publish","type":"post","link":"https:\/\/info-eforie.ro\/index.php\/2025\/07\/09\/derby-ul-dinamo\/","title":{"rendered":"Derby-ul Dinamo"},"content":{"rendered":"<div>\n<p><strong>Dinamo<\/strong>, gazda derby-ului din turul campionatului, \u0219i-ar fi dorit s\u0103 joace contra lui <strong>FCSB <\/strong>pe <strong>Arena Na\u021bional\u0103<\/strong>, \u00eens\u0103 aceast\u0103 variant\u0103 p\u0103rea c\u0103 nu mai e de actualitate p\u00e2n\u0103 acum c\u00e2teva zile. Pe cel mai mare stadion al \u021b\u0103rii, la \u00eenceputul lunii august, ar fi trebuit s\u0103 aib\u0103 loc Festobal, un festival de manele \u0219i trapanele.<\/p>\n<h2><strong>Derby-ul Dinamo &#8211; FCSB, \u00een aer<\/strong><\/h2>\n<p>Totu\u0219i, <strong>Florin P\u0103un<\/strong>, organizatorul concertului de pe Arena Na\u021bional\u0103, a anun\u021bat \u00eentr-un interviu pentru <a href=\"https:\/\/golazo.ro\/festobal-arena-nationala-mihai-stoica-primaria-bucuresti-fcsb-florin-paun-141784\" rel=\"noopener noreferrer\" target=\"_blank\">Golazo<\/a> c\u0103 festivalul nu va mai avea loc pe <strong>Arena Na\u021bional\u0103<\/strong>. Contractul final cu Prim\u0103ria Capitalei nu a mai fost semnat, iar organizatorul sus\u021bine c\u0103 a luat aceast\u0103 decizie ca o form\u0103 de protest dup\u0103 criticile ap\u0103rute \u00een spa\u021biul public, \u00een special <a href=\"https:\/\/www.sport.ro\/liga-1\/mm-stoica-s-a-enervat-o-bataie-de-joc-sa-dea-faliment-toti-manelistii.html\" rel=\"noopener noreferrer\"><strong>cele ale lui Mihai Stoica<\/strong><\/a>.<\/p>\n<p>De\u0219i evenimentul nu va mai avea loc pe Arena Na\u021bional\u0103, nu este garantat c\u0103 Dinamo &#8211; FCSB se va disputa pe cel mai mare stadion al \u021b\u0103rii. Mihai Stoica spune c\u0103 nu a primit nicio informare din partea Prim\u0103riei Capitalei, iar o alt\u0103 problem\u0103 care poate ap\u0103rea este cea legat\u0103 de gazon.<\/p>\n<p><strong>&#8222;Nu am niciun feedback, nu \u0219tiu. Am vorbit \u0219i cu cel care se ocup\u0103 de gazon \u0219i nu \u0219tia nimic asear\u0103. Dac\u0103 nu se mai desf\u0103\u0219oar\u0103 festivalul \u0103sta de manele, atunci a fost deja ultimul eveniment, deci p\u00e2n\u0103 pe 12 iulie trebuie s\u0103 predea stadionul \u0219i s\u0103 se schimbe gazonul. Doar c\u0103 gazonul e comandat \u00een str\u0103in\u0103tate \u0219i e comandat la o alt\u0103 dat\u0103.<br \/><\/strong><\/p>\n<p><strong>\u00cen mod normal, \u00een 5 zile se poate juca din momentul \u00een care e pus. Am vorbit \u0219i cu Andrei Nicolescu asear\u0103, dar a\u0219tept\u0103m. Noi nu suntem parte implicat\u0103. \u0218tim c\u0103 era contractul \u0103stora cu manelele pe mas\u0103, nu era semnat, dar \u00een\u021beleg c\u0103 n-au v\u00e2ndut bilete. \u0102sta ar fi motivul. Praful \u0103sta \u00een ochi c\u0103 vrea \u0103la s\u0103 i\u0219te conflicte cu mine&#8230; cu mine n-are ce conflicte s\u0103 i\u0219te&#8221;<\/strong>, a spus Mihai Stoica, la Prima Sport.<\/p>\n<p>\u00cen cazul \u00een care Dinamo &#8211; FCSB nu se va putea disputa pe Arena Na\u021bional\u0103, derby-ul va avea loc cel mai probabil pe Stadionul Arcul de Triumf, casa obi\u0219nuit\u0103 a echipei lui Zeljko Kopic.<\/p>\n<h2><strong>FCSB continu\u0103 \u00een Ghencea, dar nu \u0219tie p\u00e2n\u0103 c\u00e2nd<\/strong><br \/><\/h2>\n<p>FCSB a \u00eenceput noul sezon cu <a href=\"https:\/\/www.sport.ro\/fotbal-intern\/fcsb-cfr-cluj-in-supercupa-romaniei-de-la-20-00-lupta-pentru-trofeu-e-pe-stadionul-steaua-ce-zic-actorii-principali.html\" rel=\"noopener noreferrer\"><strong>Supercupa Rom\u00e2niei contra lui CFR Cluj (2-1)<\/strong><\/a>, \u00een Ghencea. Tot pe Stadionul Steaua va juca echipa lui Elias Charalambous \u0219i meciurile de acas\u0103 cu Inter Escaldes (9 iulie), FC Hermannstadt (12 iulie) \u0219i probabil Farul Constan\u021ba (26 iulie).<\/p>\n<p>Dac\u0103 gazonul de pe Arena Na\u021bional\u0103 va fi schimbat \u00een timp util, FCSB ar putea reveni pe Arena Na\u021bional\u0103 pe 29\/30 iulie, c\u00e2nd va avea loc <a href=\"https:\/\/www.sport.ro\/liga-campionilor\/suspans-pentru-fcsb-ce-s-a-intamplat-in-meciul-care-decide-adversara-din-turul-2-preliminar-ucl.html\" rel=\"noopener noreferrer\"><strong>returul cu TNS sau Shkendija, din turul 2 preliminar UCL<\/strong><\/a>. Ulterior, pe 2 august, este programat derby-ul cu Dinamo.<\/p>\n<\/div>\n<p><a href=\"https:\/\/www.sport.ro\/liga-1\/derby-ul-dinamo-fcsb-in-aer-festivalul-de-manele-se-muta-dar-nu-e-suficient.html\" class=\"button purchase\" rel=\"nofollow noopener\" target=\"_blank\">Read More<\/a><\/p>\n","protected":false},"excerpt":{"rendered":"<p>Dinamo, gazda derby-ului din turul campionatului, \u0219i-ar fi dorit s\u0103 joace contra lui FCSB pe Arena Na\u021bional\u0103, \u00eens\u0103 aceast\u0103 variant\u0103 p\u0103rea c\u0103 nu mai e [&hellip;]<\/p>\n","protected":false},"author":1,"featured_media":5792,"comment_status":"open","ping_status":"open","sticky":false,"template":"","format":"standard","meta":{"_monsterinsights_skip_tracking":false,"footnotes":""},"categories":[7],"tags":[],"class_list":["post-5791","post","type-post","status-publish","format-standard","has-post-thumbnail","hentry","category-sports"],"aioseo_notices":[],"_links":{"self":[{"href":"https:\/\/info-eforie.ro\/index.php\/wp-json\/wp\/v2\/posts\/5791","targetHints":{"allow":["GET"]}}],"collection":[{"href":"https:\/\/info-eforie.ro\/index.php\/wp-json\/wp\/v2\/posts"}],"about":[{"href":"https:\/\/info-eforie.ro\/index.php\/wp-json\/wp\/v2\/types\/post"}],"author":[{"embeddable":true,"href":"https:\/\/info-eforie.ro\/index.php\/wp-json\/wp\/v2\/users\/1"}],"replies":[{"embeddable":true,"href":"https:\/\/info-eforie.ro\/index.php\/wp-json\/wp\/v2\/comments?post=5791"}],"version-history":[{"count":0,"href":"https:\/\/info-eforie.ro\/index.php\/wp-json\/wp\/v2\/posts\/5791\/revisions"}],"wp:featuredmedia":[{"embeddable":true,"href":"https:\/\/info-eforie.ro\/index.php\/wp-json\/wp\/v2\/media\/5792"}],"wp:attachment":[{"href":"https:\/\/info-eforie.ro\/index.php\/wp-json\/wp\/v2\/media?parent=5791"}],"wp:term":[{"taxonomy":"category","embeddable":true,"href":"https:\/\/info-eforie.ro\/index.php\/wp-json\/wp\/v2\/categories?post=5791"},{"taxonomy":"post_tag","embeddable":true,"href":"https:\/\/info-eforie.ro\/index.php\/wp-json\/wp\/v2\/tags?post=5791"}],"curies":[{"name":"wp","href":"https:\/\/api.w.org\/{rel}","templated":true}]}}