{"id":5759,"date":"2025-07-08T14:26:46","date_gmt":"2025-07-08T14:26:46","guid":{"rendered":"https:\/\/info-eforie.ro\/index.php\/2025\/07\/08\/fata-la-joc-acum-pe-pro-tv-si-voyo-cristi-pulhac-face-show-alaturi-de-stucan-oprisan-si-dracea\/"},"modified":"2025-07-08T14:26:46","modified_gmt":"2025-07-08T14:26:46","slug":"fata-la-joc-acum-pe-pro-tv-si-voyo-cristi-pulhac-face-show-alaturi-de-stucan-oprisan-si-dracea","status":"publish","type":"post","link":"https:\/\/info-eforie.ro\/index.php\/2025\/07\/08\/fata-la-joc-acum-pe-pro-tv-si-voyo-cristi-pulhac-face-show-alaturi-de-stucan-oprisan-si-dracea\/","title":{"rendered":"\u201eFa\u021ba la joc\u201d, ACUM pe PRO TV \u0219i VOYO: Cristi Pulhac face show al\u0103turi de \u0218tucan, Opri\u0219an \u0219i&#8230; Dr\u0103cea!"},"content":{"rendered":"<div>\n<div>\n<div>\n<p><img loading=\"lazy\" decoding=\"async\" src=\"https:\/\/www.sport.ro\/build\/sport\/assets\/author_icon-c42a047b.svg\" width=\"41\" height=\"41\" alt=\"SPORT.RO\">\n                                                    <\/p>\n<\/p><\/div>\n<div>\n                                                                                <a href=\"https:\/\/www.sport.ro\/stiri-scrise-de\/sportro\"><\/p>\n<p>\n                                    SPORT.RO\n                                <\/p>\n<p>                            <\/a><\/p>\n<p>Data publicarii: <span data-utc-date=\"2025-07-08 13:07:44\" data-date-format=\"{day} {Month} {year}, {hour}:{minute}\"><\/span>\n                        <\/p>\n<p>Data actualizarii: <span data-utc-date=\"2025-07-08 13:07:44\" data-date-format=\"{day} {Month} {year}, {hour}:{minute}\"><\/span>\n                        <\/p>\n<\/p><\/div>\n<\/p><\/div>\n<p>Emisiunea \u201eFa\u021ba la joc\u201d este difuzat\u0103 \u00een fiecare luni, de la 23:15, la PRO TV \u0219i pe VOYO.<\/p>\n<\/p><\/div>\n<div>\n<h4>Toate meciurile de la FIFA Club World Cup pot fi v\u0103zute pe <a href=\"https:\/\/voyo.protv.ro\/home\" target=\"_blank\" rel=\"noopener\">VOYO<\/a> cu comentariu \u00een limba rom\u00e2n\u0103.<\/h4>\n<div id=\"photogallery__116845\">\n<ul>\n<li>\n                            <img loading=\"lazy\" decoding=\"async\" id=\"sport-gallery-btn__116845\" src=\"https:\/\/www.sport.ro\/img\/2025\/07\/08\/130719\/vlcsnap-2025-07-07-23h20m17s913.png?fm=jpg&#038;q=80&#038;fit=max&#038;crop=640%2C360%2C0%2C0&#038;w=400\" alt=\"Vlcsnap 2025 07 07 23h20m17s913\" title data-blockid=\"116845\">\n                        <\/li>\n<\/ul><\/div>\n<div>\n<h2><strong>Bogdan Dr\u0103cea a vrut s\u0103 se fac\u0103 tractorist c\u00e2nd era mic<\/strong><\/h2>\n<p><strong>Dr\u0103cea:<\/strong> E o meserie serioas\u0103 p\u00e2n\u0103 la urm\u0103! Nu crezi, \u00eemi iei unul?<\/p>\n<p><strong>\u0218tucan:<\/strong> Fi\u021bi aten\u021bi ce tractor am g\u0103sit noi aici!<\/p>\n<p><strong>Dr\u0103cea:<\/strong> Zi, m\u0103! Nu cred, ce tare!<\/p>\n<p><strong>\u0218tucan:<\/strong> \u021ai-au pus \u0219i o zebr\u0103, dar nu \u0219tiu de ce!<\/p>\n<\/div>\n<p><img decoding=\"async\" src=\"https:\/\/www.sport.ro\/img\/2025\/07\/07\/211923\/vlcsnap-2025-07-08-00h18m36s218.png?fm=jpg&#038;q=80&#038;fit=max&#038;crop=640%2C360%2C0%2C0&#038;w=1024\">\n<\/p>\n<div>\n<h2><strong>Cu ce echip\u0103 \u021bine Bogdan Dr\u0103cea<\/strong><\/h2>\n<p>\u00centrebat ce echip\u0103 din Rom\u00e2nia sus\u021bine, Dr\u0103cea a r\u0103spuns instant: <strong>&#8222;\u021ain cu Steaua&#8230; Steaua noastr\u0103! \u00cenapoi pe TikTok acum!<\/strong> (n.r. &#8211; r\u00e2de)<strong>&#8222;<\/strong><\/p>\n<\/div>\n<p><img decoding=\"async\" src=\"https:\/\/www.sport.ro\/img\/2025\/07\/07\/202435\/vlcsnap-2025-07-07-23h23m39s782.png?fm=jpg&#038;q=80&#038;fit=max&#038;crop=640%2C360%2C0%2C0&#038;w=1024\">\n<\/p>\n<div>\n<h2><strong>Cristi Pulhac este fan Chelsea!<\/strong><\/h2>\n<p>\u00centrebat direct de Costin \u0218tucan\u00a0<strong>\u201eCu ce echip\u0103 \u021bii \u00een Anglia?\u201d<\/strong>, Pulhac a r\u0103spuns scurt \u0219i f\u0103r\u0103 ezitare:\u00a0<strong>\u201eChelsea.\u201d\u00a0<\/strong><\/p>\n<p>Replica a fost urmat\u0103 imediat de o ironie marca \u0218tucan:\u00a0<strong>\u201eA, aia cu steagurile de plastic\u2026\u201d<\/strong>, f\u0103c\u00e2nd aluzie la fanii londonezilor.<\/p>\n<\/div>\n<p><img decoding=\"async\" src=\"https:\/\/www.sport.ro\/img\/2025\/07\/07\/210121\/vlcsnap-2025-07-07-23h47m30s817.png?fm=jpg&#038;q=80&#038;fit=max&#038;crop=640%2C360%2C0%2C0&#038;w=1024\">\n<\/p>\n<div>\n<h2><strong>\u201eUn prim 11 de r\u00e2s\u201d<\/strong><\/h2>\n<p><strong>Costin \u0218tucan:<\/strong> \u00ce\u021bi d\u0103m ni\u0219te oameni din stand-up \u0219i tu faci un prim 11 la caterinc\u0103.<\/p>\n<p><strong>Bogdan Dr\u0103cea:<\/strong> Pe Bobonete? L-a\u0219 b\u0103ga portar.<\/p>\n<p><strong>\u0218tucan:<\/strong> De ce?<\/p>\n<p><strong>Dr\u0103cea:<\/strong> Un motiv evident, o dat\u0103&#8230; portar, ca s\u0103 urle la to\u021bi, \u0219i \u00eel pun \u0219i c\u0103pitan.<\/p>\n<p>Andrei Ciobanu joac\u0103 bine \u00een fa\u021b\u0103 la poman\u0103, l-am mai v\u0103zut. Dar, fiindc\u0103 e \u00eenalt, \u00eel pun funda\u0219 central.<\/p>\n<p>Arat\u0103 pu\u021bin a\u0219a&#8230; a Gardo\u0219!<\/p>\n<p><strong>\u0218tucan:<\/strong> Hai s\u0103 vedem, Micutzu!<\/p>\n<p><strong>Dr\u0103cea:<\/strong> \u00cel pun tot funda\u0219 central. Sigur o d\u0103 \u00een \u0219pri\u021buri, nu-i mai pas\u0103 nim\u0103nui.<\/p>\n<p>Teo? \u00cel pun mijloca\u0219 dreapta. F\u0103r\u0103 niciun motiv!<\/p>\n<p>Vio, direct mijloca\u0219 central. Deschiz\u0103tor! E creierul, decar.<\/p>\n<p>Domnul Dan Badea? \u00cel punem atacant, pe dreapta.<\/p>\n<p>Pe Mincu \u00eel pun funda\u0219 st\u00e2nga, c\u0103 e puternic. Are \u0219i r\u0103utate \u00een el, e bun.<\/p>\n<p>Pe Maria Popovici o pun mijloca\u0219, s\u0103 fac\u0103 banda.<\/p>\n<p>Ioana State, funda\u0219 dreapta. Nu o pun mijloca\u0219, ea \u0219tie bine&#8230;<\/p>\n<p>Anisia Gafton, rezerv\u0103 n-ai, nu? O pun atacant, c\u0103 mu\u0219c\u0103 din ei! La propriu!<\/p>\n<p>Domnul Ra\u021b? Ce-a mai r\u0103mas? \u00cenchiz\u0103tor. \u00cel pun acolo. \u00cel punem, a jucat funda\u0219 tot timpul, s\u0103 mai schimbe.<\/p>\n<\/div>\n<p><img decoding=\"async\" src=\"https:\/\/www.sport.ro\/img\/2025\/07\/07\/203523\/vlcsnap-2025-07-07-23h34m19s717.png?fm=jpg&#038;q=80&#038;fit=max&#038;crop=640%2C360%2C0%2C0&#038;w=1024\">\n<\/p>\n<div>\n<h2><strong>Bogdan Dr\u0103cea a f\u0103cut fotbal!<\/strong><\/h2>\n<p><strong>&#8222;Am avut o carier\u0103 frumoas\u0103 \u00een fotbal. Am jucat la echipa de la para\u0219utism. E la Stadionul Na\u021bional. \u0218tii terenul \u0103la cu trei smocuri de iarb\u0103? Acolo jucam, acolo eram noi acas\u0103.Am jucat din clasa a cincea p\u00e2n\u0103 prin a opta. Am jucat \u0219i handbal \u00een acela\u0219i timp, \u00een aceea\u0219i perioad\u0103&#8221;<\/strong>, a spus Dr\u0103cea.<\/p>\n<\/div>\n<p><img decoding=\"async\" src=\"https:\/\/www.sport.ro\/img\/2025\/07\/07\/202808\/vlcsnap-2025-07-07-23h27m49s182.png?fm=jpg&#038;q=80&#038;fit=max&#038;crop=640%2C360%2C0%2C0&#038;w=1024\">\n<\/p>\n<div>\n<h2><strong>Bogdan Dr\u0103cea este invitatul special din aceast\u0103 sear\u0103!<\/strong><\/h2>\n<p>Bogdan Dr\u0103cea, arhicunoscutul stand-up-er, este invitatul serii!<\/p>\n<p>Costin \u0218tucan i-a f\u0103cut \u201eintrarea\u201d: <strong>avocat, corporatist, influencer, vlogger, stand-up-er din genera\u021bia 3.0.<\/strong><\/p>\n<p>Cristi Pulhac a continuat:<strong> S\u0103 tr\u0103i\u021bi, bun\u0103 seara!<\/strong><\/p>\n<\/div>\n<p><img decoding=\"async\" src=\"https:\/\/www.sport.ro\/img\/2025\/07\/07\/202435\/vlcsnap-2025-07-07-23h23m41s292.png?fm=jpg&#038;q=80&#038;fit=max&#038;crop=640%2C360%2C0%2C0&#038;w=1024\">\n<\/p>\n<div>\n<h2><strong>UPDATE: A \u00eenceput emisiunea \u201eFa\u021ba la joc\u201d!<\/strong><\/h2>\n<p>De la ciud\u0103\u021beniile de la Mondialul Cluburilor, la tragedia lui Diogo Jota, Costin \u0218tucan \u0219i C\u0103t\u0103lin Opri\u0219an, al\u0103turi de Cristi Pulhac, vor oferi o sear\u0103 de neuitat! Un invitat surpriz\u0103 va sosi \u00een c\u00e2teva momente.<\/p>\n<p>&#8211;&#8211;-<\/p>\n<p>C\u0103t\u0103lin Opri\u0219an \u0219i Costin \u0218tucan, dou\u0103 voci puternice din presa sportiv\u0103, vor analiza cele mai importante meciuri, faze, gafe \u0219i declara\u021bii, cu invita\u021bi de marc\u0103!<\/p>\n<p>Premiera are loc \u00een aceast\u0103 sear\u0103, iar cei doi moderatori promit un show \u201efierbinte\u201d de la primul minut.<\/p>\n<p>\u00cen aceast\u0103 sear\u0103, primii doi invita\u021bi speciali \u00ee\u0219i fac apari\u021bia \u00een platou. Cine sunt? Ve\u021bi afla la 23:15, doar pe <strong>PRO TV <\/strong>\u0219i <strong>VOYO<\/strong>.<\/p>\n<h2><strong>\u201eFa\u021ba la joc\u201d, ast\u0103zi, de la 23:15, pe PRO TV \u0219i VOYO!\u00a0<\/strong><\/h2>\n<p><strong><em>\u201eFa\u021ba la joc \u00eenseamn\u0103 fotbal cu nerv, dar \u0219i cu z\u00e2mbet. Nu venim cu lozinci, venim cu p\u0103reri. Nu cu claxoane, ci cu idei. O spunem direct: dac\u0103 a fost slab, spunem c\u0103 a fost slab. Dac\u0103 a fost magie pe teren, o recunoa\u0219tem. Fotbalul e serios, dar nu trebuie s\u0103 fie plictisitor. Noi promitem s\u0103-l servim cald, pe gustul fanilor care iubesc mingea rotund\u0103 \u0219i vor s\u0103 \u00een\u021beleag\u0103 mai mult dec\u00e2t scorul,<\/em>\u201d<\/strong> a declarat C\u0103t\u0103lin Opri\u0219an.<\/p>\n<p>Costin \u0218tucan: <strong><em>\u201eSuntem trei oameni cu opinii diferite, dar cu aceea\u0219i dragoste pentru fotbal. Vom avea dezbateri aprinse, invita\u021bi relevan\u021bi \u0219i o privire lucid\u0103 asupra a ceea ce se \u00eent\u00e2mpl\u0103 \u00een sport, dincolo de titluri. \u2018Fa\u021ba la Joc\u2019 nu e doar despre meciuri, e despre starea fotbalului \u0219i ce las\u0103 el \u00een urm\u0103 \u00een fiecare sear\u0103.\u201d<\/em><\/strong><\/p>\n<\/div>\n<div>\n<p>\n        Articol recomandat de stirileprotv.ro\n    <\/p>\n<div id=\"inrecommended\">\n<p><a href=\"https:\/\/stirileprotv.ro\/stiri\/international\/tml-iranul-urma-sa-atace-bucurestiul-cu-rachete-balistice-teheranul-are-suficient-uraniu-pentru-cel-putin-10-bombe-atomice.html\"><br \/>\n                            <img loading=\"lazy\" decoding=\"async\" src=\"https:\/\/image.stirileprotv.ro\/media\/images\/160x120\/Jul2025\/62558179.jpg\" width=\"80\" height=\"80\" alt=\"TML: Iranul ar fi urmat s\u0103 atace Bucure\u0219tiul cu rachete balistice. Teheranul ar avea uraniu pentru cel pu\u021bin 10 bombe atomice\"><br \/>\n                        <\/a>\n                    <\/p>\n<\/p><\/div>\n<\/div><\/div>\n<p><a href=\"https:\/\/www.sport.ro\/fotbal-intern\/fata-la-joc-astazi-de-la-23-15-pe-pro-tv-si-voyo-stucan-si-oprisan-comenteaza-la-cald-serile-fierbinti-din-fotbal.html\" class=\"button purchase\" rel=\"nofollow noopener\" target=\"_blank\">Read More<\/a><\/p>\n","protected":false},"excerpt":{"rendered":"<p>SPORT.RO Data publicarii: Data actualizarii: Emisiunea \u201eFa\u021ba la joc\u201d este difuzat\u0103 \u00een fiecare luni, de la 23:15, la PRO TV \u0219i pe VOYO. Toate meciurile [&hellip;]<\/p>\n","protected":false},"author":1,"featured_media":5760,"comment_status":"open","ping_status":"open","sticky":false,"template":"","format":"standard","meta":{"_monsterinsights_skip_tracking":false,"footnotes":""},"categories":[7],"tags":[],"class_list":["post-5759","post","type-post","status-publish","format-standard","has-post-thumbnail","hentry","category-sports"],"aioseo_notices":[],"_links":{"self":[{"href":"https:\/\/info-eforie.ro\/index.php\/wp-json\/wp\/v2\/posts\/5759","targetHints":{"allow":["GET"]}}],"collection":[{"href":"https:\/\/info-eforie.ro\/index.php\/wp-json\/wp\/v2\/posts"}],"about":[{"href":"https:\/\/info-eforie.ro\/index.php\/wp-json\/wp\/v2\/types\/post"}],"author":[{"embeddable":true,"href":"https:\/\/info-eforie.ro\/index.php\/wp-json\/wp\/v2\/users\/1"}],"replies":[{"embeddable":true,"href":"https:\/\/info-eforie.ro\/index.php\/wp-json\/wp\/v2\/comments?post=5759"}],"version-history":[{"count":0,"href":"https:\/\/info-eforie.ro\/index.php\/wp-json\/wp\/v2\/posts\/5759\/revisions"}],"wp:featuredmedia":[{"embeddable":true,"href":"https:\/\/info-eforie.ro\/index.php\/wp-json\/wp\/v2\/media\/5760"}],"wp:attachment":[{"href":"https:\/\/info-eforie.ro\/index.php\/wp-json\/wp\/v2\/media?parent=5759"}],"wp:term":[{"taxonomy":"category","embeddable":true,"href":"https:\/\/info-eforie.ro\/index.php\/wp-json\/wp\/v2\/categories?post=5759"},{"taxonomy":"post_tag","embeddable":true,"href":"https:\/\/info-eforie.ro\/index.php\/wp-json\/wp\/v2\/tags?post=5759"}],"curies":[{"name":"wp","href":"https:\/\/api.w.org\/{rel}","templated":true}]}}