{"id":5673,"date":"2025-07-05T08:09:12","date_gmt":"2025-07-05T08:09:12","guid":{"rendered":"https:\/\/info-eforie.ro\/index.php\/2025\/07\/05\/danezii-nu-s-au-ferit-cum-au-fost-numiti-juniorii-romaniei-dupa-calificarea-istorica-de-la-euro-u19\/"},"modified":"2025-07-05T08:09:12","modified_gmt":"2025-07-05T08:09:12","slug":"danezii-nu-s-au-ferit-cum-au-fost-numiti-juniorii-romaniei-dupa-calificarea-istorica-de-la-euro-u19","status":"publish","type":"post","link":"https:\/\/info-eforie.ro\/index.php\/2025\/07\/05\/danezii-nu-s-au-ferit-cum-au-fost-numiti-juniorii-romaniei-dupa-calificarea-istorica-de-la-euro-u19\/","title":{"rendered":"Danezii nu s-au ferit! Cum au fost numi\u021bi juniorii Rom\u00e2niei, dup\u0103 calificarea istoric\u0103 de la EURO U19"},"content":{"rendered":"<p>Danezii nu s-au ferit! Cum au fost numi\u021bi juniorii Rom\u00e2niei, dup\u0103 calificarea istoric\u0103 de la EURO U19&#8230;<br \/><a href=\"https:\/\/www.digisport.ro\/fotbal\/echipa-nationala\/danezii-nu-s-au-ferit-cum-au-fost-numiti-juniorii-romaniei-dupa-calificarea-istorica-de-la-euro-u19-3653139\" class=\"button purchase\" rel=\"nofollow noopener\" target=\"_blank\">Read More<\/a><\/p>\n","protected":false},"excerpt":{"rendered":"<p>Danezii nu s-au ferit! Cum au fost numi\u021bi juniorii Rom\u00e2niei, dup\u0103 calificarea istoric\u0103 de la EURO U19&#8230;Read More<\/p>\n","protected":false},"author":1,"featured_media":5674,"comment_status":"open","ping_status":"open","sticky":false,"template":"","format":"standard","meta":{"_monsterinsights_skip_tracking":false,"footnotes":""},"categories":[7],"tags":[],"class_list":["post-5673","post","type-post","status-publish","format-standard","has-post-thumbnail","hentry","category-sports"],"aioseo_notices":[],"_links":{"self":[{"href":"https:\/\/info-eforie.ro\/index.php\/wp-json\/wp\/v2\/posts\/5673","targetHints":{"allow":["GET"]}}],"collection":[{"href":"https:\/\/info-eforie.ro\/index.php\/wp-json\/wp\/v2\/posts"}],"about":[{"href":"https:\/\/info-eforie.ro\/index.php\/wp-json\/wp\/v2\/types\/post"}],"author":[{"embeddable":true,"href":"https:\/\/info-eforie.ro\/index.php\/wp-json\/wp\/v2\/users\/1"}],"replies":[{"embeddable":true,"href":"https:\/\/info-eforie.ro\/index.php\/wp-json\/wp\/v2\/comments?post=5673"}],"version-history":[{"count":0,"href":"https:\/\/info-eforie.ro\/index.php\/wp-json\/wp\/v2\/posts\/5673\/revisions"}],"wp:featuredmedia":[{"embeddable":true,"href":"https:\/\/info-eforie.ro\/index.php\/wp-json\/wp\/v2\/media\/5674"}],"wp:attachment":[{"href":"https:\/\/info-eforie.ro\/index.php\/wp-json\/wp\/v2\/media?parent=5673"}],"wp:term":[{"taxonomy":"category","embeddable":true,"href":"https:\/\/info-eforie.ro\/index.php\/wp-json\/wp\/v2\/categories?post=5673"},{"taxonomy":"post_tag","embeddable":true,"href":"https:\/\/info-eforie.ro\/index.php\/wp-json\/wp\/v2\/tags?post=5673"}],"curies":[{"name":"wp","href":"https:\/\/api.w.org\/{rel}","templated":true}]}}