{"id":5591,"date":"2025-07-02T13:07:11","date_gmt":"2025-07-02T13:07:11","guid":{"rendered":"https:\/\/info-eforie.ro\/index.php\/2025\/07\/02\/gata-cu-olanda-fcsb-a-schimbat-planul-si-revine-mai-devreme-in-tara-pentru-supercupa-cu-cfr-cluj\/"},"modified":"2025-07-02T13:07:11","modified_gmt":"2025-07-02T13:07:11","slug":"gata-cu-olanda-fcsb-a-schimbat-planul-si-revine-mai-devreme-in-tara-pentru-supercupa-cu-cfr-cluj","status":"publish","type":"post","link":"https:\/\/info-eforie.ro\/index.php\/2025\/07\/02\/gata-cu-olanda-fcsb-a-schimbat-planul-si-revine-mai-devreme-in-tara-pentru-supercupa-cu-cfr-cluj\/","title":{"rendered":"Gata cu Olanda! FCSB a schimbat planul \u0219i revine mai devreme \u00een \u021bar\u0103 pentru Supercupa cu CFR Cluj"},"content":{"rendered":"<div>\n<p>De\u0219i ini\u021bial trebuia s\u0103 se preg\u0103teasc\u0103 \u00een Olanda p\u00e2n\u0103 pe 4 iulie, cu doar o zi \u00eenaintea Supercupei, <a href=\"https:\/\/www.sport.ro\/liga-1\/declaratiile-lui-gigi-becali-au-facut-turul-europei-polonezii-de-a-dreptul-socati-universul-fotbalului-romanesc-nu-inceteaza-sa-surprinda.html\" rel=\"noopener noreferrer\"><strong>conducerea FCSB<\/strong><\/a> a decis s\u0103 scurteze cantonamentul \u0219i s\u0103 aduc\u0103 echipa mai repede la Bucure\u0219ti.<\/p>\n<p>Astfel, juc\u0103torii de baz\u0103 ai echipei urmeaz\u0103 s\u0103 ajung\u0103 \u00een \u021bar\u0103 \u00eenc\u0103 din seara zilei de mar\u021bi, \u00een timp ce restul lotului li se va al\u0103tura miercuri. Motivul din spatele acestei hot\u0103r\u00e2ri, una surprinz\u0103toare \u00een contextul obiceiurilor din anii trecu\u021bi, este dorin\u021ba de a le oferi fotbali\u0219tilor mai mult timp de odihn\u0103 \u00eenaintea primului meci oficial al sezonului.<\/p>\n<h2>Bilan\u021b perfect \u00een amicale<br \/><\/h2>\n<p>Decizia vine dup\u0103 un stagiu de preg\u0103tire reu\u0219it din punct de vedere sportiv. \u00cen cele dou\u0103 meciuri amicale disputate pe p\u0103m\u00e2nt olandez, <a href=\"https:\/\/www.sport.ro\/liga-1\/daniel-graovac-dezvaluie-el-m-a-convins-sa-semnez-cu-fcsb-visez-la-champions-league.html\" rel=\"noopener noreferrer\"><strong>FCSB<\/strong><\/a> a ob\u021binut tot at\u00e2tea victorii. Campioana a trecut cu 3-2 de Almere City, echip\u0103 retrogradat\u0103 \u00een e\u0219alonul secund, \u0219i a \u00eenvins-o impresionant, scor 3-1, pe FC Utrecht, ocupanta locului 4 din prima lig\u0103 a Olandei.<\/p>\n<p>Primul trofeu al sezonului se joac\u0103 s\u00e2mb\u0103t\u0103, 5 iulie, c\u00e2nd FCSB o va \u00eenfrunta pe CFR Cluj \u00een Supercupa Rom\u00e2niei. \u00cen aceea\u0219i zi, de la ora 11:30, clubul bucure\u0219tean \u00ee\u0219i va prezenta noul echipament de joc la Muzeul Fotbalului Rom\u00e2nesc din Centrul Vechi.<\/p>\n<\/div>\n<p><a href=\"https:\/\/www.sport.ro\/fotbal-intern\/gata-cu-olanda-fcsb-a-schimbat-planul-si-revine-mai-devreme-in-tara-pentru-supercupa-cu-cfr-cluj.html\" class=\"button purchase\" rel=\"nofollow noopener\" target=\"_blank\">Read More<\/a><\/p>\n","protected":false},"excerpt":{"rendered":"<p>De\u0219i ini\u021bial trebuia s\u0103 se preg\u0103teasc\u0103 \u00een Olanda p\u00e2n\u0103 pe 4 iulie, cu doar o zi \u00eenaintea Supercupei, conducerea FCSB a decis s\u0103 scurteze cantonamentul [&hellip;]<\/p>\n","protected":false},"author":1,"featured_media":5592,"comment_status":"open","ping_status":"open","sticky":false,"template":"","format":"standard","meta":{"_monsterinsights_skip_tracking":false,"_monsterinsights_sitenote_active":false,"_monsterinsights_sitenote_note":"","_monsterinsights_sitenote_category":0,"footnotes":""},"categories":[7],"tags":[],"class_list":["post-5591","post","type-post","status-publish","format-standard","has-post-thumbnail","hentry","category-sports"],"aioseo_notices":[],"_links":{"self":[{"href":"https:\/\/info-eforie.ro\/index.php\/wp-json\/wp\/v2\/posts\/5591","targetHints":{"allow":["GET"]}}],"collection":[{"href":"https:\/\/info-eforie.ro\/index.php\/wp-json\/wp\/v2\/posts"}],"about":[{"href":"https:\/\/info-eforie.ro\/index.php\/wp-json\/wp\/v2\/types\/post"}],"author":[{"embeddable":true,"href":"https:\/\/info-eforie.ro\/index.php\/wp-json\/wp\/v2\/users\/1"}],"replies":[{"embeddable":true,"href":"https:\/\/info-eforie.ro\/index.php\/wp-json\/wp\/v2\/comments?post=5591"}],"version-history":[{"count":0,"href":"https:\/\/info-eforie.ro\/index.php\/wp-json\/wp\/v2\/posts\/5591\/revisions"}],"wp:featuredmedia":[{"embeddable":true,"href":"https:\/\/info-eforie.ro\/index.php\/wp-json\/wp\/v2\/media\/5592"}],"wp:attachment":[{"href":"https:\/\/info-eforie.ro\/index.php\/wp-json\/wp\/v2\/media?parent=5591"}],"wp:term":[{"taxonomy":"category","embeddable":true,"href":"https:\/\/info-eforie.ro\/index.php\/wp-json\/wp\/v2\/categories?post=5591"},{"taxonomy":"post_tag","embeddable":true,"href":"https:\/\/info-eforie.ro\/index.php\/wp-json\/wp\/v2\/tags?post=5591"}],"curies":[{"name":"wp","href":"https:\/\/api.w.org\/{rel}","templated":true}]}}