{"id":5571,"date":"2025-07-02T07:07:01","date_gmt":"2025-07-02T07:07:01","guid":{"rendered":"https:\/\/info-eforie.ro\/index.php\/2025\/07\/02\/titi-cand-esti-in-sant-trebuie-sa-te-uiti-la-stele-cuvintele-cutremuratoare-pe-care-le-a-transmis-mihai-leu-de-pe-patul-de-spital-de-la-fundeni\/"},"modified":"2025-07-02T07:07:01","modified_gmt":"2025-07-02T07:07:01","slug":"titi-cand-esti-in-sant-trebuie-sa-te-uiti-la-stele-cuvintele-cutremuratoare-pe-care-le-a-transmis-mihai-leu-de-pe-patul-de-spital-de-la-fundeni","status":"publish","type":"post","link":"https:\/\/info-eforie.ro\/index.php\/2025\/07\/02\/titi-cand-esti-in-sant-trebuie-sa-te-uiti-la-stele-cuvintele-cutremuratoare-pe-care-le-a-transmis-mihai-leu-de-pe-patul-de-spital-de-la-fundeni\/","title":{"rendered":"\u201eTiti, c\u00e2nd e\u0219ti \u00een \u0219an\u021b, trebuie s\u0103 te ui\u021bi\u00a0la\u00a0stele\u201d. Cuvintele cutremur\u0103toare pe care le-a transmis Mihai Leu de pe patul de spital, de la Fundeni"},"content":{"rendered":"<div>\n<p>Expertul \u00een conducere defensiv\u0103, Titi Aur, bun prieten cu Mihai Leu, a dezv\u0103luit cuvintele cutremur\u0103toare pe care i le-a transmis regretatul campion, \u00een timp ce era pe patul de spital, de la Fundeni.<\/p>\n<div><picture loading=\"eager\" width=\"1400\" height=\"750\" alt=\"Titi Aur \u0219i Mihai Leu au f\u0103cut echip\u0103 la Raliul Aradului FOTO: FB\"><source type=\"image\/webp\"  media=\"(min-width: 1400px)\"><source type=\"image\/webp\"  media=\"(min-width: 1000px)\"><source type=\"image\/webp\"  media=\"(min-width: 700px)\"><source type=\"image\/jpeg\"  media=\"(min-width: 1400px)\"><source type=\"image\/jpeg\"  media=\"(min-width: 1000px)\"><source type=\"image\/jpeg\"  media=\"(min-width: 700px)\"><img fetchpriority=\"high\" decoding=\"async\" src=\"https:\/\/cdn.adh.reperio.news\/image-3\/3c20e7d6-6cf9-4c68-865a-d52354d1e0f5\/index.jpeg?p=a%3D1%26co%3D1.05%26w%3D700%26h%3D750%26r%3Dcontain%26c%3D0%252C0.224%252C1%252C0.533%26f%3Dwebp\" alt=\"Titi Aur \u0219i Mihai Leu au f\u0103cut echip\u0103 la Raliul Aradului FOTO: FB\" width=\"1400\" height=\"750\" loading=\"eager\"><\/picture>\n<p>Titi Aur \u0219i Mihai Leu au f\u0103cut echip\u0103 la Raliul Aradului FOTO: FB<\/p>\n<\/div>\n<p>Titi Aur a povestit la Antena 3 CNN c\u0103 l-a vizitat pe Mihai Leu \u00een urm\u0103 cu c\u00e2teva luni, c\u00e2nd acesta se afla \u00een spital<a href=\"https:\/\/adevarul.ro\/stiri-interne\/evenimente\/mesajul-sfasietor-al-sotiei-lui-mihai-leu-ai-2454766.html\">, lupt\u00e2ndu-se cu boala incurabil\u0103<\/a>, care\u00a0l-a biruit \u00een cele din urm\u0103.\u00a0<\/p>\n<p><i>\u201eAcum o lun\u0103, am fost la el la spital. Era \u00eentr-o rezerv\u0103, av\u00e2nd-o al\u0103turi pe so\u021bia sa, Anna. Mi-a spus: \u00abTiti, c\u00e2nd e\u0219ti \u00een \u0219an\u021b, trebuie s\u0103 te<br \/>\nui\u021bi la stele\u00bb. Cred c\u0103 acum este \u00eentre stele. Adev\u0103rata lupt\u0103 nu a dus-o cu boxul sau cu raliurile, a dus-o cu boala, din p\u0103cate. (&#8230;)C\u00e2nd am intrat la el \u00een rezerv\u0103, la Fundeni,<br \/>\nde\u0219i fizic se vedea c\u0103 nu este bine, era optimist. Spunea va ie\u0219i din spital,<br \/>\nc\u00e2nd am fost eu la el, \u00een luna mai, c\u0103 va mai urma \u00eenc\u0103 opera\u021bie \u0219i c\u0103 sigur \u00ee\u0219i<br \/>\nva reveni\u201d, <\/i>a spus Titi Aur, campion na\u021bional la raliuri \u0219i expert \u00een conducere defensiv\u0103.<\/p>\n<p><a href=\"https:\/\/adevarul.ro\/stiri-interne\/evenimente\/a-murit-mihai-leu-mostenirea-lui-merge-mai-2454763.html\">Mihai Leu a murit luni, 1 iulie 2025, la v\u00e2rsta de 56 de ani<\/a>. Fostul campion mondial la box \u0219i multiplu campion la raliuri era internat \u00een stare grav\u0103 la Institutul Clinic Fundeni, unde fusese adus cu un elicopter \u00een 21 iunie, \u00een urma unei hemoragii.<\/p>\n<p>Vestea tragic\u0103 a fost confirmat\u0103 pe pagina oficial\u0103 de Facebook a sportivului.\u00a0<\/p>\n<p><i>\u201eCu profund\u0103 durere, anun\u0163\u0103m trecerea \u00een nefiin\u0163\u0103 a lui Mihai, \u00een aceast\u0103 sear\u0103. Un adev\u0103rat campion, at\u00e2t \u00een ringul de box, c\u00e2t \u015fi pe circuitele de motorsport, Mihai a fost mult mai mult dec\u00e2t un sportiv excep\u0163ional, a fost un simbol de voin\u0163\u0103, curaj \u015fi pasiune. Pentru fani, Mihai a fost \u015fi va r\u0103m\u00e2ne un model. Un om care a inspirat prin fiecare lupt\u0103, prin fiecare curs\u0103 \u015fi prin demnitatea cu care \u015fi-a tr\u0103it via\u0163a. Pentru noi, pentru familie, un prieten, un so\u0163 \u015fi un tat\u0103 minunat. Mo\u015ftenirea lui merge mai departe prin to\u0163i cei care l-am iubit, l-am sus\u0163inut \u015fi am fost martori la parcursul s\u0103u unic. Nu te vom uita niciodat\u0103\u201d<\/i>, se arat\u0103 \u00eentr-un mesaj postat pe pagina de Facebook a sportivului.\u00a0<\/p>\n<p><a href=\"https:\/\/adevarul.ro\/stiri-interne\/evenimente\/a-murit-mihai-leu-mostenirea-lui-merge-mai-2454763.html\">Mihai Leu suferea de insuficien\u0163\u0103 pulmonar\u0103<\/a>\u00a0\u015fi metastaze pulmonare.<\/p>\n<p>Fost campion la box \u0219i fost pilot de curse a aflat c\u0103 are cancer la colon \u00een 2014.<\/p>\n<\/p><\/div>\n<p><a href=\"https:\/\/adevarul.ro\/stiri-interne\/evenimente\/titi-cand-esti-in-sant-trebuie-sa-te-2454770.html\" class=\"button purchase\" rel=\"nofollow noopener\" target=\"_blank\">Read More<\/a><\/p>\n","protected":false},"excerpt":{"rendered":"<p>Expertul \u00een conducere defensiv\u0103, Titi Aur, bun prieten cu Mihai Leu, a dezv\u0103luit cuvintele cutremur\u0103toare pe care i le-a transmis regretatul campion, \u00een timp ce [&hellip;]<\/p>\n","protected":false},"author":1,"featured_media":5572,"comment_status":"open","ping_status":"open","sticky":false,"template":"","format":"standard","meta":{"_monsterinsights_skip_tracking":false,"footnotes":""},"categories":[6],"tags":[],"class_list":["post-5571","post","type-post","status-publish","format-standard","has-post-thumbnail","hentry","category-popular"],"aioseo_notices":[],"_links":{"self":[{"href":"https:\/\/info-eforie.ro\/index.php\/wp-json\/wp\/v2\/posts\/5571","targetHints":{"allow":["GET"]}}],"collection":[{"href":"https:\/\/info-eforie.ro\/index.php\/wp-json\/wp\/v2\/posts"}],"about":[{"href":"https:\/\/info-eforie.ro\/index.php\/wp-json\/wp\/v2\/types\/post"}],"author":[{"embeddable":true,"href":"https:\/\/info-eforie.ro\/index.php\/wp-json\/wp\/v2\/users\/1"}],"replies":[{"embeddable":true,"href":"https:\/\/info-eforie.ro\/index.php\/wp-json\/wp\/v2\/comments?post=5571"}],"version-history":[{"count":0,"href":"https:\/\/info-eforie.ro\/index.php\/wp-json\/wp\/v2\/posts\/5571\/revisions"}],"wp:featuredmedia":[{"embeddable":true,"href":"https:\/\/info-eforie.ro\/index.php\/wp-json\/wp\/v2\/media\/5572"}],"wp:attachment":[{"href":"https:\/\/info-eforie.ro\/index.php\/wp-json\/wp\/v2\/media?parent=5571"}],"wp:term":[{"taxonomy":"category","embeddable":true,"href":"https:\/\/info-eforie.ro\/index.php\/wp-json\/wp\/v2\/categories?post=5571"},{"taxonomy":"post_tag","embeddable":true,"href":"https:\/\/info-eforie.ro\/index.php\/wp-json\/wp\/v2\/tags?post=5571"}],"curies":[{"name":"wp","href":"https:\/\/api.w.org\/{rel}","templated":true}]}}