{"id":5569,"date":"2025-07-02T07:07:02","date_gmt":"2025-07-02T07:07:02","guid":{"rendered":"https:\/\/info-eforie.ro\/index.php\/2025\/07\/02\/a-fost-cutremur-in-romania-ce-magnitudine-a-avut-si-in-ce-orase-s-a-resimtit\/"},"modified":"2025-07-02T07:07:02","modified_gmt":"2025-07-02T07:07:02","slug":"a-fost-cutremur-in-romania-ce-magnitudine-a-avut-si-in-ce-orase-s-a-resimtit","status":"publish","type":"post","link":"https:\/\/info-eforie.ro\/index.php\/2025\/07\/02\/a-fost-cutremur-in-romania-ce-magnitudine-a-avut-si-in-ce-orase-s-a-resimtit\/","title":{"rendered":"A fost cutremur \u00een Rom\u00e2nia. Ce magnitudine a avut \u0219i \u00een ce ora\u0219e s-a resim\u021bit"},"content":{"rendered":"<div>\n<p>Un cutremur cu magnitudinea 3,6 s-a produs miercuri, 2 iulie 2025, \u00een zona seismic\u0103 Vrancea, a anun\u021bat Institutul Na\u0163ional de Cercetare-Dezvoltare pentru Fizica P\u0103m\u00e2ntului (INCDFP).<\/p>\n<div><picture loading=\"eager\" width=\"1400\" height=\"750\" alt=\"Cutremur \u00een Rom\u00e2nia Foto: Arhiv\u0103\"><source type=\"image\/webp\"  media=\"(min-width: 1400px)\"><source type=\"image\/webp\"  media=\"(min-width: 1000px)\"><source type=\"image\/webp\"  media=\"(min-width: 700px)\"><source type=\"image\/jpeg\"  media=\"(min-width: 1400px)\"><source type=\"image\/jpeg\"  media=\"(min-width: 1000px)\"><source type=\"image\/jpeg\"  media=\"(min-width: 700px)\"><img fetchpriority=\"high\" decoding=\"async\" src=\"https:\/\/cdn.adh.reperio.news\/image-2\/2619e77e-6487-48fe-b2a6-b7b7d90e86ba\/index.jpeg?p=a%3D1%26co%3D1.05%26w%3D700%26h%3D750%26r%3Dcontain%26f%3Dwebp\" alt=\"Cutremur \u00een Rom\u00e2nia Foto: Arhiv\u0103\" width=\"1400\" height=\"750\" loading=\"eager\"><\/picture>\n<p>Cutremur \u00een Rom\u00e2nia Foto: Arhiv\u0103<\/p>\n<\/div>\n<p>Cutremurul a avut loc la ora 7.19 \u00een <a href=\"https:\/\/adevarul.ro\/stiri-interne\/evenimente\/a-fost-cutremur-in-romania-ce-magnitudine-a-avut-2421045.html\">jude\u021bul Vrancea.\u00a0<\/a><\/p>\n<p>Seismul a avut <a href=\"https:\/\/www.infp.ro\/\" rel=\"nofollow\">magnitudinea 3,6<\/a> \u0219i s-a produs la ad\u00e2ncimea de 110 kilometri.<\/p>\n<p>Cutremurul s-a produs \u00een apropierea ora\u015felor Foc\u0219ani (43 km), Sf\u00e2ntu Gheorghe (66 km), Buz\u0103u (71 km), Bra\u0219ov (81 km), Bac\u0103u (90 km), B\u00e2rlad (95 km).<\/p>\n<\/p><\/div>\n<p><a href=\"https:\/\/adevarul.ro\/stiri-interne\/evenimente\/a-fost-cutremur-in-romania-ce-magnitudine-a-avut-2454777.html\" class=\"button purchase\" rel=\"nofollow noopener\" target=\"_blank\">Read More<\/a><\/p>\n","protected":false},"excerpt":{"rendered":"<p>Un cutremur cu magnitudinea 3,6 s-a produs miercuri, 2 iulie 2025, \u00een zona seismic\u0103 Vrancea, a anun\u021bat Institutul Na\u0163ional de Cercetare-Dezvoltare pentru Fizica P\u0103m\u00e2ntului (INCDFP). [&hellip;]<\/p>\n","protected":false},"author":1,"featured_media":5570,"comment_status":"open","ping_status":"open","sticky":false,"template":"","format":"standard","meta":{"_monsterinsights_skip_tracking":false,"footnotes":""},"categories":[6],"tags":[],"class_list":["post-5569","post","type-post","status-publish","format-standard","has-post-thumbnail","hentry","category-popular"],"aioseo_notices":[],"_links":{"self":[{"href":"https:\/\/info-eforie.ro\/index.php\/wp-json\/wp\/v2\/posts\/5569","targetHints":{"allow":["GET"]}}],"collection":[{"href":"https:\/\/info-eforie.ro\/index.php\/wp-json\/wp\/v2\/posts"}],"about":[{"href":"https:\/\/info-eforie.ro\/index.php\/wp-json\/wp\/v2\/types\/post"}],"author":[{"embeddable":true,"href":"https:\/\/info-eforie.ro\/index.php\/wp-json\/wp\/v2\/users\/1"}],"replies":[{"embeddable":true,"href":"https:\/\/info-eforie.ro\/index.php\/wp-json\/wp\/v2\/comments?post=5569"}],"version-history":[{"count":0,"href":"https:\/\/info-eforie.ro\/index.php\/wp-json\/wp\/v2\/posts\/5569\/revisions"}],"wp:featuredmedia":[{"embeddable":true,"href":"https:\/\/info-eforie.ro\/index.php\/wp-json\/wp\/v2\/media\/5570"}],"wp:attachment":[{"href":"https:\/\/info-eforie.ro\/index.php\/wp-json\/wp\/v2\/media?parent=5569"}],"wp:term":[{"taxonomy":"category","embeddable":true,"href":"https:\/\/info-eforie.ro\/index.php\/wp-json\/wp\/v2\/categories?post=5569"},{"taxonomy":"post_tag","embeddable":true,"href":"https:\/\/info-eforie.ro\/index.php\/wp-json\/wp\/v2\/tags?post=5569"}],"curies":[{"name":"wp","href":"https:\/\/api.w.org\/{rel}","templated":true}]}}