{"id":5419,"date":"2025-06-24T09:06:48","date_gmt":"2025-06-24T09:06:48","guid":{"rendered":"https:\/\/info-eforie.ro\/index.php\/2025\/06\/24\/semnal-de-alarma-dupa-esecul-cu-olanda-ei-promoveaza-copiii-la-noi-nu-i-baga-in-liga-1\/"},"modified":"2025-06-24T09:06:48","modified_gmt":"2025-06-24T09:06:48","slug":"semnal-de-alarma-dupa-esecul-cu-olanda-ei-promoveaza-copiii-la-noi-nu-i-baga-in-liga-1","status":"publish","type":"post","link":"https:\/\/info-eforie.ro\/index.php\/2025\/06\/24\/semnal-de-alarma-dupa-esecul-cu-olanda-ei-promoveaza-copiii-la-noi-nu-i-baga-in-liga-1\/","title":{"rendered":"Semnal de alarm\u0103 dup\u0103 e\u0219ecul cu Olanda: \u201eEi promoveaz\u0103 copiii. La noi, nu-i b\u0103ga \u00een Liga 1&#8243;"},"content":{"rendered":"<div>\n<p>De\u0219i tricolorii mici au p\u0103r\u0103sit competi\u021bia cu capul sus, unul dintre cei mai activi juc\u0103tori din repriza secund\u0103, David P\u0103curaru, a lansat un semnal de alarm\u0103 privind lipsa de \u00eencredere \u00een tinerii juc\u0103tori din fotbalul rom\u00e2nesc.<\/p>\n<h2><strong>David P\u0103curaru: \u201eEi promoveaz\u0103 copiii. La noi, nu-i b\u0103ga \u00een Liga 1&#8243;<br \/><\/strong><\/h2>\n<p>Mijloca\u0219ul ofensiv legitimat la CSA Steaua, intrat dup\u0103 pauz\u0103 \u00een locul lui Ianis T\u00e2rb\u0103, a fost vizibil emo\u021bionat dup\u0103 meci, dar \u0219i direct \u00een declara\u021bii.<\/p>\n<p>Mai mult, P\u0103curaru, care provine din academia Farului \u0219i joac\u0103 \u00een Liga 2 la CSA Steaua, sper\u0103 ca presta\u021bia echipei U19 s\u0103 atrag\u0103 aten\u021bia cluburilor din Rom\u00e2nia, dar nu numai.<\/p>\n<p><strong>\u201eUn turneu foarte bun f\u0103cut de noi, chiar dac\u0103 nu am putut trece \u00een final\u0103. Am fost printre primele patru echipe din Europa \u0219i ne bucur\u0103m.<\/strong><\/p>\n<p><strong>Am f\u0103cut istorie, iar colegii mei au f\u0103cut ni\u0219te jocuri foarte bune.<\/strong><\/p>\n<p><strong>Adversarii au fost foarte buni, au juc\u0103tori care joac\u0103 \u00een primele echipe \u00een Olanda \u0219i pe care i-am v\u0103zut \u00een Champions League. Acolo se promoveaz\u0103 copiii. \u00cen Rom\u00e2nia, poate nu aveau \u00eencredere s\u0103 bage din ei \u00een Liga 1.<\/strong><\/p>\n<p><strong>Eu zic s\u0103 aib\u0103 mai mult\u0103 \u00eencredere \u00een noi, fiindc\u0103 am ar\u0103tat c\u0103 putem face fa\u021b\u0103.<\/strong><\/p>\n<p><strong>A fost o atmosfer\u0103 de neuitat. Am mul\u021bi prieteni la galerie \u0219i m\u0103 bucur c\u0103 au fost al\u0103turi de mine.<\/strong><\/p>\n<p><strong>Ne-au spus c\u0103 nu e nimic, capul sus. Am ajuns \u00een primele patru echipe \u0219i e un lucru bun, chiar dac\u0103 nu am putut juca finala pe 26.<\/strong><\/p>\n<p><strong>Eu zic c\u0103 ne vor c\u0103uta echipe, fiindc\u0103 am f\u0103cut un turneu foarte bun. Dar r\u0103m\u00e2ne de v\u0103zut.<\/strong><\/p>\n<p><strong>Sincer, chiar dac\u0103 nu am fost \u00een primul 11, m-am emo\u021bionat \u0219i cred c\u0103 colegii din teren au sim\u021bit ceva foarte frumos\u201d<\/strong>, a spus P\u0103curaru, dup\u0103 meci.<\/p>\n<\/div>\n<p><a href=\"https:\/\/www.sport.ro\/nationala\/semnal-de-alarma-dupa-esecul-cu-olanda-ei-promoveaza-copiii-la-noi-nu-i-baga-in-liga-1.html\" class=\"button purchase\" rel=\"nofollow noopener\" target=\"_blank\">Read More<\/a><\/p>\n","protected":false},"excerpt":{"rendered":"<p>De\u0219i tricolorii mici au p\u0103r\u0103sit competi\u021bia cu capul sus, unul dintre cei mai activi juc\u0103tori din repriza secund\u0103, David P\u0103curaru, a lansat un semnal de [&hellip;]<\/p>\n","protected":false},"author":1,"featured_media":5420,"comment_status":"open","ping_status":"open","sticky":false,"template":"","format":"standard","meta":{"_monsterinsights_skip_tracking":false,"footnotes":""},"categories":[7],"tags":[],"class_list":["post-5419","post","type-post","status-publish","format-standard","has-post-thumbnail","hentry","category-sports"],"aioseo_notices":[],"_links":{"self":[{"href":"https:\/\/info-eforie.ro\/index.php\/wp-json\/wp\/v2\/posts\/5419","targetHints":{"allow":["GET"]}}],"collection":[{"href":"https:\/\/info-eforie.ro\/index.php\/wp-json\/wp\/v2\/posts"}],"about":[{"href":"https:\/\/info-eforie.ro\/index.php\/wp-json\/wp\/v2\/types\/post"}],"author":[{"embeddable":true,"href":"https:\/\/info-eforie.ro\/index.php\/wp-json\/wp\/v2\/users\/1"}],"replies":[{"embeddable":true,"href":"https:\/\/info-eforie.ro\/index.php\/wp-json\/wp\/v2\/comments?post=5419"}],"version-history":[{"count":0,"href":"https:\/\/info-eforie.ro\/index.php\/wp-json\/wp\/v2\/posts\/5419\/revisions"}],"wp:featuredmedia":[{"embeddable":true,"href":"https:\/\/info-eforie.ro\/index.php\/wp-json\/wp\/v2\/media\/5420"}],"wp:attachment":[{"href":"https:\/\/info-eforie.ro\/index.php\/wp-json\/wp\/v2\/media?parent=5419"}],"wp:term":[{"taxonomy":"category","embeddable":true,"href":"https:\/\/info-eforie.ro\/index.php\/wp-json\/wp\/v2\/categories?post=5419"},{"taxonomy":"post_tag","embeddable":true,"href":"https:\/\/info-eforie.ro\/index.php\/wp-json\/wp\/v2\/tags?post=5419"}],"curies":[{"name":"wp","href":"https:\/\/api.w.org\/{rel}","templated":true}]}}