{"id":5311,"date":"2025-06-19T07:13:55","date_gmt":"2025-06-19T07:13:55","guid":{"rendered":"https:\/\/info-eforie.ro\/index.php\/2025\/06\/19\/acum-real-madrid-hilal-1-1-pe-voyo-si-pro-tv-sauditii-restabilesc-egalitatea\/"},"modified":"2025-06-19T07:13:55","modified_gmt":"2025-06-19T07:13:55","slug":"acum-real-madrid-hilal-1-1-pe-voyo-si-pro-tv-sauditii-restabilesc-egalitatea","status":"publish","type":"post","link":"https:\/\/info-eforie.ro\/index.php\/2025\/06\/19\/acum-real-madrid-hilal-1-1-pe-voyo-si-pro-tv-sauditii-restabilesc-egalitatea\/","title":{"rendered":"ACUM: Real Madrid -Hilal 1-1, pe VOYO \u0219i PRO TV! Saudi\u021bii restabilesc egalitatea"},"content":{"rendered":"<div>\n<h2><strong>Real Madrid &#8211; Al-Hilal 1-1<\/strong><\/h2>\n<p>Final de meci! Real Madrid scoate doar un egal \u00een prima rund\u0103 de la Mondialul Cluburilor.<\/p>\n<p><strong>Minutul 90+2: RATARE! I<\/strong>NCREDIBIL! Federico Valverde nu reu\u0219e\u0219te s\u0103 transforme lovitura de pedeaps\u0103.<\/p>\n<p><strong>Minutul 90: Penalty pentru Real Madrid!<\/strong><\/p>\n<p><strong>Minutul 76:<\/strong> Nasser Al Dawsari de la Al Hilal s-a accidentat \u0219i nu mai poate continua. Mohamed Kanno \u00eel \u00eenlocuie\u0219te.<\/p>\n<p><strong>Minutul 62: <\/strong>Ocazie Real Madrid! Gonzalo Garcia prime\u0219te o centrare precis\u0103 \u00een careu \u015fi trimite un \u015fut rapid. \u00cencercarea sa nu-i pune probleme lui Bounou, care reu\u015fe\u015fte o interven\u021bie frumoas\u0103.<\/p>\n<p><strong>PAUZ\u0102<\/strong><\/p>\n<p><strong>Minutul 41: GOOOL Al-Hilal! Ruben Neves transform\u0103 lovitura de pedeaps\u0103.<\/strong><\/p>\n<\/div>\n<div>\n<p><strong>Minutul 40: Penalty pentru Al-Hilal! <\/strong>Asencio faulteaz\u0103 \u00een careu \u0219i &#8222;centralul&#8221; a dictat lovitur\u0103 de la 11 metri.<\/p>\n<p><strong>Minutul 34: GOL Real Madrid! <\/strong>Gonzalo Garcia a fost g\u0103sit liber \u00een careu de Rodrygo \u0219i nu a dezam\u0103git.<\/p>\n<\/div>\n<p><strong>Minutul 19: GOL ANULAT!<\/strong> Al-Hilal a deschis scorul pe tabel\u0103 \u00een minutul 19 prin Renan Lodi, dar execu\u021bia nu a fost validat\u0103 pe motiv de osfaid.<\/p>\n<div>\n<p><strong>Minutul 15:<\/strong> Vinicius Junior a v\u0103zut cartona\u0219ul de culoare galben\u0103 pe motiv de simulare.<\/p>\n<p><strong>Minutul 10: Ocazie Al-Hilal!<\/strong> Dup\u0103 o faz\u0103 croit\u0103 de Joao Cancelo, mingea ajunge la Marcos Leonardo, care \u015futeaz\u0103 din interiorul careului. Execu\u021bia sa trece pu\u0163in pe l\u00e2ng\u0103 bara din st\u00e2nga.<\/p>\n<\/div>\n<div>\n<p><strong>Minutul 1:<\/strong> Start de meci!<\/p>\n<p>Prezent\u0103rile juc\u0103torilor au fost f\u0103cute. Meciul este pe cale s\u0103 \u00eenceap\u0103.<\/p>\n<p>Echipele de start:<\/p>\n<ul>\n<li><strong>Real Madrid<\/strong>: Courtois &#8211; Alexander-Arnold, Huijsen, Asencio, Fran Garcia &#8211; Tchouameni, Valverde &#8211; Bellingham &#8211; Rodrygo, Gonzalo Garcia, Vinicius.<\/li>\n<li><strong>Al Hilal<\/strong>: Bono &#8211; Cancelo, Tambakti, Koulibaly, Lodi &#8211; Neves &#8211; Milinkovic-Savic, Salem Al Dawsari &#8211; Malcom, Marcos Leonardo, Nasser Al Dawsari.<\/li>\n<\/ul>\n<p>LIVE pe <a href=\"https:\/\/voyo.protv.ro\/\" rel=\"noopener noreferrer\" target=\"_blank\"><strong>VOYO <\/strong><\/a>\u0219i PRO TV \u0219i LIVE VIDEO pe <strong>Sport.ro<\/strong> de la ora 22:00, Real Madrid debuteaz\u0103 la FIFA Club World Cup 2025 \u00eempotriva saudi\u021bilor de la Al-Hilal, meci din Grupa H a competi\u021biei.<\/p>\n<p>Va fi \u0219i debutul oficial al celor doi noi antrenori principali, <strong>Xabi Alonso<\/strong> la Real Madrid \u0219i <strong>Simone Inzaghi <\/strong>la Al-Hilal.<\/p>\n<h2>Simone Inzaghi \u0219i-a sus\u021binut decizia de a pleca de la Inter Milano la Al-Hilal<br \/><\/h2>\n<p>Fostul antrenor al echipei de fotbal Inter Milano, Simone Inzaghi, a respins, mar\u0163i, criticile privind maniera \u00een care a decis s\u0103 plece la clubul saudit Al-Hilal, informeaz\u0103 AFP.<\/p>\n<p>Tehnicianul italian \u00ee\u015fi va prelua oficial mandatul la noul s\u0103u club, miercuri, cu ocazia partidei cu Real Madrid din cadrul Cupei Mondiale a Cluburilor, de la Miami.<\/p>\n<p>La conferin\u0163a de pres\u0103 de dinaintea meciului, Inzaghi a fost \u00eentrebat din nou despre circumstan\u0163ele plec\u0103rii sale \u015fi despre influen\u0163a pe care aceast\u0103 mutare ar fi putut-o avea asupra rezultatului finalei Ligii Campionilor, pierdut\u0103 cu un ustur\u0103tor 0-5 \u00een fa\u0163a lui Paris Saint-Germain.<\/p>\n<p><strong>&#8222;A\u015fa cum a fost cazul \u00een cursul celor patru ani ai mei la Inter, am auzit tot \u015fi am ascultat tot&#8221;<\/strong>, a declarat antrenorul, care a mai pierdut o final\u0103 de Liga Campionilor cu clubul milanez \u00een fa\u0163a lui Manchester City \u00een 2023 (0-1).<\/p>\n<p><strong>&#8222;Dac\u0103 este un pre\u0163 de pl\u0103tit pentru cei patru ani ai mei la Inter, eu sunt bucuros s\u0103-l pl\u0103tesc, dar nimic nu se compar\u0103 cu ce am primit de la toat\u0103 lumea. Eu vorbesc de Inter, de suporteri, de conduc\u0103tori, de juc\u0103tori&#8221;<\/strong>, a ad\u0103ugat antrenorul.<\/p>\n<p><strong>&#8222;\u015etiu c\u0103 toate astea \u00eemi vor lipsi, c\u0103 totul \u00eemi va lipsi, chiar \u015fi acuza\u0163iile cele mai injuste care au fost lansate \u00een cursul ultimilor patru ani. Dar sunt bucuros, pentru c\u0103 am dat totul \u015fi am muncit \u00een str\u00e2ns\u0103 leg\u0103tur\u0103 cu clubul \u015fi cu conduc\u0103torii. <\/strong><\/p>\n<p><strong>Eu cred c\u0103 a fost cea mai bun\u0103 decizie, at\u00e2t pentru club, c\u00e2t \u015fi pentru mine, s\u0103 mergem pe drumuri separate, cu mult\u0103 durere pentru toat\u0103 lumea&#8221;<\/strong>, a conchis Inzaghi, citat de Agerpres.<\/p>\n<p>Clubul saudit Al-Hilal a anun\u0163at, la \u00eenceputul acestei luni, angajarea antrenorului italian Simone Inzaghi, care s-a desp\u0103r\u0163it de Inter Milano la c\u00e2teva zile dup\u0103 e\u015fecul din finala Ligii Campionilor. Inzaghi, 49 de ani, a semnat un contract pe doi ani.<\/p>\n<p>Al Hilal o va \u00eenfrunta pe Real Madrid \u00een primul s\u0103u meci din cadrul turneului, care va avea loc miercuri, 18 iunie, la Miami, \u00een Grupa H. Saudi\u0163ii vor juca apoi cu RB Salzburg (23 iunie) \u015fi cu Pachuca (27 iunie).<\/p>\n<\/div>\n<p><a href=\"https:\/\/www.sport.ro\/fotbal-extern\/real-madrid-al-hilal-sau-xabi-alonso-vs-simone-inzaghi-la-fifa-club-world-cup-2025-live-pe-voyo-si-pro-tv-de-la-22-00.html\" class=\"button purchase\" rel=\"nofollow noopener\" target=\"_blank\">Read More<\/a><\/p>\n","protected":false},"excerpt":{"rendered":"<p>Real Madrid &#8211; Al-Hilal 1-1 Final de meci! Real Madrid scoate doar un egal \u00een prima rund\u0103 de la Mondialul Cluburilor. Minutul 90+2: RATARE! INCREDIBIL! [&hellip;]<\/p>\n","protected":false},"author":1,"featured_media":5312,"comment_status":"open","ping_status":"open","sticky":false,"template":"","format":"standard","meta":{"_monsterinsights_skip_tracking":false,"footnotes":""},"categories":[7],"tags":[],"class_list":["post-5311","post","type-post","status-publish","format-standard","has-post-thumbnail","hentry","category-sports"],"aioseo_notices":[],"_links":{"self":[{"href":"https:\/\/info-eforie.ro\/index.php\/wp-json\/wp\/v2\/posts\/5311","targetHints":{"allow":["GET"]}}],"collection":[{"href":"https:\/\/info-eforie.ro\/index.php\/wp-json\/wp\/v2\/posts"}],"about":[{"href":"https:\/\/info-eforie.ro\/index.php\/wp-json\/wp\/v2\/types\/post"}],"author":[{"embeddable":true,"href":"https:\/\/info-eforie.ro\/index.php\/wp-json\/wp\/v2\/users\/1"}],"replies":[{"embeddable":true,"href":"https:\/\/info-eforie.ro\/index.php\/wp-json\/wp\/v2\/comments?post=5311"}],"version-history":[{"count":0,"href":"https:\/\/info-eforie.ro\/index.php\/wp-json\/wp\/v2\/posts\/5311\/revisions"}],"wp:featuredmedia":[{"embeddable":true,"href":"https:\/\/info-eforie.ro\/index.php\/wp-json\/wp\/v2\/media\/5312"}],"wp:attachment":[{"href":"https:\/\/info-eforie.ro\/index.php\/wp-json\/wp\/v2\/media?parent=5311"}],"wp:term":[{"taxonomy":"category","embeddable":true,"href":"https:\/\/info-eforie.ro\/index.php\/wp-json\/wp\/v2\/categories?post=5311"},{"taxonomy":"post_tag","embeddable":true,"href":"https:\/\/info-eforie.ro\/index.php\/wp-json\/wp\/v2\/tags?post=5311"}],"curies":[{"name":"wp","href":"https:\/\/api.w.org\/{rel}","templated":true}]}}