{"id":5137,"date":"2025-06-12T05:07:07","date_gmt":"2025-06-12T05:07:07","guid":{"rendered":"https:\/\/info-eforie.ro\/index.php\/2025\/06\/12\/euro-u21-matei-ilie-am-fi-putut-egala-ce-a-spus-despre-penalty-ul-ratat-de-louis-munteanu-contra-italiei\/"},"modified":"2025-06-12T05:07:07","modified_gmt":"2025-06-12T05:07:07","slug":"euro-u21-matei-ilie-am-fi-putut-egala-ce-a-spus-despre-penalty-ul-ratat-de-louis-munteanu-contra-italiei","status":"publish","type":"post","link":"https:\/\/info-eforie.ro\/index.php\/2025\/06\/12\/euro-u21-matei-ilie-am-fi-putut-egala-ce-a-spus-despre-penalty-ul-ratat-de-louis-munteanu-contra-italiei\/","title":{"rendered":"EURO U21 | Matei Ilie: \u201eAm fi putut egala\u201d. Ce a spus despre penalty-ul ratat de Louis Munteanu contra Italiei"},"content":{"rendered":"<div>\n<p>Tricolorii au ar\u0103tat mai mult curaj \u00een repriza a doua \u0219i au ratat \u0219ansa egal\u0103rii \u00eenainte de pauz\u0103, c\u00e2nd Louis Munteanu a irosit un penalty.<\/p>\n<h2><strong>Matei Ilie: \u201eAm fi putut egala\u201d<\/strong><br \/><\/h2>\n<p>La finalul partidei, Matei Ilie a venit la microfon \u0219i nu s-a ferit de declara\u021bii. Funda\u0219ul a recunoscut c\u0103 \u00eenfr\u00e2ngerea a fost dureroas\u0103, dar echipa trebuie s\u0103 mearg\u0103 \u00eenainte cu \u00eencredere.<\/p>\n<p><strong>\u201eA fost un meci greu. Am ratat un penalty, ce mai putem spune? Oricine poate gre\u0219i. Nu este vina lui Louis sau a altcuiva. Nu trebuie s\u0103 ne baz\u0103m doar pe el. Oricine poate rata.<\/strong><\/p>\n<p><strong>Am fi putut egala, cu pu\u021bin noroc, dar mai avem dou\u0103 meciuri \u0219i asta ne lini\u0219te\u0219te, pentru c\u0103 mai putem acumula puncte.<\/strong><\/p>\n<p><strong>Spania a avut un meci greu cu Slovacia, deci nu v\u0103d de ce nu ar avea unul la fel de greu cu noi.<\/strong><\/p>\n<p><strong>\u00cenc\u0103 nu vreau s\u0103 vorbesc la cald. M\u00e2ine vom face o analiz\u0103 detaliat\u0103. A fost un moment emo\u021bionant pentru mine \u2013 de fiecare dat\u0103 c\u00e2nd \u00eemi c\u00e2nt\u0103 imnul, mi se face pielea de g\u0103in\u0103. E ceva ce am visat toat\u0103 via\u021ba. \u00centreaga atmosfer\u0103 creat\u0103 \u00een jurul nostru este foarte frumoas\u0103.<\/strong><\/p>\n<p><strong>Acest meci ne treze\u0219te pu\u021bin la realitate; trebuie s\u0103 d\u0103m mai mult. \u00cen ultimele 20-30 de minute chiar am pus probleme adversarilor. Dac\u0103 am avea mai mult curaj, sunt sigur c\u0103 am putea realiza mai multe.<\/strong><\/p>\n<p><strong>Acest moment ne-a tras pu\u021bin \u00een jos, dar trebuie s\u0103 fim mai curajo\u0219i. Aceste echipe \u2013 Fran\u021ba, Spania, Slovacia \u2013 sunt de acela\u0219i nivel. F\u0103r\u0103 s\u0103 marc\u0103m, nu putem realiza nimic. Eu sunt \u00eencrez\u0103tor \u0219i voi fi mereu \u00een acest grup \u0219i \u00een capacitatea noastr\u0103.<\/strong><\/p>\n<p><strong>Totul este complet diferit aici: aten\u021bia mediatic\u0103, familia&#8230; Familia mea a fost prezent\u0103 la acest meci, iar s\u0103 reprezin\u021bi o \u021bar\u0103 \u00eentreag\u0103 te face s\u0103 te sim\u021bi m\u00e2ndru. Nu ai voie s\u0103 dai gre\u0219,\u201d<\/strong> a declarat Matei Ilie la finalul meciului.<\/p>\n<p>Rom\u00e2nia se afl\u0103 \u00eentr-o grup\u0103 dificil\u0103, al\u0103turi de Italia, Spania \u0219i Slovacia. Urmeaz\u0103 meciuri decisive pentru tricolorii mici, care mai au dou\u0103 \u0219anse de a ob\u021bine calificarea \u00een fazele eliminatorii.<\/p>\n<p>Turneul se vede \u00een exclusivitate pe PRO TV, PRO ARENA \u0219i VOYO. Cele mai tari goluri, faze \u0219i rezumate pot fi vizionate pe site-ul www.sport.ro!<\/p>\n<\/div>\n<p><a href=\"https:\/\/www.sport.ro\/nationala-u21\/euro-u21-matei-ilie-am-fi-putut-egala-ce-a-spus-despre-penalty-ul-ratat-de-louis-munteanu-contra-italiei.html\" class=\"button purchase\" rel=\"nofollow noopener\" target=\"_blank\">Read More<\/a><\/p>\n","protected":false},"excerpt":{"rendered":"<p>Tricolorii au ar\u0103tat mai mult curaj \u00een repriza a doua \u0219i au ratat \u0219ansa egal\u0103rii \u00eenainte de pauz\u0103, c\u00e2nd Louis Munteanu a irosit un penalty. [&hellip;]<\/p>\n","protected":false},"author":1,"featured_media":5138,"comment_status":"open","ping_status":"open","sticky":false,"template":"","format":"standard","meta":{"_monsterinsights_skip_tracking":false,"_monsterinsights_sitenote_active":false,"_monsterinsights_sitenote_note":"","_monsterinsights_sitenote_category":0,"footnotes":""},"categories":[7],"tags":[],"class_list":["post-5137","post","type-post","status-publish","format-standard","has-post-thumbnail","hentry","category-sports"],"aioseo_notices":[],"_links":{"self":[{"href":"https:\/\/info-eforie.ro\/index.php\/wp-json\/wp\/v2\/posts\/5137","targetHints":{"allow":["GET"]}}],"collection":[{"href":"https:\/\/info-eforie.ro\/index.php\/wp-json\/wp\/v2\/posts"}],"about":[{"href":"https:\/\/info-eforie.ro\/index.php\/wp-json\/wp\/v2\/types\/post"}],"author":[{"embeddable":true,"href":"https:\/\/info-eforie.ro\/index.php\/wp-json\/wp\/v2\/users\/1"}],"replies":[{"embeddable":true,"href":"https:\/\/info-eforie.ro\/index.php\/wp-json\/wp\/v2\/comments?post=5137"}],"version-history":[{"count":0,"href":"https:\/\/info-eforie.ro\/index.php\/wp-json\/wp\/v2\/posts\/5137\/revisions"}],"wp:featuredmedia":[{"embeddable":true,"href":"https:\/\/info-eforie.ro\/index.php\/wp-json\/wp\/v2\/media\/5138"}],"wp:attachment":[{"href":"https:\/\/info-eforie.ro\/index.php\/wp-json\/wp\/v2\/media?parent=5137"}],"wp:term":[{"taxonomy":"category","embeddable":true,"href":"https:\/\/info-eforie.ro\/index.php\/wp-json\/wp\/v2\/categories?post=5137"},{"taxonomy":"post_tag","embeddable":true,"href":"https:\/\/info-eforie.ro\/index.php\/wp-json\/wp\/v2\/tags?post=5137"}],"curies":[{"name":"wp","href":"https:\/\/api.w.org\/{rel}","templated":true}]}}