{"id":5099,"date":"2025-06-12T02:10:50","date_gmt":"2025-06-12T02:10:50","guid":{"rendered":"https:\/\/info-eforie.ro\/index.php\/2025\/06\/12\/romanii-din-irlanda-de-nord-victimele-violentelor-extreme-li-se-incendiaza-casele-si-afacerile-copiii-ma-intrebau-de-ce-suntem-atacati\/"},"modified":"2025-06-12T02:10:50","modified_gmt":"2025-06-12T02:10:50","slug":"romanii-din-irlanda-de-nord-victimele-violentelor-extreme-li-se-incendiaza-casele-si-afacerile-copiii-ma-intrebau-de-ce-suntem-atacati","status":"publish","type":"post","link":"https:\/\/info-eforie.ro\/index.php\/2025\/06\/12\/romanii-din-irlanda-de-nord-victimele-violentelor-extreme-li-se-incendiaza-casele-si-afacerile-copiii-ma-intrebau-de-ce-suntem-atacati\/","title":{"rendered":"Rom\u00e2nii din Irlanda de Nord, victimele violen\u021belor extreme. Li se incendiaz\u0103 casele \u0219i afacerile. \u201eCopiii m\u0103 \u00eentrebau de ce suntem ataca\u021bi\u201d"},"content":{"rendered":"<div>\n<p>Continu\u0103 violen\u021bele din Ballymena, Irlanda de Nord, unde afacerile \u0219i casele rom\u00e2nilor sunt incendiate. Un protest pa\u0219nic \u00een sprijinul unei fete care ar fi fost victima<br \/>\nunei agresiuni sexuale, s-a transformat \u00eentr-un <a href=\"https:\/\/adevarul.ro\/stiri-interne\/evenimente\/manifestatii-violente-in-irlanda-de-nord-din-cauza-2449506.html\" target=\"_blank\">val de violen\u021be.<\/a><\/p>\n<div><picture loading=\"eager\" width=\"1400\" height=\"750\" alt=\"Protestatarii au incendiat casele \u015fi afacerile rom\u00e2nilor. FOTO: GettyImages\"><source type=\"image\/webp\"  media=\"(min-width: 1400px)\"><source type=\"image\/webp\"  media=\"(min-width: 1000px)\"><source type=\"image\/webp\"  media=\"(min-width: 700px)\"><source type=\"image\/jpeg\"  media=\"(min-width: 1400px)\"><source type=\"image\/jpeg\"  media=\"(min-width: 1000px)\"><source type=\"image\/jpeg\"  media=\"(min-width: 700px)\"><img fetchpriority=\"high\" decoding=\"async\" src=\"https:\/\/cdn.adh.reperio.news\/image-5\/50081ae9-1ef8-42d4-9ac4-b08a32626e5a\/index.jpeg?p=a%3D1%26co%3D1.05%26w%3D700%26h%3D750%26r%3Dcontain%26f%3Dwebp\" alt=\"Protestatarii au incendiat casele \u015fi afacerile rom\u00e2nilor. FOTO: GettyImages\" width=\"1400\" height=\"750\" loading=\"eager\"><\/picture>\n<p>Protestatarii au incendiat casele \u015fi afacerile rom\u00e2nilor. FOTO: GettyImages<\/p>\n<\/div>\n<p>A doua noapte de<br \/>\ntulbur\u0103ri la Ballymena s-a transformat \u00eentr-o explozie de violen\u021b\u0103 rasial\u0103.<br \/>\nMar\u0163i, poli\u021bia a fost atacat\u0103, iar familii \u00eentregi din comunitatea rom\u00e2neasc\u0103<br \/>\ntr\u0103iesc cu team\u0103, dup\u0103 ce casele \u015fi afacerile lor au fost vizate \u00een mod direct.<\/p>\n<p>Dup\u0103 ce sute de<br \/>\npersoane s-au adunat \u00een cursul serii \u00een zona Clonavon Terrace, poli\u021bia a fost<br \/>\nmobilizat\u0103 de urgen\u021b\u0103, iar vehiculele for\u021belor de ordine au format baricade pe<br \/>\nstr\u0103zile principale. Protestatarii, dintre care mul\u021bi purtau cagule, au aruncat<br \/>\ncu sticle incendiare, artificii, c\u0103r\u0103mizi \u0219i buc\u0103\u021bi de metal \u00een direc\u021bia<br \/>\npoli\u021biei. \u00centr-un gest de sfidare, un b\u0103rbat aflat pe un scuter destinat<br \/>\npersoanelor cu mobilitate redus\u0103 a avansat spre liniile poli\u021biei, potrivit presei<br \/>\ndin Irlanda de Nord.<\/p>\n<p>Sursa: TikTok<\/p>\n<p>Cel pu\u021bin dou\u0103<br \/>\nma\u0219ini au fost incendiate, mai multe ferestre ale locuin\u021belor au fost sparte,<br \/>\niar patru case au fost afectate de incendii. Poli\u021bia a fost nevoit\u0103 s\u0103<br \/>\nfoloseasc\u0103 gloan\u021be neletale \u0219i un tun cu ap\u0103 pentru a dispersa mul\u021bimea. \u00cen timpul misiunii, 15 poli\u021bi\u0219ti au fost r\u0103ni\u021bi, iar dou\u0103 vehicule ale for\u021belor de ordine &#8211;<br \/>\navariate.<\/p>\n<p>Surs\u0103 video: imagini amator<\/p>\n<p>Tulbur\u0103rile din<br \/>\nnoaptea de mar\u021bi au urmat unor violen\u021be similare petrecute luni seara \u00een<br \/>\nacela\u0219i ora\u0219, dup\u0103 un protest organizat<a href=\"https:\/\/adevarul.ro\/stiri-interne\/evenimente\/marturii-din-iadul-nord-irlandez-dupa-violenetele-2449535.html\" target=\"_blank\"> \u00een sprijinul familiei unei fete care ar<br \/>\nfi fost agresat\u0103 sexual <\/a>de doi adolescen\u021bi rom\u00e2ni de 14 ani. Ace\u0219tia au fost<br \/>\nacuza\u021bi de tentativ\u0103 de viol, acuza\u021biile fiindu-le citite \u00een instan\u021b\u0103 cu<br \/>\najutorul unui interpret rom\u00e2n. <\/p>\n<h2>\u021ainta violen\u021belor:<br \/>\ncomunitatea rom\u00e2neasc\u0103<\/h2>\n<p>\u00cen timpul<br \/>\nrevoltelor, mai multe locuin\u021be \u015fi bunuri ale unor familii de rom\u00e2ni au fost<br \/>\ndistruse, iar autorit\u0103\u0163ile au intervenit pentru a-i evacua \u00een siguran\u0163\u0103 din<br \/>\npropriile case. Mul\u021bi spun acum c\u0103 nu se mai simt \u00een siguran\u021b\u0103 \u00een ora\u0219.<\/p>\n<p>Surs\u0103 video: imagini amator<\/p>\n<p>O rom\u00e2nc\u0103, a c\u0103rei<br \/>\ncas\u0103 din ora\u0219ul Co Antrim a fost vizat\u0103 de protestatarii violen\u0163i luni sear\u0103, a<br \/>\npovestit c\u0103 a \u00eencercat s\u0103 fug\u0103 \u00eempreun\u0103 cu cei trei copii ai s\u0103i, dup\u0103 ce<br \/>\nferestrele locuin\u021bei au fost sparte.<\/p>\n<p><i>\u00a0\u201eCopiii m\u0103<br \/>\n\u00eentrebau de ce suntem ataca\u021bi. Nu mai vreau s\u0103 stau aici, copiii sunt speria\u021bi<br \/>\n\u0219i eu sunt speriat\u0103\u201d,<\/i> a<br \/>\ndeclarat femeia, care se teme pentru siguran\u0163a familiei sale.<\/p>\n<p><i>\u201eNici m\u0103car nu \u0219tim de ce ni s-a \u00eent\u00e2mplat asta.<br \/>\nRevoltele au \u00eenceput asear\u0103. Nu ne a\u0219teptam s\u0103 ajung\u0103 la casa noastr\u0103. Am<br \/>\n\u00eencercat s\u0103 ie\u0219im din cas\u0103 \u0219i s\u0103 mergem \u00eentr-un loc sigur. Locuiesc aici de 15<br \/>\nani. Totul a fost bine, totul a fost \u00een regul\u0103. Am at\u00e2t de mul\u021bi prieteni \u00een<br \/>\nBallymena, am primit at\u00e2t de mult sprijin. Toat\u0103 lumea ne-a trimis mesaje \u0219i<br \/>\nne-a \u00eentrebat dac\u0103 suntem bine, dac\u0103 suntem \u00een siguran\u021b\u0103, dac\u0103 pot face ceva<br \/>\npentru noi\u201d,<\/i> a povestit un alt<br \/>\nrom\u00e2n pentru <a href=\"https:\/\/www.belfastlive.co.uk\/news\/northern-ireland\/ballymena-riot-leaves-romanian-mother-31829501\" target=\"_blank\" rel=\"nofollow\">belfastlive.<\/a><\/p>\n<p><i>\u201eSunt norocos,<br \/>\npentru c\u0103 pagubele de aici nu sunt prea grave, dar sora mea are trei copii, iar<br \/>\neu am o feti\u021b\u0103 \u015fi ne temem. Vom locui o perioad\u0103 la un prieten \u0219i apoi vom<br \/>\n\u00eencerca s\u0103 ne mut\u0103m de aici\u201d<\/i>, a mai spus rom\u00e2nul.<\/p>\n<p>El spune c\u0103 nu<br \/>\n\u00een\u0163elege de ce au devenit \u021binta acestor atacuri.<\/p>\n<p><i>\u201e\u00cemi place s\u0103 cred c\u0103 acum sunt un om din Ballymena, am<br \/>\ntr\u0103it aici jum\u0103tate din via\u021ba mea. \u00cen\u021beleg dac\u0103 oamenii vor s\u0103 protesteze, dar<br \/>\nnu trebuia s\u0103 fie a\u0219a. Nu ar trebui s\u0103 pl\u0103tim noi pre\u021bul\u201d, <\/i>crede b\u0103rbatul.<\/p>\n<p>Surs\u0103 video: imagini amator<\/p>\n<h2>\u00a0\u201eViolen\u021be cu caracter rasist\u201d confirm\u0103<br \/>\nautorit\u0103\u0163ile<\/h2>\n<p>Adjunctul \u0219efului<br \/>\npoli\u021biei din Irlanda de Nord, Ryan Henderson, a declarat c\u0103 atacurile au fost<br \/>\n\u201e<i>cu caracter rasist<\/i>\u201d \u0219i a lansat un apel pentru calm.<\/p>\n<p><i>\u201eLucr\u0103m pentru a-i identifica pe cei responsabili de<br \/>\ntulbur\u0103rile de asear\u0103 \u0219i \u00eei vom aduce \u00een fa\u021ba justi\u021biei. Este esen\u021bial ca<br \/>\naceste acte s\u0103 fie condamnate cu fermitate de \u00eentreaga comunitate\u201d,<\/i> a spus el.<\/p>\n<p>Un b\u0103rbat \u00een v\u00e2rst\u0103<br \/>\nde 29 de ani a fost arestat \u00een timpul tulbur\u0103rilor din Ballymena, luni seara. B\u0103rbatul,<br \/>\ncare urmeaz\u0103 s\u0103 compar\u0103 \u00een fa\u021ba Tribunalului Magistraturii din Ballymena joi, 3<br \/>\niulie, a fost acuzat \u0219i de comportament turbulent, tentativ\u0103 de distrugere \u0219i<br \/>\nopunere de rezisten\u021b\u0103 la poli\u021bie.<\/p>\n<p>Poli\u021bia a precizat<br \/>\nc\u0103 \u00een timpul incidentelor au fost trase proiectile de tip AEP (cu energie<br \/>\natenuat\u0103), fiind lovit un participant violent. De asemenea, for\u021bele de ordine<br \/>\nau afirmat c\u0103 sunt preg\u0103tite pentru interven\u021bii suplimentare, inclusiv cu<br \/>\nsprijin din Anglia \u0219i \u021aara Galilor, dac\u0103 situa\u021bia escaladeaz\u0103.<\/p>\n<p>Un purt\u0103tor de<br \/>\ncuv\u00e2nt al prim-ministrului britanic a calificat evenimentele drept \u201efoarte<br \/>\n\u00eengrijor\u0103toare\u201d \u0219i a transmis sprijin poli\u021biei \u0219i victimelor.<\/p>\n<p><i>\u201eNu exist\u0103 nicio justificare pentru aceste violen\u021be.<br \/>\nG\u00e2ndurile noastre se \u00eendreapt\u0103 c\u0103tre victimele agresiunilor \u0219i c\u0103tre poli\u021bi\u0219tii<br \/>\nr\u0103ni\u021bi\u201d,<\/i> a transmis acesta.<\/p>\n<h2>Noi incidente \u0219i<br \/>\ninvestiga\u021bii \u00een desf\u0103\u0219urare<\/h2>\n<p>\u00cen paralel cu<br \/>\nviolen\u021bele din Ballymena, un alt incident a fost raportat \u00een zona Tobar Park<br \/>\ndin Cullybackey, unde o bomb\u0103 artizanal\u0103 cu benzin\u0103 aruncat\u0103 asupra unui<br \/>\nvehicul a provocat un incendiu care s-a extins la o locuin\u021b\u0103 \u00een care se aflau o<br \/>\nfemeie \u0219i doi copii.<\/p>\n<p>Poli\u021bia a anun\u021bat<br \/>\nc\u0103 investigheaz\u0103 toate aceste evenimente ca parte a unei anchete ample privind<br \/>\ndezordinea civil\u0103 \u0219i atacurile motivate de ur\u0103 rasial\u0103. Cinci persoane au fost deja re\u0163inute \u015fi urmeaz\u0103 s\u0103 se fac\u0103 \u015fi alte arest\u0103ri, dup\u0103 vizionarea tuturor materialelor video care au surprins violen\u0163ele, au mai transmis autorit\u0103\u0163ile, preciz\u00e2nd c\u0103 imaginile cu suspec\u0163ii vor fi f\u0103cute publice, pentru ca cet\u0103\u0163enii s\u0103 ajute la identificarea lor.<\/p>\n<\/p><\/div>\n<div>\n<p><strong>Cite\u0219te mai multe despre: <\/strong><br \/>\n        <a href=\"http:\/\/adevarul.ro\/tag\/video\" title=\"Ultimele \u0219tiri despre video\">video<\/a><\/p>\n<\/div>\n<p><a href=\"https:\/\/adevarul.ro\/stiri-interne\/evenimente\/romanii-din-irlanda-de-nord-victimele-violentelor-2449789.html\" class=\"button purchase\" rel=\"nofollow noopener\" target=\"_blank\">Read More<\/a><\/p>\n","protected":false},"excerpt":{"rendered":"<p>Continu\u0103 violen\u021bele din Ballymena, Irlanda de Nord, unde afacerile \u0219i casele rom\u00e2nilor sunt incendiate. Un protest pa\u0219nic \u00een sprijinul unei fete care ar fi fost [&hellip;]<\/p>\n","protected":false},"author":1,"featured_media":5100,"comment_status":"open","ping_status":"open","sticky":false,"template":"","format":"standard","meta":{"_monsterinsights_skip_tracking":false,"_monsterinsights_sitenote_active":false,"_monsterinsights_sitenote_note":"","_monsterinsights_sitenote_category":0,"footnotes":""},"categories":[6],"tags":[],"class_list":["post-5099","post","type-post","status-publish","format-standard","has-post-thumbnail","hentry","category-popular"],"aioseo_notices":[],"_links":{"self":[{"href":"https:\/\/info-eforie.ro\/index.php\/wp-json\/wp\/v2\/posts\/5099","targetHints":{"allow":["GET"]}}],"collection":[{"href":"https:\/\/info-eforie.ro\/index.php\/wp-json\/wp\/v2\/posts"}],"about":[{"href":"https:\/\/info-eforie.ro\/index.php\/wp-json\/wp\/v2\/types\/post"}],"author":[{"embeddable":true,"href":"https:\/\/info-eforie.ro\/index.php\/wp-json\/wp\/v2\/users\/1"}],"replies":[{"embeddable":true,"href":"https:\/\/info-eforie.ro\/index.php\/wp-json\/wp\/v2\/comments?post=5099"}],"version-history":[{"count":0,"href":"https:\/\/info-eforie.ro\/index.php\/wp-json\/wp\/v2\/posts\/5099\/revisions"}],"wp:featuredmedia":[{"embeddable":true,"href":"https:\/\/info-eforie.ro\/index.php\/wp-json\/wp\/v2\/media\/5100"}],"wp:attachment":[{"href":"https:\/\/info-eforie.ro\/index.php\/wp-json\/wp\/v2\/media?parent=5099"}],"wp:term":[{"taxonomy":"category","embeddable":true,"href":"https:\/\/info-eforie.ro\/index.php\/wp-json\/wp\/v2\/categories?post=5099"},{"taxonomy":"post_tag","embeddable":true,"href":"https:\/\/info-eforie.ro\/index.php\/wp-json\/wp\/v2\/tags?post=5099"}],"curies":[{"name":"wp","href":"https:\/\/api.w.org\/{rel}","templated":true}]}}