{"id":5097,"date":"2025-06-11T04:11:28","date_gmt":"2025-06-11T04:11:28","guid":{"rendered":"https:\/\/info-eforie.ro\/index.php\/2025\/06\/11\/dennis-politic-a-postat-un-mesaj-dupa-despartirea-de-dinamo-dupa-care-a-oprit-comentariile\/"},"modified":"2025-06-11T04:11:28","modified_gmt":"2025-06-11T04:11:28","slug":"dennis-politic-a-postat-un-mesaj-dupa-despartirea-de-dinamo-dupa-care-a-oprit-comentariile","status":"publish","type":"post","link":"https:\/\/info-eforie.ro\/index.php\/2025\/06\/11\/dennis-politic-a-postat-un-mesaj-dupa-despartirea-de-dinamo-dupa-care-a-oprit-comentariile\/","title":{"rendered":"Dennis Politic a postat un mesaj dup\u0103 desp\u0103r\u021birea de Dinamo, dup\u0103 care a oprit comentariile"},"content":{"rendered":"<div>\n<p>Fostul dinamovist a fost principala \u021bint\u0103 a lui Gigi Becali <a href=\"https:\/\/www.sport.ro\/liga-1\/fcsb-a-anuntat-transferul-lui-dennis-politic-cand-se-va-alatura-lotului.html\" rel=\"noopener noreferrer\"><strong>pentru aceast\u0103 perioad\u0103 de mercato<\/strong><\/a>. \u00cen schimbul s\u0103u, patronul FCSB l-a cedat pe Alexandru Musi (20 de ani) plus \u00eenc\u0103 un milion de euro.<\/p>\n<p>Dup\u0103 ce a fost prezentat oficial ca noul juc\u0103tor al campioanei Rom\u00e2niei, Politic a postat un mesaj emo\u021bionant pe re\u021belele de socializare pentru fanii dinamovi\u0219ti.<\/p>\n<p>Politic a transmis mul\u021bumiri celor de la Dinamo. <strong>\u201dV\u0103 doresc tot binele din lume\u201d,<\/strong> a scris fostul c\u0103pitan al echipei lui Kopic, dup\u0103 care a oprit comentariile la postarea respectiv\u0103.<\/p>\n<h2><strong>Mesajul lui Dennis Politic dup\u0103 desp\u0103r\u021birea de Dinamo<\/strong><br \/><\/h2>\n<p><strong>\u201eMul\u021bumesc, Dinamo!<br \/><\/strong><\/p>\n<p><strong>Am tr\u0103it momente intense \u0219i speciale \u00een tricoul lui Dinamo, de la salvarea de la retrogradare sezonul trecut, la intrarea \u00een play off dup\u0103 8 ani de zile. Au fost momente care m-au format ca juc\u0103tor \u0219i ca om. Am fost primit cu c\u0103ldur\u0103 \u0219i m-am sim\u021bit parte dintr-o familie adev\u0103rat\u0103, chiar \u0219i \u00een cele mai grele clipe. Le mul\u021bumesc colegilor, staff-ului \u0219i mai ales vou\u0103, suporterilor, pentru sus\u021binerea sincer\u0103 \u0219i pasiunea voastr\u0103 incredibil\u0103.<br \/><\/strong><\/p>\n<p><strong>A venit timpul pentru un nou capitol \u00een cariera mea. Nu uit ce a fost \u0219i plec cu respect \u0219i recuno\u0219tin\u021b\u0103. V\u0103 doresc tot binele din lume \u0219i s\u0103 v\u0103 vede\u021bi clubul acolo unde \u00eei e locul \u2013 sus, lupt\u00e2nd pentru glorie.<br \/><\/strong><\/p>\n<p><strong>Cu respect,<\/strong><\/p>\n<p><strong>Dennis Politic\u201d,<\/strong> a scris Politic.<\/p>\n<\/div>\n<div>\n<h2><strong>Dennis Politic, cinci ani la FCSB<\/strong><br \/><\/h2>\n<p>Imediat dup\u0103 anun\u021bul oficial, impresarul lui Dennis Politic, C\u0103t\u0103lin S\u0103rm\u0103\u0219an, a publicat dou\u0103 fotografii de la semnarea contractului. Cele dou\u0103 p\u0103r\u021bi s-au \u00een\u021beles \u00een privin\u021ba unui contract valabil pentru urm\u0103torii cinci ani.<\/p>\n<p>Cel mai probabil, \u00een\u021belegerea include \u0219i o clauz\u0103 de reziliere consistent\u0103, a\u0219a cum procedeaz\u0103, \u00een general, Gigi Becali cu juc\u0103torii s\u0103i preferan\u021bi.<\/p>\n<p><strong>\u201eDennis Politic este noul jucator al clubului FCSB! Internationalul roman a semnat azi un contract valabil pentru o perioada de 5 ani si isi va continua cariera la campioana Romaniei. Felicitari si mult succes, Dennis!\u201d,<\/strong> a scris S\u0103rm\u0103\u0219an.<\/p>\n<p>Dennis Politic a fost transferat de Dinamo \u00een 2023, imediat dup\u0103 ce \u201dc\u00e2inii\u201d au promovat \u00een Superliga Rom\u00e2niei. \u00cen sezonul 2023-2024, a contribuit decisiv la salvarea echipei de la retrogradare, fiind golgeterul echipei, cu opt reu\u0219ite.<\/p>\n<p>Evolu\u021biile sale bune au continuat \u0219i \u00een acest sezon, \u00een care a reu\u0219it s\u0103 marcheze de \u0219ase ori \u0219i s\u0103 ofere alte dou\u0103 pase decisive, cu toate c\u0103 a fost m\u0103cinat \u0219i de c\u00e2teva accident\u0103ri.<\/p>\n<\/div>\n<p><a href=\"https:\/\/www.sport.ro\/liga-1\/dennis-politic-a-postat-un-mesaj-dupa-despartirea-de-dinamo-dupa-care-a-oprit-comentariile.html\" class=\"button purchase\" rel=\"nofollow noopener\" target=\"_blank\">Read More<\/a><\/p>\n","protected":false},"excerpt":{"rendered":"<p>Fostul dinamovist a fost principala \u021bint\u0103 a lui Gigi Becali pentru aceast\u0103 perioad\u0103 de mercato. \u00cen schimbul s\u0103u, patronul FCSB l-a cedat pe Alexandru Musi [&hellip;]<\/p>\n","protected":false},"author":1,"featured_media":5098,"comment_status":"open","ping_status":"open","sticky":false,"template":"","format":"standard","meta":{"_monsterinsights_skip_tracking":false,"footnotes":""},"categories":[7],"tags":[],"class_list":["post-5097","post","type-post","status-publish","format-standard","has-post-thumbnail","hentry","category-sports"],"aioseo_notices":[],"_links":{"self":[{"href":"https:\/\/info-eforie.ro\/index.php\/wp-json\/wp\/v2\/posts\/5097","targetHints":{"allow":["GET"]}}],"collection":[{"href":"https:\/\/info-eforie.ro\/index.php\/wp-json\/wp\/v2\/posts"}],"about":[{"href":"https:\/\/info-eforie.ro\/index.php\/wp-json\/wp\/v2\/types\/post"}],"author":[{"embeddable":true,"href":"https:\/\/info-eforie.ro\/index.php\/wp-json\/wp\/v2\/users\/1"}],"replies":[{"embeddable":true,"href":"https:\/\/info-eforie.ro\/index.php\/wp-json\/wp\/v2\/comments?post=5097"}],"version-history":[{"count":0,"href":"https:\/\/info-eforie.ro\/index.php\/wp-json\/wp\/v2\/posts\/5097\/revisions"}],"wp:featuredmedia":[{"embeddable":true,"href":"https:\/\/info-eforie.ro\/index.php\/wp-json\/wp\/v2\/media\/5098"}],"wp:attachment":[{"href":"https:\/\/info-eforie.ro\/index.php\/wp-json\/wp\/v2\/media?parent=5097"}],"wp:term":[{"taxonomy":"category","embeddable":true,"href":"https:\/\/info-eforie.ro\/index.php\/wp-json\/wp\/v2\/categories?post=5097"},{"taxonomy":"post_tag","embeddable":true,"href":"https:\/\/info-eforie.ro\/index.php\/wp-json\/wp\/v2\/tags?post=5097"}],"curies":[{"name":"wp","href":"https:\/\/api.w.org\/{rel}","templated":true}]}}