{"id":5044,"date":"2025-06-09T03:23:41","date_gmt":"2025-06-09T03:23:41","guid":{"rendered":"https:\/\/info-eforie.ro\/index.php\/2025\/06\/09\/sunt-primul-care-isi-asuma-nicolae-stanciu-mesaj-manifest-la-o-zi-dupa-dezastrul-de-la-viena\/"},"modified":"2025-06-09T03:23:41","modified_gmt":"2025-06-09T03:23:41","slug":"sunt-primul-care-isi-asuma-nicolae-stanciu-mesaj-manifest-la-o-zi-dupa-dezastrul-de-la-viena","status":"publish","type":"post","link":"https:\/\/info-eforie.ro\/index.php\/2025\/06\/09\/sunt-primul-care-isi-asuma-nicolae-stanciu-mesaj-manifest-la-o-zi-dupa-dezastrul-de-la-viena\/","title":{"rendered":"&#8222;Sunt primul care \u00ee\u0219i asum\u0103!&#8221; Nicolae Stanciu, mesaj-manifest la o zi dup\u0103 dezastrul de la Viena"},"content":{"rendered":"<div>\n<p>\u00centr-o postare pe contul s\u0103u de Instagram, decarul na\u021bionalei \u0219i-a asumat responsabilitatea pentru e\u0219ec, dar a promis c\u0103 &#8222;tricolorii&#8221; vor lupta pentru calificare p\u00e2n\u0103 la cap\u0103t, cer\u00e2nd unitate \u00een jurul echipei na\u021bionale. Paradoxal, Stanciu va lipsi de la urm\u0103toarea b\u0103t\u0103lie, cea cu Cipru, din cauza unei suspend\u0103ri.<\/p>\n<p>S\u00e2mb\u0103t\u0103 seara, pe stadionul Ernst-Happel din Viena, echipa na\u021bional\u0103 a Rom\u00e2niei a avut o evolu\u021bie modest\u0103 \u0219i a pierdut f\u0103r\u0103 drept de apel \u00een fa\u021ba favoritei grupei, Austria. Golurile marcate de Michael Gregoritsch (42) \u0219i Marcel Sabitzer (60) au pecetluit soarta partidei, golul de onoare al lui Florin T\u0103nase venind mult prea t\u00e2rziu, \u00een ultimul minut de prelungiri (90+5).<\/p>\n<h2>C\u0103pitanul cere sprijinul fanilor<br \/><\/h2>\n<p>\u00cen fa\u021ba valului de dezam\u0103gire care a cuprins fanii rom\u00e2ni, Nicolae Stanciu, purt\u0103torul banderolei, a transmis un mesaj prin care \u00eencearc\u0103 s\u0103 remonteze moralul tuturor. Acesta a subliniat c\u0103, de\u0219i rezultatul este unul negativ, echipa nu se consider\u0103 \u00eenvins\u0103 \u0219i va continua s\u0103 lupte pentru visul de a ajunge la un turneu final.<\/p>\n<p><strong>&#8222;Dragi suporteri, la fel ca \u0219i voi, suntem dezam\u0103gi\u021bi, dar nu resemna\u021bi. \u00cen calitate de c\u0103pitan, sunt primul care \u00ee\u0219i asum\u0103 responsabilitatea unui rezultat mai pu\u021bin reu\u0219it. Dar, \u00een acela\u0219i timp, sunt \u0219i primul care spune c\u0103 vom lupta p\u00e2n\u0103 la final pentru visul nostru, al tuturor, de a readuce Rom\u00e2nia la un Campionat Mondial. Suntem aceea\u0219i genera\u021bie care d\u0103 totul pentru Rom\u00e2nia \u0219i avem nevoie de sprijinul vostru pentru a ne \u00eendeplini \u00eempreun\u0103 obiectivul. Pe orice cale. V\u0103 mul\u021bumim pentru sus\u021binere. \u00cempreun\u0103 pentru Rom\u00e2nia!&#8221;<\/strong>, a scris Stanciu pe re\u021belele de socializare.<\/p>\n<\/div>\n<div>\n<p>Mesajul vine \u00een contextul unei partide \u00een care &#8222;tricolorii&#8221;, sub comanda lui Mircea Lucescu, nu au reu\u0219it s\u0103 expedieze niciun \u0219ut pe spa\u021biul por\u021bii p\u00e2n\u0103 \u00een minutul 71, c\u00e2nd chiar Stanciu a executat periculos o lovitur\u0103 liber\u0103, respins\u0103 de portarul austriac.<\/p>\n<p>Din p\u0103cate pentru na\u021bionala noastr\u0103, c\u0103pitanul a \u00eencasat un cartona\u0219 galben \u00een minutul 44 al partidei de la Viena, ceea ce atrage suspendarea sa pentru urm\u0103torul meci. Astfel, Rom\u00e2nia va aborda duelul crucial de pe teren propriu cu Cipru, programat pe 10 iunie, f\u0103r\u0103 liderul s\u0103u din teren.<\/p>\n<\/div>\n<p><a href=\"https:\/\/www.sport.ro\/nationala\/sunt-primul-care-isi-asuma-nicolae-stanciu-mesaj-manifest-la-o-zi-dupa-dezastrul-de-la-viena.html\" class=\"button purchase\" rel=\"nofollow noopener\" target=\"_blank\">Read More<\/a><\/p>\n","protected":false},"excerpt":{"rendered":"<p>\u00centr-o postare pe contul s\u0103u de Instagram, decarul na\u021bionalei \u0219i-a asumat responsabilitatea pentru e\u0219ec, dar a promis c\u0103 &#8222;tricolorii&#8221; vor lupta pentru calificare p\u00e2n\u0103 la [&hellip;]<\/p>\n","protected":false},"author":1,"featured_media":5045,"comment_status":"open","ping_status":"open","sticky":false,"template":"","format":"standard","meta":{"_monsterinsights_skip_tracking":false,"footnotes":""},"categories":[7],"tags":[],"class_list":["post-5044","post","type-post","status-publish","format-standard","has-post-thumbnail","hentry","category-sports"],"aioseo_notices":[],"_links":{"self":[{"href":"https:\/\/info-eforie.ro\/index.php\/wp-json\/wp\/v2\/posts\/5044","targetHints":{"allow":["GET"]}}],"collection":[{"href":"https:\/\/info-eforie.ro\/index.php\/wp-json\/wp\/v2\/posts"}],"about":[{"href":"https:\/\/info-eforie.ro\/index.php\/wp-json\/wp\/v2\/types\/post"}],"author":[{"embeddable":true,"href":"https:\/\/info-eforie.ro\/index.php\/wp-json\/wp\/v2\/users\/1"}],"replies":[{"embeddable":true,"href":"https:\/\/info-eforie.ro\/index.php\/wp-json\/wp\/v2\/comments?post=5044"}],"version-history":[{"count":0,"href":"https:\/\/info-eforie.ro\/index.php\/wp-json\/wp\/v2\/posts\/5044\/revisions"}],"wp:featuredmedia":[{"embeddable":true,"href":"https:\/\/info-eforie.ro\/index.php\/wp-json\/wp\/v2\/media\/5045"}],"wp:attachment":[{"href":"https:\/\/info-eforie.ro\/index.php\/wp-json\/wp\/v2\/media?parent=5044"}],"wp:term":[{"taxonomy":"category","embeddable":true,"href":"https:\/\/info-eforie.ro\/index.php\/wp-json\/wp\/v2\/categories?post=5044"},{"taxonomy":"post_tag","embeddable":true,"href":"https:\/\/info-eforie.ro\/index.php\/wp-json\/wp\/v2\/tags?post=5044"}],"curies":[{"name":"wp","href":"https:\/\/api.w.org\/{rel}","templated":true}]}}