{"id":4740,"date":"2025-05-29T20:06:21","date_gmt":"2025-05-29T20:06:21","guid":{"rendered":"https:\/\/info-eforie.ro\/index.php\/2025\/05\/29\/analistul-iancu-guda-dezvaluiri-din-culisele-discutiilor-cu-bolojan-despre-deficit-niciodata-nu-am-observat-ceea-ce-am-vazut-astazi\/"},"modified":"2025-05-29T20:06:21","modified_gmt":"2025-05-29T20:06:21","slug":"analistul-iancu-guda-dezvaluiri-din-culisele-discutiilor-cu-bolojan-despre-deficit-niciodata-nu-am-observat-ceea-ce-am-vazut-astazi","status":"publish","type":"post","link":"https:\/\/info-eforie.ro\/index.php\/2025\/05\/29\/analistul-iancu-guda-dezvaluiri-din-culisele-discutiilor-cu-bolojan-despre-deficit-niciodata-nu-am-observat-ceea-ce-am-vazut-astazi\/","title":{"rendered":"Analistul Iancu Guda, dezv\u0103luiri din culisele discu\u021biilor cu Bolojan despre deficit: \u201eNiciodat\u0103 nu am observat ceea ce am v\u0103zut ast\u0103zi\u201d"},"content":{"rendered":"<div>\n<p>Ilie<br \/>\nBolojan, pre\u0219edintele Senatului, l-a invitat pe jurnalistul \u0219i analistul<br \/>\neconomic Iancu Guda la o discu\u021bie despre deficitul bugetar.<\/p>\n<div><picture loading=\"eager\" width=\"1400\" height=\"750\" alt=\"Iancu Guda \u0219i Ilie Bolojan FOTO: Facebook\/Iancu Guda\"><source type=\"image\/webp\"  media=\"(min-width: 1400px)\"><source type=\"image\/webp\"  media=\"(min-width: 1000px)\"><source type=\"image\/webp\"  media=\"(min-width: 700px)\"><source type=\"image\/png\"  media=\"(min-width: 1400px)\"><source type=\"image\/png\"  media=\"(min-width: 1000px)\"><source type=\"image\/png\"  media=\"(min-width: 700px)\"><img fetchpriority=\"high\" decoding=\"async\" src=\"https:\/\/cdn.adh.reperio.news\/image-6\/68b19542-d472-486c-92ce-2350c302a419\/index.png?p=a%3D1%26co%3D1.05%26w%3D700%26h%3D750%26r%3Dcontain%26c%3D0%252C0.326%252C1%252C0.433%26f%3Dwebp\" alt=\"Iancu Guda \u0219i Ilie Bolojan FOTO: Facebook\/Iancu Guda\" width=\"1400\" height=\"750\" loading=\"eager\"><\/picture>\n<p>Iancu Guda \u0219i Ilie Bolojan FOTO: Facebook\/Iancu Guda<\/p>\n<\/div>\n<p>O<br \/>\npostare pe Facebook f\u0103cut\u0103 de analistul economic \u0219i totodat\u0103 realizator tv de emisiuni financiare Iancu Guda<br \/>\neste distribuit\u0103 masiv \u00een mediul online.<\/p>\n<p>Iancu<br \/>\nGuda dezv\u0103luie impresiile sale de la o discu\u021bie pe care a avut-o joi cu Ilie<br \/>\nBolojan, pre\u0219edintele al Senatului \u0219i al Partidului Na\u021bional Liberal, un nume care<br \/>\nst\u0103 pe buzele tuturor \u00een aceste zile pentru preluarea func\u021biei de<br \/>\nprim-ministru.<\/p>\n<p>Ilie<br \/>\nBolojan poart\u0103 \u00een aceste zile discu\u021bii cu mul\u021bi speciali\u0219ti pe tema deficitului<br \/>\nbugetar \u0219i a insistat s\u0103 aib\u0103 o opinie \u0219i mai ales solu\u021bii de la analistul<br \/>\nIancu Guda.<\/p>\n<p>Acesta<br \/>\na r\u0103mas impresionat de politician \u0219i de stilul acestuia de munc\u0103, m\u0103rturisind<br \/>\nc\u0103 la discu\u021bia care a durat o or\u0103 avea deja notate 178 de idei pe subiectul<br \/>\naflat \u00een discu\u021bie.<\/p>\n<p><i>\u201dAdev\u0103rul<br \/>\neste urm\u0103torul: Domnul Bolojan m-a sunat<br \/>\nini\u0163ial ieri sear\u0103 \u00een jur de ora 20.00. NU aveam num\u0103rul de telefon (nu am<br \/>\nvorbit sau \u00eent\u00e2lnit nicioad\u0103 p\u00e2n\u0103 acum<br \/>\n1:1) \u015fi nu am putut s\u0103 r\u0103spund pentru c\u0103 eram blocat \u00een ultima \u00eent\u00e2lnire a<br \/>\nzilei. Am primit apoi un SMS: \u201cBun\u0103 seara dl. Guda! \u00cencerc s\u0103 v\u0103 contactez. Mul\u0163umesc! Ilie Bolojan\u201d. Am r\u0103spuns \u00een jur<br \/>\nde 21.00 c\u0103 am terminat munca pe ziua de azi \u015fi m\u0103 poate suna oric\u00e2nd. Mi-a<br \/>\nscris c\u0103 este blocat la r\u00e2ndul lui \u015fi c\u0103 \u00eemi scrie c\u00e2nd termin\u0103 \u00eent\u00e2lnirea pe<br \/>\nanalize economice. Mi-a scris la 23.30 (atunci a terminat munca dl. Bolojan) \u015fi<br \/>\nne-am auzit pentru 2 minute, scurt \u015fi la obiect: \u201cDl. Guda, muncim s\u0103 facem Rom\u00e2nia bine cu cele mai profunde<br \/>\nreforme din ultimii 35 de ani. Nu suntem perfec\u0163i \u015fi nu le \u015ftim pe toate. <\/i><a href=\"https:\/\/adevarul.ro\/politica\/ile-bolojan-despre-masurile-urgente-pe-care-2446691.html\">Cu<br \/>\nc\u00e2t ne consult\u0103m cu mai mul\u021bi exper\u0163i<\/a><i> \u015fi<br \/>\nprofesioni\u015fti, cu at\u00e2t analiz\u0103m mai profund toate problemele \u015fi scade riscul s\u0103<br \/>\nlu\u0103m decizii gre\u015fite, cresc \u015fansele s\u0103 facem bine. Doresc s\u0103 v\u0103 ascult ideile<br \/>\n\u015fi solu\u0163iile dvs. pentru reducerea deficitului bugetar. Putem s\u0103 ne vedem<br \/>\nm\u00e2ine? O discu\u0163ie 1:1, f\u0103r\u0103 pres\u0103, doar analize \u015fi dezbateri pe economie!\u201d Dac\u0103<br \/>\nnu-i recuno\u015fteam vocea inconfundabil\u0103 \u015fi modul de a fi ca persoan\u0103 public\u0103<br \/>\n(hot\u0103r\u00e2t, scurt \u015fi la obiect), a\u015f fi spus c\u0103 este o fars\u0103, dar eram sigur c\u0103<br \/>\neste el. Am zis c\u0103 \u00eentotdeauna, pentru Rom\u00e2nia, orice, \u00eemi pun toate<br \/>\ncuno\u015ftin\u0163ele \u015fi ideile \u00een slujba \u0163\u0103rii.<\/i><\/p>\n<p><i>Not\u0103: aceasta postare este exclusiv<br \/>\nalegerea \u015fi asumarea mea public\u0103. L-am \u00eentrebat pe dl. Bolojan dac\u0103 are o<br \/>\nproblem\u0103 c\u0103 voi comunica \u00een social media despre \u00eentrevederea noastr\u0103 \u015fi mi-a<br \/>\nspus \u00een stilul caracteristic: Face\u0163i ce vre\u0163i. Pe mine m\u0103 intereseaz\u0103 c\u0103 ne-am<br \/>\nv\u0103zut \u015fi am analizat foarte multe idei bune. Noi vrem doar s\u0103 facem treaba \u015fi<br \/>\ns\u0103 lu\u0103m decizii bune!<\/i><\/p>\n<p><i>Revenind \u2026 am aliniat calendarele<br \/>\n\u015fi am stabilit \u00eent\u00e2lnirea \u00een agenda pentru azi la ora 14:00 la Senat. Mi-a spus<br \/>\nc\u0103 are o or\u0103 pentru discu\u0163ia 1:1. Am acceptat cu inim\u0103<br \/>\ndeschis\u0103. Apoi am realizat c\u0103 am prea multe idei pentru o or\u0103. NU am dormit<br \/>\nun singur minut toat\u0103 noaptea, am scris zeci de pagini, le-am mototolit \u015fi<br \/>\nrescris, pentru a structura \u00een cele din urma 4 pagini cu trei direc\u0163ii pentru<br \/>\nreducerea deficitului: (A) cre\u015fterea venitului ; (B) sc\u0103derea cheltuielilor \u015fi<br \/>\n(C) administrarea mai bun\u0103 a bilan\u0163ului Rom\u00e2nia SRL: active pe termen lung,<br \/>\ntermen scurt (eficientizarea \u00eencas\u0103rii crean\u0163elor ANAF) \u015fi resurse de finan\u0163are<br \/>\n(capitaluri UE + PNRR + ISD &#038; cre\u015fterea intermedierii financiare). \u00cen total<br \/>\n21 de idei pe cele trei direc\u0163ii, \u00eemp\u0103r\u0163ite pe termen scurt (< final 2025),\nmediu (2026-2027) \u015fi lung (2028-2030).<\/i><\/p>\n<p><i>Timp de 8 ani am fost pre\u015fedintele<br \/>\nsau vicepre\u015fedintele anali\u015ftilor financiari din Rom\u00e2nia (2012-2020), perioada<br \/>\n\u00een care am fost prezent la +100 de consult\u0103ri \u015fi dezbateri economice organizate<br \/>\nla multe ministere de toate partidele aflate la guvernare, ori conferin\u0163e<br \/>\npublice la sediul BNR, ASF, BVB, etc.. Mereu am fost acolo pentru ROM\u00c2NIA,<br \/>\nindiferent de cine m-a chemat la dezbateri. Niciodat\u0103, dar niciodat\u0103 nu mi s-a<br \/>\n\u00eent\u00e2mplat s\u0103 observ ceea ce am v\u0103zut ast\u0103zi la dl. Bolojan, respectiv:<\/i><\/p>\n<p><i>-Mi-a scris la 13:59 c\u0103 \u00eent\u00e2rzie 5 minute cu<br \/>\n\u00eent\u00e2lnirea precedent\u0103 \u015fi c\u0103 \u00eemi mul\u0163ume\u015fte pentru \u00een\u0163elegere. Asta sincer m-a<br \/>\nimpresionat. \u00cen trecut am fost primi\u0163i la dezbateri cu zeci de minute<br \/>\n\u00eent\u00e2rziere sau chiar +1 or\u0103, f\u0103r\u0103 nicio explica\u0163ie (parc\u0103 veneam acolo din<br \/>\ninteresul nostru, nu pentru cei care ne-au invitat \u015fi aveau nevoie de expertiz\u0103<br \/>\nnoastr\u0103).<\/i><\/p>\n<p><i>-Apoi ne-am a\u015fezat la mas\u0103 \u015fi dl Bolojan a deschis o<br \/>\nagend\u0103 -cu ZECI DE H\u00c2RTII cu foarte multe noti\u0163e cu idei,<br \/>\nfiecare numerotat\u0103 \u2026 ajunsese ast\u0103zi la ideea num\u0103rul 178, toat\u0103 acumulate \u00een<br \/>\ns\u0103pt\u0103m\u00e2na curent\u0103 (3 zile). Dup\u0103 discu\u0163ia noastr\u0103 am observat c\u0103 a mai notat 15<br \/>\ndin cele 21 de idei (restul erau deja parte din cele 178 ). Impresionant c\u00e2t de<br \/>\nbine le-a structurat. Acum ceva ani \u00een urma mi s-a \u00eent\u00e2mplat s\u0103 v\u0103d un ministru<br \/>\nde la finan\u0163e c\u0103 \u00ee\u015fi scria ideile din dezbateri de acest gen pe un \u015ferve\u0163el de<br \/>\nmuci \u2026 merit\u0103 s\u0103-i spun numele, dar nu o fac. Este istorie deja, din fericire.<\/i><\/p>\n<p><i>-Al treilea aspect care m-a impresionat la dl.<br \/>\nBolojan: a ascultat 90% din timp, a notat personal 15 idei \u015fi a ridicat ni\u015fte<br \/>\n\u00eentreb\u0103ri extrem de bune \u015fi pertinente. Sincer, parc\u0103 vorbeam cu un economist,<br \/>\nde\u015fi nu este de profesie.<\/i><\/p>\n<p><i>-Nu \u00een ultimul r\u00e2nd, <\/i><a href=\"https:\/\/adevarul.ro\/blogurile-adevarul\/bolojan-nu-face-minuni-2446937.html\">mi-a pl\u0103cut preocuparea obsesiv\u0103<br \/>\na dl. Bolojan<\/a><i> de a pune accent pe structura \u015fi ordinea ideilor: prima dat\u0103<br \/>\nreducem cheltuielile (\u201cstatul trebuie s\u0103 str\u00e2ng\u0103 cureaua\u201d), apoi colectam<br \/>\nveniturile mai bine (\u201c\u00eenainte s\u0103 cre\u015ftem taxele, cum le colectam mai bine pe<br \/>\ncele existente\u201d) \u015fi doar cu aceste m\u0103suri \u00eempreun\u0103 s\u0103 discut\u0103m de posibile<br \/>\najust\u0103ri la unele taxe (\u00een general capitalul care este ast\u0103zi subtaxat \u00een<br \/>\nRom\u00e2nia, iar apoi cei care tr\u0103iesc deja bine \u015fi au multe active). A punctat la<br \/>\nfinal \u00een stilul caracteristic \u201cNu poate s\u0103 sufere doar privatul, trebuie s\u0103<br \/>\ntrecem \u00eempreun\u0103 prin aceast\u0103 \u00eencercare \u015fi statul trebuie s\u0103 fie primul care s\u0103<br \/>\nstr\u00e2ng\u0103 cureaua, mai ales c\u0103 este supraponderal\u201d<\/i><\/p>\n<p><i>NU este o postare politic\u0103 sau cu<br \/>\niz electoral. S-au terminat alegerile. Este vorba despre Rom\u00e2nia. Avem MULT DE<br \/>\nMUNC\u0102! \u015ei este treaba noastr\u0103, A TUTUROR \u015eI A FIEC\u0102RUIA DINTRE NOI.<br \/>\nImplica\u0163i-v\u0103, fiecare \u00een jurul lui, pune\u0163i presiune pe furnizori \u015fi clien\u0163i s\u0103<br \/>\nfiscalizeze, pune\u0163i presiune pe autorit\u0103\u0163i s\u0103 se reformeze, face\u0163i sesiz\u0103ri \u015fi<br \/>\npost\u0103ri \u00een social media c\u00e2nd apar probleme de care v\u0103<br \/>\nlovi\u0163i, pentru c\u0103 sunt multe. Sesiza\u0163i presa dac\u0103 observa\u0163i abuzuri sau faptul<br \/>\nc\u0103 autorit\u0103\u0163ile nu \u00ee\u015fi fac treaba. Rom\u00e2nia suntem noi, fiecare dintre noi. Dac\u0103<br \/>\nfiecare \u00ee\u015fi face munca onest \u015fi corect, v\u0103 garantez c\u0103 ne facem bine, \u00eempreun\u0103,<br \/>\nca na\u0163iune. Dac\u0103 nu reu\u015fim, nu \u015ftiu cine \/ cum \/ dac\u0103 mai salveaz\u0103 Rom\u00e2nia \u00een<br \/>\n2030 din calea extremismului izola\u0163ionist. Vrem o \u0163ar\u0103 \u00een care copiii no\u015ftri s\u0103<br \/>\nr\u0103m\u00e2n\u0103 \u015fi s\u0103 NU (mai) \u00eenv\u0103\u0163\u0103m alfabetul chirilic (cum se f\u0103cea \u00eenainte de \u201989)?<br \/>\nAtunci, IMPLICA\u0162I-V\u0102!<\/i><\/p>\n<\/p><\/div>\n<p><a href=\"https:\/\/adevarul.ro\/politica\/analistul-iancu-guda-dezvaluiri-din-culisele-2447116.html\" class=\"button purchase\" rel=\"nofollow noopener\" target=\"_blank\">Read More<\/a><\/p>\n","protected":false},"excerpt":{"rendered":"<p>Ilie Bolojan, pre\u0219edintele Senatului, l-a invitat pe jurnalistul \u0219i analistul economic Iancu Guda la o discu\u021bie despre deficitul bugetar. Iancu Guda \u0219i Ilie Bolojan FOTO: [&hellip;]<\/p>\n","protected":false},"author":1,"featured_media":4741,"comment_status":"open","ping_status":"open","sticky":false,"template":"","format":"standard","meta":{"_monsterinsights_skip_tracking":false,"footnotes":""},"categories":[6],"tags":[],"class_list":["post-4740","post","type-post","status-publish","format-standard","has-post-thumbnail","hentry","category-popular"],"aioseo_notices":[],"_links":{"self":[{"href":"https:\/\/info-eforie.ro\/index.php\/wp-json\/wp\/v2\/posts\/4740","targetHints":{"allow":["GET"]}}],"collection":[{"href":"https:\/\/info-eforie.ro\/index.php\/wp-json\/wp\/v2\/posts"}],"about":[{"href":"https:\/\/info-eforie.ro\/index.php\/wp-json\/wp\/v2\/types\/post"}],"author":[{"embeddable":true,"href":"https:\/\/info-eforie.ro\/index.php\/wp-json\/wp\/v2\/users\/1"}],"replies":[{"embeddable":true,"href":"https:\/\/info-eforie.ro\/index.php\/wp-json\/wp\/v2\/comments?post=4740"}],"version-history":[{"count":0,"href":"https:\/\/info-eforie.ro\/index.php\/wp-json\/wp\/v2\/posts\/4740\/revisions"}],"wp:featuredmedia":[{"embeddable":true,"href":"https:\/\/info-eforie.ro\/index.php\/wp-json\/wp\/v2\/media\/4741"}],"wp:attachment":[{"href":"https:\/\/info-eforie.ro\/index.php\/wp-json\/wp\/v2\/media?parent=4740"}],"wp:term":[{"taxonomy":"category","embeddable":true,"href":"https:\/\/info-eforie.ro\/index.php\/wp-json\/wp\/v2\/categories?post=4740"},{"taxonomy":"post_tag","embeddable":true,"href":"https:\/\/info-eforie.ro\/index.php\/wp-json\/wp\/v2\/tags?post=4740"}],"curies":[{"name":"wp","href":"https:\/\/api.w.org\/{rel}","templated":true}]}}