{"id":4714,"date":"2025-05-28T19:09:59","date_gmt":"2025-05-28T19:09:59","guid":{"rendered":"https:\/\/info-eforie.ro\/index.php\/2025\/05\/28\/pacea-non-grata\/"},"modified":"2025-05-28T19:09:59","modified_gmt":"2025-05-28T19:09:59","slug":"pacea-non-grata","status":"publish","type":"post","link":"https:\/\/info-eforie.ro\/index.php\/2025\/05\/28\/pacea-non-grata\/","title":{"rendered":"Pacea Non Grata"},"content":{"rendered":"<div>\n<p>Pacea nu vine u\u0219or \u0219i, c\u00e2teodat\u0103, pare c\u0103 nu mai vine deloc. R\u0103zboiul din Ucraina a intrat \u00een etapa negocierilor care  pot s\u0103 dureze, \u00eens\u0103, ani de zile. \u00centre timp, pe front, tehnologiile militare secer\u0103 vie\u021bi cu mijloace de ucis din ce \u00een ce mai sofisticate, mai numeroase, mai u\u0219or de produs.<\/p>\n<div><picture loading=\"eager\" width=\"1400\" height=\"750\" alt=\"Foto: Twitter \/ X\"><source type=\"image\/webp\"  media=\"(min-width: 1400px)\"><source type=\"image\/webp\"  media=\"(min-width: 1000px)\"><source type=\"image\/webp\"  media=\"(min-width: 700px)\"><source type=\"image\/jpeg\"  media=\"(min-width: 1400px)\"><source type=\"image\/jpeg\"  media=\"(min-width: 1000px)\"><source type=\"image\/jpeg\"  media=\"(min-width: 700px)\"><img fetchpriority=\"high\" decoding=\"async\" src=\"https:\/\/cdn.adh.reperio.news\/image-c\/c3638b26-5956-43ad-b9af-d67958f22067\/index.jpeg?p=a%3D1%26co%3D1.05%26w%3D700%26h%3D750%26r%3Dcontain%26f%3Dwebp\" alt=\"Foto: Twitter \/ X\" width=\"1400\" height=\"750\" loading=\"eager\"><\/picture>\n<p>Foto: Twitter \/ X<\/p>\n<\/div>\n<p>Rusia nu vrea pace<br \/>\npentru c\u0103 e, cel pu\u021bin \u00een ultimele s\u0103pt\u0103m\u00e2ni, \u00een ofensiv\u0103 pe c\u00e2mpul de lupt\u0103.<\/p>\n<p>Ucraina nu vrea pace<br \/>\npentru c\u0103, la acest moment, i se ofer\u0103 pacea celui \u00eenvins.<\/p>\n<p>Europa nu vrea pace<br \/>\npentru c\u0103 a mizat totul pe cartea victoriei, iar dac\u0103 aceasta nu iese de sub<br \/>\ntipar, trebuie s\u0103 accepte c\u0103 Lumea Veche nu mai e \u0219i Centrul Lumii.<\/p>\n<p>SUA e singura interesat\u0103<br \/>\nde pace dar doar ca s\u0103 se poat\u0103 preg\u0103ti de r\u0103zboi, comercial, economic, \u00a0sau cum va fi, pentru c\u0103 sigur va fi, dar nu<br \/>\naici, ci pe un meridian galben \u0219i sp\u0103lat de valurile Pacificului. <\/p>\n<p>Pacea e invocat\u0103 de toat\u0103<br \/>\nlumea dar nedorit\u0103 de majoritate.<\/p>\n<p>\u00cenc\u0103 nu ne atinge cu<br \/>\nadev\u0103rat groz\u0103via r\u0103zboiului, nu \u0219tim cum\u00a0<br \/>\narat\u0103 suferin\u021ba, r\u0103zboiul e undeva \u00een fundal, subiect de \u0219tiri la<br \/>\nemisiunile informative de televiziune sau tem\u0103 de dezbateri simandicoase cu<br \/>\nanali\u0219ti \u0219i exper\u021bi.<\/p>\n<p>Iar ce se \u00eent\u00e2mpl\u0103 prin<br \/>\nalte conflicte de pe aceast\u0103 lume, unele \u0219i mai s\u00e2ngeroase \u0219i mai crude dec\u00e2t<br \/>\ncel din vecin\u0103tatea noastr\u0103 geografic\u0103, nu vrem s\u0103 \u0219tim, e mai bine c\u0103 nu sunt<br \/>\nsubiect media, nu suntem \u00een mood-ul potrivit pentru a ne \u00eenc\u0103rca emo\u021bional cu<br \/>\ntoate problemele Terrei.<\/p>\n<p>Noi suntem aten\u021bi la<br \/>\nacest r\u0103zboi, \u0219i doar la acest r\u0103zboi, de dincolo de gard, despre care citim \u0219i<br \/>\nauzim multe, de\u0219i \u00een\u021belegem pu\u021bin, pentru c\u0103 zgomotul produs de lucr\u0103torii cu<br \/>\nvorbele ai celor dou\u0103 p\u0103r\u021bi este, deseori, mai puternic dec\u00e2t ceea ce se aude<br \/>\nde pe front.<\/p>\n<p>Un r\u0103zboi \u00een care se<br \/>\n\u00eent\u00e2mpl\u0103 ceea ce se obi\u0219nuie\u0219te s\u0103 se \u00eent\u00e2mple c\u00e2nd sunt l\u0103sate armele \u0219i<br \/>\npraful de pu\u0219c\u0103 s\u0103 decid\u0103 cine are dreptate.<\/p>\n<div><picture loading=\"lazy\" width=\"1400\" height=\"750\" alt=\"Foto: Twitter \/ X\"><source type=\"image\/webp\"  media=\"(min-width: 1400px)\"><source type=\"image\/webp\"  media=\"(min-width: 1000px)\"><source type=\"image\/webp\"  media=\"(min-width: 700px)\"><source type=\"image\/jpeg\"  media=\"(min-width: 1400px)\"><source type=\"image\/jpeg\"  media=\"(min-width: 1000px)\"><source type=\"image\/jpeg\"  media=\"(min-width: 700px)\"><img decoding=\"async\" src=\"https:\/\/cdn.adh.reperio.news\/image-9\/95bfe625-4b0c-4292-96d3-e220fc125dea\/index.jpeg?p=a%3D1%26co%3D1.05%26w%3D700%26h%3D750%26r%3Dcontain%26f%3Dwebp\" alt=\"Foto: Twitter \/ X\" width=\"1400\" height=\"750\" loading=\"lazy\"><\/picture>\n<p>Foto: Twitter \/ X<\/p>\n<\/div>\n<p><b><i>Pe front se \u00eent\u00e2mpl\u0103 c\u0103<br \/>\nr\u0103zboiul continu\u0103.<\/i><\/b><\/p>\n<p>Acum un an \u0219i jum\u0103tate,<br \/>\nfostul \u0219ef al armatei ucrainene, generalul Valeri Zalujn\u00eei, afirma c\u0103 r\u0103zboiul<br \/>\na devenit unul de uzur\u0103, doar noile tehnologii militare ar mai putea s\u0103-i ofere<br \/>\nUcrainei o \u0219ans\u0103. <\/p>\n<p>Acum, din postura de<br \/>\ndiplomat exilat \u00een Marea Britanie, generalul ambasador o comite din nou <a href=\"https:\/\/newsukraine.rbc.ua\/news\/no-return-to-1991-borders-former-ukraine-1747937054.html\" rel=\"nofollow\">afirm\u00e2nd<\/a><br \/>\nc\u0103 Ucraina nu se mai poate \u00eentoarce la grani\u021bele din 1991, doar dac\u0103 nu se<br \/>\n\u00eent\u00e2mpl\u0103 o minune privind accesul super-tehnologiile militare.<\/p>\n<p><i>\u201eSper c\u0103 nu mai sunt<br \/>\noameni \u00een aceast\u0103 sal\u0103 care s\u0103 mai cread\u0103 \u00eentr-un fel de miracol sau minune &#8211;<br \/>\n\u00eentr-o leb\u0103d\u0103 alb\u0103 care va aduce pacea \u00een Ucraina, va restabili grani\u021bele din<br \/>\n1991 sau 2022 \u0219i va aduce mult\u0103 fericire dup\u0103 aceea\u201d.(&#8230;) \u201e\u00cen opinia mea<br \/>\npersonal\u0103, at\u00e2ta timp c\u00e2t inamicul are resursele, for\u021ba \u0219i mijloacele de a<br \/>\nataca teritoriul nostru \u0219i de a \u00eencerca ac\u021biuni ofensive localizate, va<br \/>\ncontinua s\u0103 fac\u0103 acest lucru.\u201d<\/i><\/p>\n<p>Declara\u021bia a avut loc<br \/>\nrecent \u00a0la un eveniment: <i>\u201cSecurity<br \/>\nExport: Ukrainian Technological Weapons in the World\u201d,<\/i> organizat de<br \/>\nproduc\u0103torii ucraineni de armament, un grup de oameni de care trebuie s\u0103 \u021bii<br \/>\naproape dac\u0103 vrei s\u0103 ai un viitor \u00een politic\u0103. <\/p>\n<p>Iar generalul r\u0103suce\u0219te<br \/>\n\u0219i mai mult cu\u021bitul \u00een ran\u0103: Rusia nu poate fi \u00eenfr\u00e2nt\u0103 dec\u00e2t dac\u0103 sunt<br \/>\ndistruse capabilit\u0103\u021bile ei de a purta r\u0103zboiul, perspectiv\u0103 despre care<br \/>\nZalujn\u00eei spune, \u00eens\u0103, c\u0103 <i>\u201e\u00een condi\u021biile actuale \u2014 cu o lips\u0103 enorm\u0103 de<br \/>\nresurse umane \u0219i situa\u021bia economic\u0103 catastrofal\u0103 cu care ne confrunt\u0103m \u2014 nu<br \/>\nputem vorbi dec\u00e2t despre un r\u0103zboi de supravie\u021buire de \u00eenalt\u0103 tehnologie. Unul<br \/>\ncare utilizeaz\u0103 resurse umane minime \u0219i mijloace economice minime pentru a<br \/>\nob\u021bine un efect maxim. Ucraina este pur \u0219i simplu incapabil\u0103 s\u0103 poarte orice<br \/>\nalt tip de r\u0103zboi, av\u00e2nd \u00een vedere realit\u0103\u021bile sale demografice \u0219i economice,<br \/>\n\u0219i nici nu ar trebui s\u0103 ne g\u00e2ndim la acest lucru.\u201d<\/i><\/p>\n<div><picture loading=\"lazy\" width=\"1400\" height=\"750\" alt=\"Foto: Twitter \/ X\"><source type=\"image\/webp\"  media=\"(min-width: 1400px)\"><source type=\"image\/webp\"  media=\"(min-width: 1000px)\"><source type=\"image\/webp\"  media=\"(min-width: 700px)\"><source type=\"image\/jpeg\"  media=\"(min-width: 1400px)\"><source type=\"image\/jpeg\"  media=\"(min-width: 1000px)\"><source type=\"image\/jpeg\"  media=\"(min-width: 700px)\"><img decoding=\"async\" src=\"https:\/\/cdn.adh.reperio.news\/image-7\/792be18f-5753-41c7-bb1b-43dd4a55f6ca\/index.jpeg?p=a%3D1%26co%3D1.05%26w%3D700%26h%3D750%26r%3Dcontain%26f%3Dwebp\" alt=\"Foto: Twitter \/ X\" width=\"1400\" height=\"750\" loading=\"lazy\"><\/picture>\n<p>Foto: Twitter \/ X<\/p>\n<\/div>\n<p>Deci nu victoria este<br \/>\nacum obiectivul, c\u00e2t supravie\u021buirea, cu sprijinul tehnologiei militare, dac\u0103 se<br \/>\nva putea.<\/p>\n<p>\u00cen ceea ce prive\u0219te<br \/>\ntehnologiile militare de v\u00e2rf la care Kievul mai are acces, am ajuns la punctul<br \/>\n\u00een care a mai r\u0103mas o singur\u0103 speran\u021b\u0103: rachetele germane \u201dTaurus\u201d.<\/p>\n<p>Vor fi sau nu<br \/>\ntransferate Kievului, \u00ee\u0219i vor ar\u0103ta sau nu eficien\u021ba pe c\u00e2mpul de lupt\u0103?<\/p>\n<p>Deocamdat\u0103, pe front,<br \/>\nfor\u021bele ruse ocup\u0103, \u00een fiecare zi, zeci de noi kilometri p\u0103tra\u021bi de teritoriu ucrainean,<br \/>\nau \u00eenceput crearea zonei de securitate din regiunile Sumi \u0219i Harkov, iar Kievul<br \/>\neste atacat de sute de drone.<\/p>\n<p>Iar ucrainenii nu mai<br \/>\nau nici m\u0103car prizonieri ru\u0219i pe care s\u0103-i ofere la schimb, complet\u00e2nd lista celor<br \/>\n1000 de nume cu civili colabora\u021bioni\u0219tii locali ca s\u0103 poat\u0103 aduna suma celor<br \/>\ncare trebuie preda\u021bi pentru a atinge plafonul stabilit la negocierile de la<br \/>\nIstanbul.<\/p>\n<p><b><i>Negocierile se \u00eent\u00e2mpl\u0103<br \/>\ns\u0103 a\u0219tepte vremuri mai bune.<\/i><\/b><\/p>\n<p>\u00cen privin\u021ba negocierilor<br \/>\nr\u0103m\u00e2ne cum s-a stabilit, adic\u0103 nu e nimic sigur, dac\u0103 se vor relua, unde se vor<br \/>\nrelua.<\/p>\n<p>Pre\u0219edintele Zelenski<br \/>\npropune cu s\u00e2rg Vaticanul ca poten\u021bial loc de \u00eent\u00e2lnire, partea rus\u0103<br \/>\ncontracareaz\u0103 afirm\u00e2nd c\u0103 nu d\u0103 bine ca dou\u0103 \u021b\u0103ri cre\u0219tin \u2013 pravoslavnice,<br \/>\nadic\u0103 ortodoxe, s\u0103 se trag\u0103 una de alta de p\u0103r tocmai \u00een centrul catolicismului,<br \/>\ndeci mai bine tot la necredinciosul Istanbul.<\/p>\n<p>Kievul mai bate ni\u0219te<br \/>\napropouri cum c\u0103 ar prefera ca delega\u021bia rus\u0103 de negociatori s\u0103 nu mai includ\u0103 \u201dduri\u201d<br \/>\nprecum consilierul preziden\u021bial Vladimir Medinski, \u201dprofesora\u0219 de istorie\u201d, ru\u0219ii<br \/>\n\u00eel ofer\u0103, ironic, pe fostul pre\u0219edinte Dmitri Medvedev, zis \u0219i \u201dUrsul cel<br \/>\nbl\u00e2nd\u201d, pe vremea r\u0103zboiului din Georgia, din august 2008, sau, mai nou, \u201dcroitora\u0219ul<br \/>\ncel viteaz\u201d, pentru \u00eendem\u00e2narea cu care taie grani\u021be pe h\u0103r\u021bile Estului<br \/>\nEuropei.<\/p>\n<p>Europa vrea s\u0103 fie \u0219i<br \/>\nea acolo, la negocieri, SUA, prin pre\u0219edintele Trump, consider\u0103 acum c\u0103 p\u0103r\u021bile<br \/>\n\u2013 adic\u0103 Rusia, Ucraina, \u0219i at\u00e2t \u2013 ar trebui s\u0103-\u0219i rezolve problemele direct,<br \/>\npentru c\u0103 ele \u0219tiu cel mai bine de ce au \u00eenceput acest r\u0103zboi \u0219i cum se poate<br \/>\ntermina. <\/p>\n<p>Din partea Washingtonului,<br \/>\nura \u0219i la gar\u0103!<\/p>\n<p>Iar Rusia, pentru care<br \/>\na merge la negocieri \u00eenseamn\u0103 a m\u0103sura c\u00e2t teritoriu revendicat s-a mai ad\u0103ugat<br \/>\nla zestre pentru a fi inclus la partaj, vrea, desigur, \u00eent\u00e2lniri directe, dar<br \/>\nnu acum, dar nu cu pre\u0219edintele Zelenski, poate Kievul, \u00eentre timp, mai caut\u0103<br \/>\n\u0219i g\u0103se\u0219te persoane mai potrivite.<\/p>\n<div><picture loading=\"lazy\" width=\"1400\" height=\"750\" alt=\"Foto: Twitter \/ X\"><source type=\"image\/webp\"  media=\"(min-width: 1400px)\"><source type=\"image\/webp\"  media=\"(min-width: 1000px)\"><source type=\"image\/webp\"  media=\"(min-width: 700px)\"><source type=\"image\/jpeg\"  media=\"(min-width: 1400px)\"><source type=\"image\/jpeg\"  media=\"(min-width: 1000px)\"><source type=\"image\/jpeg\"  media=\"(min-width: 700px)\"><img decoding=\"async\" src=\"https:\/\/cdn.adh.reperio.news\/image-f\/f842d0f3-2946-4538-82b7-9cf70f0b5974\/index.jpeg?p=a%3D1%26co%3D1.05%26w%3D700%26h%3D750%26r%3Dcontain%26f%3Dwebp\" alt=\"Foto: Twitter \/ X\" width=\"1400\" height=\"750\" loading=\"lazy\"><\/picture>\n<p>Foto: Twitter \/ X<\/p>\n<\/div>\n<p><b><i>\u00centre timp se \u00eent\u00e2mpl\u0103<br \/>\nr\u0103zboiul dronelor.<\/i><\/b><\/p>\n<p>\u00cen ultimele \u0219apte zile,<br \/>\nfor\u021bele ucrainene au trimis peste 1.000 de drone c\u0103tre \u021binte aflate pe<br \/>\nteritoriul Rusiei, inclusiv c\u0103tre Moscova, unde traficul aerian a fost<br \/>\nperturbat timp de c\u00e2teva ore.<\/p>\n<p>Partea rus\u0103 a ripostat<br \/>\nm\u0103rind miza \u0219i a lansat c\u0103tre \u021binte din Ucraina un num\u0103r aproximativ egal, \u00een<br \/>\nnumai trei zile.<\/p>\n<p>Ca s\u0103 fie meniul<br \/>\ncomplet, a mai expediat, tot \u00een doar cele trei ultime zile ale s\u0103pt\u0103m\u00e2nii<br \/>\ntrecute, 58 de rachete de croazier\u0103 \u0219i 31 de rachete balistice.<\/p>\n<p>Cu un an \u00een urm\u0103, media<br \/>\nnop\u021bilor \u00een care se \u00eenregistrau cele mai intense atacuri cu drone \u0219i rachete pe<br \/>\nteritoriul Ucrainei, era de 10 ori mai mic\u0103 dec\u00e2t ceea ce se \u00eent\u00e2mpl\u0103 \u00een<br \/>\nprezent.<\/p>\n<p>Un atac masiv cu drone<br \/>\n\u00eenseamn\u0103 o ripost\u0103 pe m\u0103sur\u0103 a sistemelor antiaeriene, un consum uria\u0219 de<br \/>\nrachete \u0219i muni\u021bie. <\/p>\n<p>Exact ceea ce \u00eencepe<br \/>\ns\u0103-i lipseasc\u0103 din ce \u00een ce mai mult Ucrainei.<\/p>\n<p>\u00cen timp ce Rusia a<br \/>\ncrescut produc\u021bia de drone Geran \/ Shahed de la 300 de buc\u0103\u021bi pe lun\u0103 anul<br \/>\ntrecut, la aproximativ 300 \u00een trei zile, serviciile ucrainene de informa\u021bii estim\u00e2nd<br \/>\nc\u0103 ar putea ajunge chiar la 500 pe zi \u00een cur\u00e2nd. <\/p>\n<p>La o astfel de<br \/>\ncantitate \u2013 \u0219i e vorba doar de dronele de un anumit tip \u2013 atacurile cu 1000 de<br \/>\ndrone \u00een cursul unei singure zile nu sunt excluse.<\/p>\n<p>E de men\u021bionat \u0219i<br \/>\nfaptul c\u0103 aceste cifre se refer\u0103 la dronele de mari dimensiuni, capabile s\u0103<br \/>\ntransporte zeci de kilograme de exploziv la sute de kilometri distan\u021b\u0103.<\/p>\n<p>Pe linia frontului este<br \/>\nalt\u0103 poveste, acolo mii de drone de mici dimensiuni \u2013 o singur\u0103 linie de<br \/>\nasamblare poate produce 40.000 de drone miniaturale pe s\u0103pt\u0103m\u00e2n\u0103 -, nu iart\u0103<br \/>\nnimic din ce mi\u0219c\u0103, tanc, sistem de rachete sau de artilerie, echipele<br \/>\nlupt\u0103toare care \u00eencearc\u0103 s\u0103 \u00eenainteze \u0219i s\u0103 calce cu bocancul de infanterist<br \/>\nterenul nou ocupat.<\/p>\n<p>\u0218i mai e de men\u021bionat<br \/>\nc\u0103, \u00een tot acest timp, produc\u021bia de rachete antiaeriene a statelor care<br \/>\nsprijin\u0103 Ucraina este mai mic\u0103 dec\u00e2t produc\u021bia de rachete balistice ruse.<\/p>\n<p>Iar \u00een termeni reali<br \/>\nraportul e \u0219i mai defavorabil, pentru c\u0103 asupra unei rachete care atac\u0103 sunt<br \/>\nnecesare cel pu\u021bin dou\u0103 rachete ca s\u0103 o doboare, dac\u0103 totul func\u021bioneaz\u0103 corespunz\u0103tor.<\/p>\n<p>\u00cen aceste condi\u021bii,<br \/>\ndoar r\u0103zboiul informa\u021bional merge, c\u00e2t de c\u00e2t, mai bine.<\/p>\n<p>Dar \u0219i cuvintele se<br \/>\nepuizeaz\u0103 la un moment dat.<\/p>\n<p><b><i>C\u00e2nd se \u00eent\u00e2mpl\u0103 s\u0103 vin\u0103<br \/>\nvara.<\/i><\/b><\/p>\n<p>O scurt\u0103 analiz\u0103 din \u201dThe<br \/>\nWashington Post\u201d <a href=\"https:\/\/www.washingtonpost.com\/world\/2025\/05\/27\/ukraine-russia-summer-offensive\/\" rel=\"nofollow\">afirm\u0103<\/a><br \/>\nc\u0103, pe baza unor estim\u0103ri f\u0103cute de anali\u0219ti ucraineni, vara ce urmeaz\u0103 va fi<br \/>\nmartora unei ofensive ruse \u00een regiunea Done\u021bk. <\/p>\n<p>Autorul, Isobel Koshiw,<br \/>\nscrie \u201dDone\u021bk\u201d dar se refer\u0103 la tot frontul din Donbas \u0219i Zaporojie, pentru c\u0103 titlul<br \/>\neste despre \u201dOfensiva din Est\u201d ceea ce ar putea include chiar \u0219i regiunile Harkov<br \/>\n\u0219i Sumi unde, chiar \u00een aceste zile, trupele ruse \u00eencearc\u0103 infiltr\u0103ri pe teritoriul<br \/>\nUcrainei \u00een c\u00e2teva direc\u021bii.<\/p>\n<p>Pre\u0219edintele Putin a<br \/>\nanun\u021bat deja inten\u021bia Rusiei de a crea o zon\u0103 de securitate, dar, probabil, e<br \/>\nvorba de mai mult dec\u00e2t at\u00e2t.<\/p>\n<p>\u201dCauzele ini\u021biale\u201d al<br \/>\nr\u0103zboiului, invocate de partea rus\u0103, cele care \u00eempiedic\u0103 armisti\u021biul dar pot fi<br \/>\neliminate doar de o tratat de pace cuprinz\u0103tor au \u00eentre punctele enun\u021bate \u00eenc\u0103<br \/>\ndin februarie 2022, unul nescris, dar insinuat printre r\u00e2nduri, despre<br \/>\nrevendic\u0103ri teritoriale cu argumente venind de la Ecaterina a II-a \u0219i Petru cel<br \/>\nMare, din vremea c\u00e2nd Gurile Dun\u0103rii erau doar calea c\u0103tre Str\u00e2mtorile Bosfor<br \/>\n\u0219i Dardanele.<\/p>\n<p>Presim\u021bind c\u0103 vara va<br \/>\nfi una a luptelor \u0219i nu a negocierilor, SUA se gr\u0103be\u0219te \u0219i adun\u0103 punctele de<br \/>\nvedere despre pace, a\u0219a numitele memorandumuri, ale celor dou\u0103 p\u0103r\u021bi &#8211; Ucraina \u0219i-a<br \/>\npredat tema, Rusia \u00eenc\u0103 lucreaz\u0103 -, pentru a le combina \u0219i apropia.<\/p>\n<p>Poate, \u00eenaintea<br \/>\ncaniculei ce se prefigureaz\u0103 dup\u0103 ploile din luna mai, va veni din nou timpul<br \/>\nc\u0103l\u0103toriilor la Istanbul.<\/p>\n<p>Altfel, vom auzi, din<br \/>\nce \u00een ce mai aproape, doar sunetul ascu\u021bit al sirenelor r\u0103zboiului de la Est.<\/p>\n<\/p><\/div>\n<p><a href=\"https:\/\/adevarul.ro\/blogurile-adevarul\/pacea-non-grata-2446700.html\" class=\"button purchase\" rel=\"nofollow noopener\" target=\"_blank\">Read More<\/a><\/p>\n","protected":false},"excerpt":{"rendered":"<p>Pacea nu vine u\u0219or \u0219i, c\u00e2teodat\u0103, pare c\u0103 nu mai vine deloc. R\u0103zboiul din Ucraina a intrat \u00een etapa negocierilor care pot s\u0103 dureze, \u00eens\u0103, [&hellip;]<\/p>\n","protected":false},"author":1,"featured_media":4715,"comment_status":"open","ping_status":"open","sticky":false,"template":"","format":"standard","meta":{"_monsterinsights_skip_tracking":false,"footnotes":""},"categories":[6],"tags":[],"class_list":["post-4714","post","type-post","status-publish","format-standard","has-post-thumbnail","hentry","category-popular"],"aioseo_notices":[],"_links":{"self":[{"href":"https:\/\/info-eforie.ro\/index.php\/wp-json\/wp\/v2\/posts\/4714","targetHints":{"allow":["GET"]}}],"collection":[{"href":"https:\/\/info-eforie.ro\/index.php\/wp-json\/wp\/v2\/posts"}],"about":[{"href":"https:\/\/info-eforie.ro\/index.php\/wp-json\/wp\/v2\/types\/post"}],"author":[{"embeddable":true,"href":"https:\/\/info-eforie.ro\/index.php\/wp-json\/wp\/v2\/users\/1"}],"replies":[{"embeddable":true,"href":"https:\/\/info-eforie.ro\/index.php\/wp-json\/wp\/v2\/comments?post=4714"}],"version-history":[{"count":0,"href":"https:\/\/info-eforie.ro\/index.php\/wp-json\/wp\/v2\/posts\/4714\/revisions"}],"wp:featuredmedia":[{"embeddable":true,"href":"https:\/\/info-eforie.ro\/index.php\/wp-json\/wp\/v2\/media\/4715"}],"wp:attachment":[{"href":"https:\/\/info-eforie.ro\/index.php\/wp-json\/wp\/v2\/media?parent=4714"}],"wp:term":[{"taxonomy":"category","embeddable":true,"href":"https:\/\/info-eforie.ro\/index.php\/wp-json\/wp\/v2\/categories?post=4714"},{"taxonomy":"post_tag","embeddable":true,"href":"https:\/\/info-eforie.ro\/index.php\/wp-json\/wp\/v2\/tags?post=4714"}],"curies":[{"name":"wp","href":"https:\/\/api.w.org\/{rel}","templated":true}]}}