{"id":4700,"date":"2025-05-27T22:07:09","date_gmt":"2025-05-27T22:07:09","guid":{"rendered":"https:\/\/info-eforie.ro\/index.php\/2025\/05\/27\/gigi-becali-dupa-ce-a-vazut-lotul-lui-mircea-lucescu-asta-e-cea-mai-mare-surpriza\/"},"modified":"2025-05-27T22:07:09","modified_gmt":"2025-05-27T22:07:09","slug":"gigi-becali-dupa-ce-a-vazut-lotul-lui-mircea-lucescu-asta-e-cea-mai-mare-surpriza","status":"publish","type":"post","link":"https:\/\/info-eforie.ro\/index.php\/2025\/05\/27\/gigi-becali-dupa-ce-a-vazut-lotul-lui-mircea-lucescu-asta-e-cea-mai-mare-surpriza\/","title":{"rendered":"Gigi Becali, dup\u0103 ce a v\u0103zut lotul lui Mircea Lucescu: &#8222;Asta e cea mai mare surpriz\u0103!&#8221;"},"content":{"rendered":"<div>\n<p>Cei opt juc\u0103tori de la FCSB ale\u0219i de Mircea Lucescu pentru aceast\u0103 ac\u021biune sunt \u0218tefan T\u00e2rnovanu, Valentin Cre\u021bu, Mihai Popescu, Vlad Chiriche\u0219, Adrian \u0218ut, Florin T\u0103nase, David Miculescu \u0219i Daniel B\u00eerligea.<\/p>\n<h2><strong>Gigi Becali: &#8222;Cea mai mare surpriz\u0103 din lotul Rom\u00e2niei este Cre\u021bu. Mircea Lucescu a f\u0103cut dreptate&#8221;<\/strong><\/h2>\n<p>Gigi Becali consider\u0103 c\u0103 cea mai mare surpriz\u0103 din lotul lui Mircea Lucescu este Valentin Cre\u021bu. Funda\u0219ul dreapta are 36 de ani \u0219i are doar dou\u0103 meciuri sub tricolor, ambele \u00een 2020, \u00eens\u0103 a avut presta\u021bii solide \u00een ultimele sezoane, inclusiv \u00een cupele europene.<\/p>\n<p>\u00cen trecut total dezinteresat de prima reprezentativ\u0103 , finan\u021batorul de la FCSB sus\u021bine c\u0103 de aceast\u0103 dat\u0103 va sus\u021bine na\u021bionala Rom\u00e2niei, av\u00e2nd \u00een vedere c\u0103 echipa sa d\u0103 foarte mul\u021bi juc\u0103tori la lot.<\/p>\n<p><strong>&#8222;E bine c\u0103 avem 8 juc\u0103tori la echipa na\u021bional\u0103. Cea mai mare surpriz\u0103 din lot este Cre\u021bu. Dac\u0103 nu ar fi meritat, nu \u00eel chema omul.<br \/><\/strong><\/p>\n<p><strong>Eu cred c\u0103 vom bate Austria pentru c\u0103 a fost Mircea Lucescu drept \u0219i a f\u0103cut dreptate. Va face rezultat datorit\u0103 acestui lucru, pentru c\u0103 a fost drept. Acum o s\u0103 m\u0103 rog \u0219i eu pentru el pentru c\u0103 am 8 juc\u0103tori la lot&#8221;<\/strong>, a spus Gigi Becali, pentru PRO TV.<\/p>\n<h2><strong>\u0218i Austria a anun\u021bat lotul pentru meciul cu Rom\u00e2nia<\/strong><\/h2>\n<p>La fel ca Mircea Lucescu,\u00a0<strong>Ralf Rangnick\u00a0<\/strong>a anun\u021bat luni lotul pentru ac\u021biunea din iunie. Pe list\u0103 nu apare\u00a0<strong>David<\/strong>\u00a0<strong>Alaba\u00a0<\/strong>(32 de ani), funda\u0219ul lui Real Madrid, care este accidentat din aprilie. \u00cen schimb, a fost convocat stoperul\u00a0<strong>Gernot Trauner\u00a0<\/strong>(33 de ani), de la Feyenoord, care e suspendat pentru jocul cu Rom\u00e2nia.<\/p>\n<p>Pe l\u00e2ng\u0103 juc\u0103tori de la\u00a0<strong>Tottenham<\/strong>,\u00a0<strong>Atalanta<\/strong>,\u00a0<strong>Bayern Munchen<\/strong>,\u00a0<strong>Borussia Dortmund\u00a0<\/strong>sau\u00a0<strong>Inter<\/strong>, \u00een lotul Austriei se afl\u0103 \u0219i<strong>\u00a0Raul Florucz<\/strong>, fotbalistul cu p\u0103rin\u021bi rom\u00e2ni, care s-a n\u0103scut \u00een Austria \u0219i\u00a0<a href=\"https:\/\/www.sport.ro\/fotbal-extern\/raul-florucz-le-a-spus-austriecilor-de-ce-a-refuzat-romania-si-a-transmis-un-mesaj-inainte-sa-ne-fie-adversar.html\" rel=\"noopener noreferrer\"><strong>a decis s\u0103 reprezinte na\u021bionala condus\u0103 de Ralf Rangnick<\/strong><\/a>, chiar dac\u0103 a fost dorit \u0219i de FRF.<\/p>\n<p><strong>Lotul Austriei<\/strong><\/p>\n<ul>\n<li><strong>Portari:\u00a0<\/strong>Tobias Lawal (LASK Linz), Patrick Pentz (Brondby), Nikolas Polster (Wolfsberger AC), Nicolas Schmid (Portsmouth)<\/li>\n<li><strong>Funda\u0219i:\u00a0<\/strong>Kevin Danso (Tottenham), Marco Friedl (Werder Bremen), Philipp Lienhart (Freiburg), Philipp Mwene (Mainz), Stefan Posch (Atalanta), Leopold Querfeld (Union Berlin), Gernot Trauner (Feyenoord), Nikolas Veratschnig (Mainz), Maximilian Wober (Leeds United)<\/li>\n<li><strong>Mijloca\u0219i:\u00a0<\/strong>Thierno Ballo (Wolfsberger AC), Christoph Baumgartner (RB Leipzig), Florian Grillitsch (Real Valladolid), Marco Grull (Werder Bremen), Konrad Laimer (Bayern Munchen), Marcel Sabitzer (Borussia Dortmund), Xaver Schlager (RB Leipzig), Romano Schmid (Werder Bremen), Nicolas Seiwald (RB Leipzig), Patrick Wimmer (Wolfsburg)<\/li>\n<li><strong>Atacan\u021bi:\u00a0<\/strong>Michael Gregoritsch (Freiburg), Marko Arnautovic (Inter Milano), Raul Florucz (Olimpija Ljubljana), Mathias Hansak (Heidenheim)<\/li>\n<\/ul>\n<h2><strong>Program \u0219i rezultate \u00een grupa Rom\u00e2niei din preliminariile CM 2026<br \/><\/strong><\/h2>\n<ul>\n<li>Vineri, 21 martie: Cipru \u2013 San Marino 2-0,\u00a0<strong>ROM\u00c2NIA\u2013 Bosnia-Her\u021begovina 0-1<\/strong><\/li>\n<li>Luni, 24 martie: Bosnia \u0219i Her\u021begovina \u2013 Cipru 2-1,\u00a0<strong>San Marino \u2013 ROM\u00c2NIA 1-5<\/strong><\/li>\n<li>S\u00e2mb\u0103t\u0103, 7 iunie: Bosnia \u0219i Her\u021begovina \u2013 San Marino (16:00),\u00a0<strong>Austria \u2013 ROM\u00c2NIA (21:45)<\/strong><\/li>\n<li>Mar\u021bi, 10 iunie:\u00a0<strong>ROM\u00c2NIA\u2013 Cipru<\/strong>, San Marino \u2013 Austria (21:45)<\/li>\n<li>S\u00e2mb\u0103t\u0103, 6 septembrie: Austria \u2013 Cipru, San Marino \u2013 Bosnia \u0219i Her\u021begovina (21:45)<\/li>\n<li>Mar\u021bi, 9 septembrie: Bosnia \u0219i Her\u021begovina \u2013 Austria,\u00a0<strong>Cipru \u2013 ROM\u00c2NIA (21:45)<\/strong><\/li>\n<li>Joi, 9 octombrie: Austria \u2013 San Marino, Cipru \u2013 Bosnia \u0219i Her\u021begovina (21:45)<\/li>\n<li>Duminic\u0103, 12 octombrie: San Marino \u2013 Cipru (16:00),\u00a0<strong>ROM\u00c2NIA\u2013 Austria (21:45)<\/strong><\/li>\n<li>S\u00e2mb\u0103t\u0103, 15 noiembrie: Cipru \u2013 Austria (19:00),<strong>\u00a0Bosnia-Her\u021begovina \u2013 ROM\u00c2NIA (21:45)<\/strong><\/li>\n<li>Mar\u021bi, 18 noiembrie: Austria \u2013 Bosnia \u0219i Her\u021begovina,\u00a0<strong>ROM\u00c2NIA\u2013 San Marino (21:45)<\/strong><\/li>\n<\/ul>\n<h2><strong>Clasamentul \u00een grupa Rom\u00e2niei din preliminariile CM 2026<\/strong><br \/><\/h2>\n<\/div>\n<p><a href=\"https:\/\/www.sport.ro\/nationala\/gigi-becali-dupa-ce-a-vazut-lotul-lui-mircea-lucescu-asta-e-cea-mai-mare-surpriza.html\" class=\"button purchase\" rel=\"nofollow noopener\" target=\"_blank\">Read More<\/a><\/p>\n","protected":false},"excerpt":{"rendered":"<p>Cei opt juc\u0103tori de la FCSB ale\u0219i de Mircea Lucescu pentru aceast\u0103 ac\u021biune sunt \u0218tefan T\u00e2rnovanu, Valentin Cre\u021bu, Mihai Popescu, Vlad Chiriche\u0219, Adrian \u0218ut, Florin [&hellip;]<\/p>\n","protected":false},"author":1,"featured_media":4701,"comment_status":"open","ping_status":"open","sticky":false,"template":"","format":"standard","meta":{"_monsterinsights_skip_tracking":false,"_monsterinsights_sitenote_active":false,"_monsterinsights_sitenote_note":"","_monsterinsights_sitenote_category":0,"footnotes":""},"categories":[7],"tags":[],"class_list":["post-4700","post","type-post","status-publish","format-standard","has-post-thumbnail","hentry","category-sports"],"aioseo_notices":[],"_links":{"self":[{"href":"https:\/\/info-eforie.ro\/index.php\/wp-json\/wp\/v2\/posts\/4700","targetHints":{"allow":["GET"]}}],"collection":[{"href":"https:\/\/info-eforie.ro\/index.php\/wp-json\/wp\/v2\/posts"}],"about":[{"href":"https:\/\/info-eforie.ro\/index.php\/wp-json\/wp\/v2\/types\/post"}],"author":[{"embeddable":true,"href":"https:\/\/info-eforie.ro\/index.php\/wp-json\/wp\/v2\/users\/1"}],"replies":[{"embeddable":true,"href":"https:\/\/info-eforie.ro\/index.php\/wp-json\/wp\/v2\/comments?post=4700"}],"version-history":[{"count":0,"href":"https:\/\/info-eforie.ro\/index.php\/wp-json\/wp\/v2\/posts\/4700\/revisions"}],"wp:featuredmedia":[{"embeddable":true,"href":"https:\/\/info-eforie.ro\/index.php\/wp-json\/wp\/v2\/media\/4701"}],"wp:attachment":[{"href":"https:\/\/info-eforie.ro\/index.php\/wp-json\/wp\/v2\/media?parent=4700"}],"wp:term":[{"taxonomy":"category","embeddable":true,"href":"https:\/\/info-eforie.ro\/index.php\/wp-json\/wp\/v2\/categories?post=4700"},{"taxonomy":"post_tag","embeddable":true,"href":"https:\/\/info-eforie.ro\/index.php\/wp-json\/wp\/v2\/tags?post=4700"}],"curies":[{"name":"wp","href":"https:\/\/api.w.org\/{rel}","templated":true}]}}