{"id":4622,"date":"2025-05-24T21:08:09","date_gmt":"2025-05-24T21:08:09","guid":{"rendered":"https:\/\/info-eforie.ro\/index.php\/2025\/05\/24\/explozie-de-bucurie-la-napoli-scene-incredibile-la-meciul-care-a-trimis-titlul-in-vitrina-clubului\/"},"modified":"2025-05-24T21:08:09","modified_gmt":"2025-05-24T21:08:09","slug":"explozie-de-bucurie-la-napoli-scene-incredibile-la-meciul-care-a-trimis-titlul-in-vitrina-clubului","status":"publish","type":"post","link":"https:\/\/info-eforie.ro\/index.php\/2025\/05\/24\/explozie-de-bucurie-la-napoli-scene-incredibile-la-meciul-care-a-trimis-titlul-in-vitrina-clubului\/","title":{"rendered":"Explozie de bucurie, la Napoli: scene incredibile la meciul care a trimis titlul \u00een vitrina clubului"},"content":{"rendered":"<div>\n<p>Sezon de vis, \u00een Serie A! Pentru c\u0103 Napoli \u0219i Inter Milano au dus suspansul, \u00een lupta pentru titlu, la un alt nivel. \u00cen ultimele etape, tensiunea a atins cote sufocante, iar Europa a urm\u0103rit, cu sufletul la gur\u0103, ce s-a \u00eent\u00e2mplat \u00een prima lig\u0103 italian\u0103.<\/p>\n<p>Vineri, cele dou\u0103 partide decisive pentru titlu, Napoli \u2013 Cagliari \u0219i Como \u2013 Inter Milano au \u00eenceput de la aceea\u0219i or\u0103, 21.45. Cu Napoli pe locul 1 \u00een clasament, la un punct de Inter, \u00een aceast\u0103 ultima etap\u0103. <\/p>\n<p>Practic, Lukaku \u0219i colegii s\u0103i \u0219tiau c\u0103 o victorie, acas\u0103, cu Cagliari echivaleaz\u0103 cu s\u0103rb\u0103toarea cuceririi titlului. Iar echipa lui Antonio Conte a f\u0103cut exact ce trebuia!\u00a0<\/p>\n<h2>Antonio Conte, direct \u00een istorie<\/h2>\n<p>Drumul celor de la Napoli spre victorie a fost deschis de golul fabulos al lui McTominay (foto) din minutul 42. Sco\u021bianul a \u00eenscris cu o execu\u021bie acrobatic\u0103, o semi-foarfec\u0103 \u0219i, practic, din acel moment, lucrurile au fost clare. Mai ales c\u0103, imediat dup\u0103 pauz\u0103, Lukaku a majorat scorul, trec\u00e2nd ca buldozerul printre ap\u0103r\u0103torii lui Cagliari: 2-0 (51).<\/p>\n<p>P\u00e2n\u0103 la final, a fost doar bucuria unui meci rezolvat, f\u0103r\u0103 emo\u021bii, care a f\u0103cut inutil\u0103 victoria Inter-ului, \u00een deplasare, cu Como, scor 2-0. Forma\u021bia milanez\u0103, dup\u0103 pierderea titlului, va c\u0103uta consolarea \u00een finala Champions League, cu PSG (31 mai, Munchen, ora 22.00).<\/p>\n<p>Revenind la Napoli, aceast\u0103 forma\u021bie a c\u00e2\u0219tigat titlul pentru a 4-a oar\u0103 \u00een istorie, dup\u0103 victoriile din 1986-1987, 1989-1990 \u0219i 2022-2023.<\/p>\n<p>\u201e<em>Arhitectul<\/em>\u201c succesului de acum? Genialul Antonio Conte (55 de ani). Acesta a intrat direct \u00een istorie, fiind primul antrenor care c\u00e2\u0219tig\u0103 Serie A cu trei forma\u021bii diferite:<\/p>\n<p>*Napoli (2024-2025)<\/p>\n<p>*Inter Milano (2020-2021)<\/p>\n<p>*Juventus (2013-2014, 2012-2013, 2011-2012)<\/p>\n<h2>Napoli, noapte alb\u0103: ora\u0219ul care n-a dormit de bucurie<\/h2>\n<p>Pe Stadionul \u201eDiego Armando Maradona\u201c, titlul c\u00e2\u0219tigat de Napoli a dat na\u0219tere la o explozie de bucurie. Cadrele din galeria foto vorbesc de la sine.<\/p>\n<p>Dup\u0103 fluierul de final, petrecerea a continuat pe str\u0103zile ora\u0219ului. \u00cen noaptea de vineri spre s\u00e2mb\u0103t\u0103, Napoli a fost un ora\u0219 \u00een care n-a dormit nimeni. De bucurie!<\/p>\n<h2>R\u0103zvan Marin \u0219i Florinel Coman, martori la bucuria campionilor<\/h2>\n<p>\u00cen partida care a decis soarta titlului, Napoli &#8211; Cagliari (2-0), rom\u00e2nii R\u0103zvan Marin \u0219i Florinel Coman au \u00eenceput pe banca de rezerve.<\/p>\n<p>\u00cen repriza a doua, \u00een minutul 57, R\u0103zvan Marin a fost introdus pe teren, fix \u00een ziua \u00een care a \u00eemplinit 29 de ani. Rom\u00e2nul nu s-a remarcat \u00eens\u0103 cu nimic, fiind pierdut \u00een s\u0103rb\u0103toarea c\u00e2\u0219tig\u0103rii titlului de c\u0103tre Napoli. Florinel Coman n-a jucat niciun minut, la Cagliari, echipa unde a fost \u00eemprumutat, de la Al-Gharafa (Qatar).<\/p>\n<\/div>\n<p><a href=\"https:\/\/www.sport.ro\/fotbal-extern\/explozie-de-bucurie-la-napoli-scene-incredibile-la-meciul-care-a-trimis-titlul-in-vitrina-clubului.html\" class=\"button purchase\" rel=\"nofollow noopener\" target=\"_blank\">Read More<\/a><\/p>\n","protected":false},"excerpt":{"rendered":"<p>Sezon de vis, \u00een Serie A! Pentru c\u0103 Napoli \u0219i Inter Milano au dus suspansul, \u00een lupta pentru titlu, la un alt nivel. \u00cen ultimele [&hellip;]<\/p>\n","protected":false},"author":1,"featured_media":4623,"comment_status":"open","ping_status":"open","sticky":false,"template":"","format":"standard","meta":{"_monsterinsights_skip_tracking":false,"footnotes":""},"categories":[7],"tags":[],"class_list":["post-4622","post","type-post","status-publish","format-standard","has-post-thumbnail","hentry","category-sports"],"aioseo_notices":[],"_links":{"self":[{"href":"https:\/\/info-eforie.ro\/index.php\/wp-json\/wp\/v2\/posts\/4622","targetHints":{"allow":["GET"]}}],"collection":[{"href":"https:\/\/info-eforie.ro\/index.php\/wp-json\/wp\/v2\/posts"}],"about":[{"href":"https:\/\/info-eforie.ro\/index.php\/wp-json\/wp\/v2\/types\/post"}],"author":[{"embeddable":true,"href":"https:\/\/info-eforie.ro\/index.php\/wp-json\/wp\/v2\/users\/1"}],"replies":[{"embeddable":true,"href":"https:\/\/info-eforie.ro\/index.php\/wp-json\/wp\/v2\/comments?post=4622"}],"version-history":[{"count":0,"href":"https:\/\/info-eforie.ro\/index.php\/wp-json\/wp\/v2\/posts\/4622\/revisions"}],"wp:featuredmedia":[{"embeddable":true,"href":"https:\/\/info-eforie.ro\/index.php\/wp-json\/wp\/v2\/media\/4623"}],"wp:attachment":[{"href":"https:\/\/info-eforie.ro\/index.php\/wp-json\/wp\/v2\/media?parent=4622"}],"wp:term":[{"taxonomy":"category","embeddable":true,"href":"https:\/\/info-eforie.ro\/index.php\/wp-json\/wp\/v2\/categories?post=4622"},{"taxonomy":"post_tag","embeddable":true,"href":"https:\/\/info-eforie.ro\/index.php\/wp-json\/wp\/v2\/tags?post=4622"}],"curies":[{"name":"wp","href":"https:\/\/api.w.org\/{rel}","templated":true}]}}