{"id":4590,"date":"2025-05-23T17:11:54","date_gmt":"2025-05-23T17:11:54","guid":{"rendered":"https:\/\/info-eforie.ro\/index.php\/2025\/05\/23\/un-norvegian-s-a-trezit-cu-un-vapor-imens-la-cativa-metri-de-casa-care-a-fost-reactia-lui\/"},"modified":"2025-05-23T17:11:54","modified_gmt":"2025-05-23T17:11:54","slug":"un-norvegian-s-a-trezit-cu-un-vapor-imens-la-cativa-metri-de-casa-care-a-fost-reactia-lui","status":"publish","type":"post","link":"https:\/\/info-eforie.ro\/index.php\/2025\/05\/23\/un-norvegian-s-a-trezit-cu-un-vapor-imens-la-cativa-metri-de-casa-care-a-fost-reactia-lui\/","title":{"rendered":"Un norvegian s-a trezit cu un vapor imens la c\u00e2\u021biva metri de cas\u0103. Care a fost reac\u021bia lui"},"content":{"rendered":"<div>\n<p>O nav\u0103 cargo s-a izbit de gr\u0103dina unui b\u0103rbat din Norvegia, la doar c\u00e2\u021biva metri de locuin\u021ba acestuia, \u00een timp ce el dormea ad\u00e2nc.<\/p>\n<div><picture loading=\"eager\" width=\"1400\" height=\"750\" alt=\"Autorit\u0103\u021bile \u00eencearc\u0103 s\u0103-\u0219i dea seama cum a ajuns nava acolo FOTO Doren Burrell \/ Facebook\"><source type=\"image\/webp\"  media=\"(min-width: 1400px)\"><source type=\"image\/webp\"  media=\"(min-width: 1000px)\"><source type=\"image\/webp\"  media=\"(min-width: 700px)\"><source type=\"image\/jpeg\"  media=\"(min-width: 1400px)\"><source type=\"image\/jpeg\"  media=\"(min-width: 1000px)\"><source type=\"image\/jpeg\"  media=\"(min-width: 700px)\"><img fetchpriority=\"high\" decoding=\"async\" src=\"https:\/\/cdn.adh.reperio.news\/image-7\/7cf45fbc-98a1-4f0e-adc1-992a6c6219ee\/index.jpeg?p=a%3D1%26co%3D1.05%26w%3D700%26h%3D750%26r%3Dcontain%26f%3Dwebp\" alt=\"Autorit\u0103\u021bile \u00eencearc\u0103 s\u0103-\u0219i dea seama cum a ajuns nava acolo FOTO Doren Burrell \/ Facebook\" width=\"1400\" height=\"750\" loading=\"eager\"><\/picture>\n<p>Autorit\u0103\u021bile \u00eencearc\u0103 s\u0103-\u0219i dea seama cum a ajuns nava acolo FOTO Doren Burrell \/ Facebook<\/p>\n<\/div>\n<p>Johan Helberg dormea c\u00e2nd o nav\u0103 container de 135 de metri lungime a e\u0219uat joi diminea\u021b\u0103 \u00een fiordul Trondheimsfjord, \u00een zona Byneset, Trondheim, potrivit <a href=\"https:\/\/news.sky.com\/story\/seriously-deep-sleeper-not-woken-up-by-ship-crashing-in-his-garden-13373113\" rel=\"nofollow\">Sky News<\/a>.<\/p>\n<p>Din fericire, nu s-au raportat victime sau scurgeri de petrol, iar autorit\u0103\u021bile inten\u021bioneaz\u0103 s\u0103 \u00eendep\u0103rteze nava odat\u0103 cu fluxul mareei.<\/p>\n<p>Imaginile surprinse la fa\u021ba locului arat\u0103 c\u00e2t de aproape a fost nava uria\u0219\u0103 de a intra direct \u00een casa lui Helberg.<\/p>\n<p>Cu toate acestea, b\u0103rbatul nu s-a trezit \u00een timpul incidentului, ci doar mai t\u00e2rziu, c\u00e2nd un vecin a venit \u00een grab\u0103 s\u0103 vad\u0103 dac\u0103 este \u00een regul\u0103.<\/p>\n<p><i>\u201eA sunat cineva la u\u0219\u0103 la o or\u0103 la care chiar nu-mi place s\u0103 r\u0103spund\u201d<\/i>, a declarat Helberg.<\/p>\n<p><i>\u201e\u00cemi place s\u0103 m\u0103 culc la loc. Dar a fost un apel at\u00e2t de insistent, \u00eenc\u00e2t \u00een cele din urm\u0103 m-am dus s\u0103 deschid. \u0218i era un tip pe care-l cunosc foarte bine, se uita la mine uimit \u0219i \u00eemi spune: \u2018N-ai v\u0103zut nava?\u2019 Dar nu o v\u0103zusem. A\u0219a c\u0103 m-am dus la fereastr\u0103 \u0219i am v\u0103zut asta [nava]\u201d<\/i>, a ad\u0103ugat el.<\/p>\n<p>Roger Gustafson, din cadrul poli\u021biei locale, a anun\u021bat c\u0103 va fi demarat\u0103 o anchet\u0103 pentru a se stabili cum a avut loc incidentul.<\/p>\n<p>El a precizat c\u0103, deocamdat\u0103, nu exist\u0103 suspiciuni c\u0103 cineva de la bord s-ar fi aflat sub influen\u021ba drogurilor sau a alcoolului.<\/p>\n<\/p><\/div>\n<p><a href=\"https:\/\/adevarul.ro\/stiri-externe\/europa\/un-norvegian-s-a-trezit-cu-un-vapor-imens-la-2445606.html\" class=\"button purchase\" rel=\"nofollow noopener\" target=\"_blank\">Read More<\/a><\/p>\n","protected":false},"excerpt":{"rendered":"<p>O nav\u0103 cargo s-a izbit de gr\u0103dina unui b\u0103rbat din Norvegia, la doar c\u00e2\u021biva metri de locuin\u021ba acestuia, \u00een timp ce el dormea ad\u00e2nc. Autorit\u0103\u021bile [&hellip;]<\/p>\n","protected":false},"author":1,"featured_media":4591,"comment_status":"open","ping_status":"open","sticky":false,"template":"","format":"standard","meta":{"_monsterinsights_skip_tracking":false,"footnotes":""},"categories":[6],"tags":[],"class_list":["post-4590","post","type-post","status-publish","format-standard","has-post-thumbnail","hentry","category-popular"],"aioseo_notices":[],"_links":{"self":[{"href":"https:\/\/info-eforie.ro\/index.php\/wp-json\/wp\/v2\/posts\/4590","targetHints":{"allow":["GET"]}}],"collection":[{"href":"https:\/\/info-eforie.ro\/index.php\/wp-json\/wp\/v2\/posts"}],"about":[{"href":"https:\/\/info-eforie.ro\/index.php\/wp-json\/wp\/v2\/types\/post"}],"author":[{"embeddable":true,"href":"https:\/\/info-eforie.ro\/index.php\/wp-json\/wp\/v2\/users\/1"}],"replies":[{"embeddable":true,"href":"https:\/\/info-eforie.ro\/index.php\/wp-json\/wp\/v2\/comments?post=4590"}],"version-history":[{"count":0,"href":"https:\/\/info-eforie.ro\/index.php\/wp-json\/wp\/v2\/posts\/4590\/revisions"}],"wp:featuredmedia":[{"embeddable":true,"href":"https:\/\/info-eforie.ro\/index.php\/wp-json\/wp\/v2\/media\/4591"}],"wp:attachment":[{"href":"https:\/\/info-eforie.ro\/index.php\/wp-json\/wp\/v2\/media?parent=4590"}],"wp:term":[{"taxonomy":"category","embeddable":true,"href":"https:\/\/info-eforie.ro\/index.php\/wp-json\/wp\/v2\/categories?post=4590"},{"taxonomy":"post_tag","embeddable":true,"href":"https:\/\/info-eforie.ro\/index.php\/wp-json\/wp\/v2\/tags?post=4590"}],"curies":[{"name":"wp","href":"https:\/\/api.w.org\/{rel}","templated":true}]}}