{"id":4578,"date":"2025-05-22T17:08:32","date_gmt":"2025-05-22T17:08:32","guid":{"rendered":"https:\/\/info-eforie.ro\/index.php\/2025\/05\/22\/marturia-socanta-a-fostei-jurnaliste-care-si-a-aruncat-fetita-de-la-etajul-5-apoi-a-recurs-la-acelasi-gest\/"},"modified":"2025-05-22T17:08:32","modified_gmt":"2025-05-22T17:08:32","slug":"marturia-socanta-a-fostei-jurnaliste-care-si-a-aruncat-fetita-de-la-etajul-5-apoi-a-recurs-la-acelasi-gest","status":"publish","type":"post","link":"https:\/\/info-eforie.ro\/index.php\/2025\/05\/22\/marturia-socanta-a-fostei-jurnaliste-care-si-a-aruncat-fetita-de-la-etajul-5-apoi-a-recurs-la-acelasi-gest\/","title":{"rendered":"M\u0103rturia \u0219ocant\u0103 a fostei jurnaliste care \u0219i-a aruncat feti\u021ba de la etajul 5, apoi a recurs la acela\u0219i gest"},"content":{"rendered":"<div>\n<p>Apar detalii \u0219ocante \u00een cazul tragediei din Capital\u0103. Fosta jurnalist\u0103 care \u0219i-a aruncat fiica de 7 ani de la etajul 5, apoi a recurs la acela\u0219i gest, suferea de depresie \u015fi era \u00een proces pentru custodie. <\/p>\n<div><picture loading=\"eager\" width=\"1400\" height=\"750\" alt=\"Tragedie \u00een Sectorul 2 al Capitalei FOTO: Arhiv\u0103, Adev\u0103rul\"><source type=\"image\/webp\"  media=\"(min-width: 1400px)\"><source type=\"image\/webp\"  media=\"(min-width: 1000px)\"><source type=\"image\/webp\"  media=\"(min-width: 700px)\"><source type=\"image\/jpeg\"  media=\"(min-width: 1400px)\"><source type=\"image\/jpeg\"  media=\"(min-width: 1000px)\"><source type=\"image\/jpeg\"  media=\"(min-width: 700px)\"><img fetchpriority=\"high\" decoding=\"async\" src=\"https:\/\/cdn.adh.reperio.news\/image-b\/b5bf2ed6-c230-4773-89f4-8ca47b9415c7\/index.jpeg?p=a%3D1%26co%3D1.05%26w%3D700%26h%3D750%26r%3Dcontain%26f%3Dwebp\" alt=\"Tragedie \u00een Sectorul 2 al Capitalei FOTO: Arhiv\u0103, Adev\u0103rul\" width=\"1400\" height=\"750\" loading=\"eager\"><\/picture>\n<p>Tragedie \u00een Sectorul 2 al Capitalei FOTO: Arhiv\u0103, Adev\u0103rul<\/p>\n<\/div>\n<p>Fosta jurnalist\u0103, care a lucrat la dou\u0103 posturi de \u0219tiri importante, Rom\u00e2nia TV \u0219i Realitatea TV, a supravie\u021buit \u00een mod miraculos dup\u0103 ce a c\u0103zut pe mai multe ma\u0219ini parcate, care au atenuat impactul. Feti\u021ba a fost apoi g\u0103sit\u0103 pe asfalt, \u00een stare critic\u0103, \u0219i transportat\u0103 de urgen\u021b\u0103 la Spitalul Grigore Alexandrescu.\u00a0<\/p>\n<p><i>\u201eA<br \/>\naruncat feti\u0163a de pe geam \u015fi dup\u0103 aia s-a aruncat ea, am v\u0103zut eu\u201d<\/i>, spune\u00a0un martor, pentru <a href=\"https:\/\/observatornews.ro\/eveniment\/ultimele-cuvinte-ale-mamei-care-sia-aruncat-fiica-pe-fereastra-inainte-de-asi-pierde-cunostinta-filmul-tragediei-din-sectorul-2-620154.html?fbclid=IwY2xjawKb0iJleHRuA2FlbQIxMQBicmlkETFud09YMHhDd3d1ak9GdUNaAR43m8sbVgofE7OxFCNYOxhxNZJTV2r79UAFfNOEn6azqx3Qssu6V5GfBlmhSw_aem_qIz7tsWB5ysMbZsbWMRLGg\" rel=\"nofollow\">observator.\u00a0<\/a><\/p>\n<p>Vecinii au auzit o bubuitur\u0103 \u015fi au crezut<br \/>\nc\u0103 s-au lovit dou\u0103 ma\u015fini. Cei care au ie\u015fit la ferestre au v\u0103zut-o pe <a href=\"https:\/\/adevarul.ro\/stiri-locale\/bucuresti\/incident-in-sectorul-2-din-capitala-o-mama-si-2444916.html\">femeie plonj\u00e2nd \u00een gol.<\/a>\u00a0<i>\u201eAm<br \/>\nauzit un fo\u015fnet, un ceva, \u0163ip\u0103t \u015fi pocnitur\u0103 \u015fi am reu\u015fit s\u0103 v\u0103d pocnitura \u015fi<br \/>\nam v\u0103zut-o pe ea, fizic, \u00een picaj\u201d,\u00a0<\/i>a povestit\u00a0un alt<br \/>\nmartor.\u00a0<\/p>\n<h2>\u201eA\u015fa am considerat noi dou\u0103 c\u0103 e mai bine\u201d<\/h2>\n<p>Oamenii care au asistat la teribila scen\u0103 s-au gr\u0103bit s\u0103 le acorde primul ajutor \u015fi au sunat la 112.\u00a0\u00a0<i>\u201eAm fugit la ea s\u0103 v\u0103d ce face. Cineva de la geam ne-a zis c\u0103 e \u015fi<br \/>\ncopilul acolo, am l\u0103sat-o pe ea, am fugit la copil, am v\u0103zut c\u0103 \u015fi copilul<br \/>\nrespira\u201d,<\/i> spune un\u00a0alt martor.<\/p>\n<p><i>\u201eC\u00e2nd am ajuns la fa\u0163a locului am v\u0103zut copilul prima dat\u0103, mama<br \/>\nfiind \u00eentre ma\u015fini n-am observat-o\u201d, <\/i>a declarat\u00a0Marius<br \/>\nNeculai, voluntar \u201eExist\u0103 un erou\u201d.\u00a0<\/p>\n<p>Gestul extrem i-a \u015focat p\u00e2n\u0103 \u015fi pe anchetatori, mai ales c\u0103 mul\u0163i o<br \/>\ncuno\u015fteau. Femeia de 37 de ani a lucrat \u00een pres\u0103 mult timp.\u00a0<i>\u201eAm \u00eentrebat-o ce s-a \u00eent\u00e2mplat, ce-a\u0163i p\u0103\u0163it, a\u0163i c\u0103zut, \u015fi mi-a<br \/>\nzis: a\u015fa am considerat noi dou\u0103 c\u0103 e mai bine\u201d<\/i>, mai spune<b>\u00a0<\/b>martorul, pentru sursa citat\u0103.\u00a0<\/p>\n<h2>Fosta jurnalist\u0103 suferea de depresie<\/h2>\n<p>Tat\u0103l feti\u0163ei a dev\u0103luit c\u0103 femeia suferea de depresie. Aceasta mergea la psiholog de mai bine de un an, dup\u0103 ce a amenin\u0163at<br \/>\n\u00een mai multe r\u00e2nduri c\u0103-\u015fi va pune cap\u0103t zilelor.<\/p>\n<p>Femeia \u015fi tat\u0103l copilului avuseser\u0103 ieri o prim\u0103 decizie \u00een dosarul de<br \/>\ncustodie \u015fi pensie alimentar\u0103 pe care le stabiliser\u0103 de comun acord.\u00a0<\/p>\n<p>Mama feti\u021bei a a fost transportat\u0103 la Spitalul Floreasca, unde a fost operat\u0103 de urgen\u021b\u0103. Ea va fi audiat\u0103 abia dup\u0103 ce starea ei de s\u0103n\u0103tate se stabilizeaz\u0103. \u00centre timp, autorit\u0103\u021bile au deschis un dosar penal pentru tentativ\u0103 de omor.<\/p>\n<\/p><\/div>\n<p><a href=\"https:\/\/adevarul.ro\/stiri-interne\/evenimente\/marturia-socanta-a-fostei-jurnaliste-care-si-a-2445337.html\" class=\"button purchase\" rel=\"nofollow noopener\" target=\"_blank\">Read More<\/a><\/p>\n","protected":false},"excerpt":{"rendered":"<p>Apar detalii \u0219ocante \u00een cazul tragediei din Capital\u0103. Fosta jurnalist\u0103 care \u0219i-a aruncat fiica de 7 ani de la etajul 5, apoi a recurs la [&hellip;]<\/p>\n","protected":false},"author":1,"featured_media":4579,"comment_status":"open","ping_status":"open","sticky":false,"template":"","format":"standard","meta":{"_monsterinsights_skip_tracking":false,"_monsterinsights_sitenote_active":false,"_monsterinsights_sitenote_note":"","_monsterinsights_sitenote_category":0,"footnotes":""},"categories":[6],"tags":[],"class_list":["post-4578","post","type-post","status-publish","format-standard","has-post-thumbnail","hentry","category-popular"],"aioseo_notices":[],"_links":{"self":[{"href":"https:\/\/info-eforie.ro\/index.php\/wp-json\/wp\/v2\/posts\/4578","targetHints":{"allow":["GET"]}}],"collection":[{"href":"https:\/\/info-eforie.ro\/index.php\/wp-json\/wp\/v2\/posts"}],"about":[{"href":"https:\/\/info-eforie.ro\/index.php\/wp-json\/wp\/v2\/types\/post"}],"author":[{"embeddable":true,"href":"https:\/\/info-eforie.ro\/index.php\/wp-json\/wp\/v2\/users\/1"}],"replies":[{"embeddable":true,"href":"https:\/\/info-eforie.ro\/index.php\/wp-json\/wp\/v2\/comments?post=4578"}],"version-history":[{"count":0,"href":"https:\/\/info-eforie.ro\/index.php\/wp-json\/wp\/v2\/posts\/4578\/revisions"}],"wp:featuredmedia":[{"embeddable":true,"href":"https:\/\/info-eforie.ro\/index.php\/wp-json\/wp\/v2\/media\/4579"}],"wp:attachment":[{"href":"https:\/\/info-eforie.ro\/index.php\/wp-json\/wp\/v2\/media?parent=4578"}],"wp:term":[{"taxonomy":"category","embeddable":true,"href":"https:\/\/info-eforie.ro\/index.php\/wp-json\/wp\/v2\/categories?post=4578"},{"taxonomy":"post_tag","embeddable":true,"href":"https:\/\/info-eforie.ro\/index.php\/wp-json\/wp\/v2\/tags?post=4578"}],"curies":[{"name":"wp","href":"https:\/\/api.w.org\/{rel}","templated":true}]}}