{"id":4526,"date":"2025-05-19T20:08:29","date_gmt":"2025-05-19T20:08:29","guid":{"rendered":"https:\/\/info-eforie.ro\/index.php\/2025\/05\/19\/marius-sumudica-mesaj-pentru-dan-petrescu-dupa-ce-a-aflat-starea-in-care-se-afla-antrenorul-in-final-toate-astea-isi-pun-amprenta\/"},"modified":"2025-05-19T20:08:29","modified_gmt":"2025-05-19T20:08:29","slug":"marius-sumudica-mesaj-pentru-dan-petrescu-dupa-ce-a-aflat-starea-in-care-se-afla-antrenorul-in-final-toate-astea-isi-pun-amprenta","status":"publish","type":"post","link":"https:\/\/info-eforie.ro\/index.php\/2025\/05\/19\/marius-sumudica-mesaj-pentru-dan-petrescu-dupa-ce-a-aflat-starea-in-care-se-afla-antrenorul-in-final-toate-astea-isi-pun-amprenta\/","title":{"rendered":"Marius \u0218umudic\u0103, mesaj pentru Dan Petrescu dup\u0103 ce a aflat starea \u00een care se afl\u0103 antrenorul: \u201d\u00cen final, toate astea \u00ee\u0219i pun amprenta\u201d"},"content":{"rendered":"<div>\n<p>Ardelenii nu-l vor avea pe banc\u0103 pe Dan Petrescu. Antrenorul se confrunt\u0103 cu probleme de s\u0103n\u0103tate care-l fac s\u0103 absenteze de la ultimele dou\u0103 etape. Mai mult, Petrescu nu se va ocupa de echip\u0103 nici \u00een urm\u0103toarele luni, ci secunzii s\u0103i vor organiza totul la Cluj.<\/p>\n<h2><strong>Marius \u0218umudic\u0103, mesaj pentru Dan Petrescu dup\u0103 ce a aflat starea \u00een care se afl\u0103 antrenorul: \u201d\u00cen final, toate astea \u00ee\u0219i pun amprenta\u201d<\/strong><br \/><\/h2>\n<p>Marius \u0218umudic\u0103 a vorbit despre Dan Petrescu \u0219i i-a urat mult\u0103 s\u0103n\u0103tate antrenorului. Tehnicianul din Giule\u0219ti a explicat c\u0103 \u00een\u021belege situa\u021bia prin care trece antrenorul clujenilor \u0219i c\u0103 sper\u0103 s\u0103 revin\u0103 c\u00e2t mai repede.<\/p>\n<p><strong>\u201dEste un moment de care nu a\u0219 fi vrut s\u0103 vorbesc. Vreau s\u0103-i doresc s\u0103n\u0103tate. Nu \u0219tiu exact problemele pe care le are, dar din c\u00e2te aud sunt destul de grave. \u0218i, eu, Marius \u0218umudic\u0103, sunt al\u0103turi de el \u0219i \u00eemi doresc din suflet, fiindc\u0103 \u0219tiu c\u00e2t\u0103 pasiune pune, \u0219tiu ce \u00eenseamn\u0103 s\u0103 fii antrenor la o echip\u0103 cu preten\u021bii, unde exist\u0103 presiune, la fel ca la Rapid&#8230;\u00a0<br \/><\/strong><\/p>\n<p><strong>Intervine stresul, intervin nop\u021bile nedormite. Care \u00eentr-un final \u00ee\u0219i pun amprenta. Sunt sigur c\u0103 se va \u00eentoarce mai puternic al\u0103turi de echip\u0103. Sunt momente despre care nu a\u0219 fi vrut s\u0103 vorbesc.\u00a0<br \/><\/strong><\/p>\n<p><strong>\u021ain s\u0103-i urez mult\u0103 s\u0103n\u0103tate \u0219i s\u0103 revin\u0103 mai puternic al\u0103turi de club. Cei de acolo s\u0103-l sus\u021bin\u0103 \u00een continuare, a\u0219a e frumos. \u00cemi pare r\u0103u c\u0103 s-a ajuns \u00een situa\u021bia \u00een care nu-\u0219i poate continua activitatea. Nu vreau s\u0103 fie ceva mult prea grav. Sunt momente teribile \u00een via\u021ba unui om\u201d<\/strong>, a spus Marius \u0218umudic\u0103 la conferin\u021ba de pres\u0103.<\/p>\n<p>Rapid &#8211; CFR Cluj va avea loc \u00een Giule\u0219ti. Meciul va putea fi urm\u0103rit \u00een format LIVE TEXT at\u00e2t pe Sport.ro, c\u00e2t \u0219i pe Faceobook Sport.ro. Luni va avea loc \u0219i retragerea lui Cristi S\u0103punaru, despre care Marius \u0218umudic\u0103 a vorbit <a href=\"https:\/\/www.sport.ro\/liga-1\/sapunaru-se-retrage-marius-sumudica-a-dat-detalii-despre-ce-se-intampla-luni.html\" rel=\"noopener noreferrer\"><strong>AICI<\/strong><\/a>.<\/p>\n<\/div>\n<p><a href=\"https:\/\/www.sport.ro\/liga-1\/marius-sumudica-mesaj-pentru-dan-petrescu-dupa-ce-a-aflat-starea-in-care-se-afla-antrenorul-in-final-toate-astea-isi-pun-amprenta.html\" class=\"button purchase\" rel=\"nofollow noopener\" target=\"_blank\">Read More<\/a><\/p>\n","protected":false},"excerpt":{"rendered":"<p>Ardelenii nu-l vor avea pe banc\u0103 pe Dan Petrescu. Antrenorul se confrunt\u0103 cu probleme de s\u0103n\u0103tate care-l fac s\u0103 absenteze de la ultimele dou\u0103 etape. [&hellip;]<\/p>\n","protected":false},"author":1,"featured_media":4527,"comment_status":"open","ping_status":"open","sticky":false,"template":"","format":"standard","meta":{"_monsterinsights_skip_tracking":false,"footnotes":""},"categories":[7],"tags":[],"class_list":["post-4526","post","type-post","status-publish","format-standard","has-post-thumbnail","hentry","category-sports"],"aioseo_notices":[],"_links":{"self":[{"href":"https:\/\/info-eforie.ro\/index.php\/wp-json\/wp\/v2\/posts\/4526","targetHints":{"allow":["GET"]}}],"collection":[{"href":"https:\/\/info-eforie.ro\/index.php\/wp-json\/wp\/v2\/posts"}],"about":[{"href":"https:\/\/info-eforie.ro\/index.php\/wp-json\/wp\/v2\/types\/post"}],"author":[{"embeddable":true,"href":"https:\/\/info-eforie.ro\/index.php\/wp-json\/wp\/v2\/users\/1"}],"replies":[{"embeddable":true,"href":"https:\/\/info-eforie.ro\/index.php\/wp-json\/wp\/v2\/comments?post=4526"}],"version-history":[{"count":0,"href":"https:\/\/info-eforie.ro\/index.php\/wp-json\/wp\/v2\/posts\/4526\/revisions"}],"wp:featuredmedia":[{"embeddable":true,"href":"https:\/\/info-eforie.ro\/index.php\/wp-json\/wp\/v2\/media\/4527"}],"wp:attachment":[{"href":"https:\/\/info-eforie.ro\/index.php\/wp-json\/wp\/v2\/media?parent=4526"}],"wp:term":[{"taxonomy":"category","embeddable":true,"href":"https:\/\/info-eforie.ro\/index.php\/wp-json\/wp\/v2\/categories?post=4526"},{"taxonomy":"post_tag","embeddable":true,"href":"https:\/\/info-eforie.ro\/index.php\/wp-json\/wp\/v2\/tags?post=4526"}],"curies":[{"name":"wp","href":"https:\/\/api.w.org\/{rel}","templated":true}]}}