{"id":4506,"date":"2025-05-19T16:06:18","date_gmt":"2025-05-19T16:06:18","guid":{"rendered":"https:\/\/info-eforie.ro\/index.php\/2025\/05\/19\/primul-mesaj-al-lui-calin-georgescu-dupa-ce-george-simion-a-pierdut-alegerile-romania-nu-este-pierduta-este-doar-ranita\/"},"modified":"2025-05-19T16:06:18","modified_gmt":"2025-05-19T16:06:18","slug":"primul-mesaj-al-lui-calin-georgescu-dupa-ce-george-simion-a-pierdut-alegerile-romania-nu-este-pierduta-este-doar-ranita","status":"publish","type":"post","link":"https:\/\/info-eforie.ro\/index.php\/2025\/05\/19\/primul-mesaj-al-lui-calin-georgescu-dupa-ce-george-simion-a-pierdut-alegerile-romania-nu-este-pierduta-este-doar-ranita\/","title":{"rendered":"Primul mesaj al lui C\u0103lin Georgescu dup\u0103 ce George Simion a pierdut alegerile: \u201eRom\u00e2nia nu este pierdut\u0103, este doar r\u0103nit\u0103\u201d"},"content":{"rendered":"<div>\n<p>Dup\u0103 \u00eenfr\u00e2ngerea lui George Simion \u00een turul doi al alegerilor preziden\u021biale din 18 mai 2025, C\u0103lin Georgescu a transmis un mesaj de \u00eencurajare \u0219i unitate, \u00een care a vorbit despre credin\u021b\u0103, demnitate \u0219i speran\u021b\u0103.<\/p>\n<div><picture loading=\"eager\" width=\"1400\" height=\"750\" alt=\"Primul mesaj al lui C\u0103lin Georgescu dup\u0103 \u00eenfr\u00e2ngerea lui Simion FOTO: Inquam photos \/ George C\u0103lin\"><source type=\"image\/webp\"  media=\"(min-width: 1400px)\"><source type=\"image\/webp\"  media=\"(min-width: 1000px)\"><source type=\"image\/webp\"  media=\"(min-width: 700px)\"><source type=\"image\/jpeg\"  media=\"(min-width: 1400px)\"><source type=\"image\/jpeg\"  media=\"(min-width: 1000px)\"><source type=\"image\/jpeg\"  media=\"(min-width: 700px)\"><img fetchpriority=\"high\" decoding=\"async\" src=\"https:\/\/cdn.adh.reperio.news\/image-7\/76e5aad0-9629-424a-9bb5-e812a98c3ff0\/index.jpeg?p=a%3D1%26co%3D1.05%26w%3D700%26h%3D750%26r%3Dcontain%26f%3Dwebp\" alt=\"Primul mesaj al lui C\u0103lin Georgescu dup\u0103 \u00eenfr\u00e2ngerea lui Simion FOTO: Inquam photos \/ George C\u0103lin\" width=\"1400\" height=\"750\" loading=\"eager\"><\/picture>\n<p>Primul mesaj al lui C\u0103lin Georgescu dup\u0103 \u00eenfr\u00e2ngerea lui Simion FOTO: Inquam photos \/ George C\u0103lin<\/p>\n<\/div>\n<p>C\u0103lin Georgescu a reac\u021bionat public dup\u0103<a href=\"https:\/\/adevarul.ro\/alegeri-prezidentiale-2025\/harta-votului-din-diaspora-simion-a-castigat-in-2444319.html\"> \u00eenfr\u00e2ngerea lui George Simion \u00een alegerile preziden\u021biale din 18 mai<\/a>, c\u00e2\u0219tigate de Nicu\u0219or Dan. \u00centr-un mesaj video publicat pe pagina sa de Facebook, Georgescu a vorbit despre sensul mai profund al acestei experien\u021be electorale \u0219i a f\u0103cut apel la pace, iertare \u0219i rug\u0103ciune.<\/p>\n<p>\u201e<i>Rom\u00e2nia nu este pierdut\u0103, este doar r\u0103nit\u0103. Unii dintre voi pl\u00e2nge\u021bi. V\u0103 v\u0103d, v\u0103 simt \u0219i v\u0103 aud lacrimile grele. Pl\u00e2nge\u021bi, dragii mei, dar nu dezn\u0103d\u0103jdui\u021bi. Nu toate lacrimile sunt rele<\/i>\u201d, a spus Georgescu.<\/p>\n<p>Acesta a vorbit despre lunile de campanie ca despre \u201eo lucrare\u201d comun\u0103, dincolo de simple confrunt\u0103ri electorale, \u0219i a subliniat c\u0103 adev\u0103rata b\u0103t\u0103lie se duce \u00een con\u0219tiin\u021bele oamenilor. \u201e<i>Am fost \u00eempreun\u0103 \u00eentr-o lucrare unii cu al\u021bii \u0219i noi to\u021bi cu Dumnezeu. O lucrare care, p\u00e2n\u0103 la final, s-a dovedit s\u0103 fie o cernere mai presus dec\u00e2t o trezire<\/i>\u201d, a spus el.<\/p>\n<p>Georgescu<a href=\"https:\/\/adevarul.ro\/politica\/anamaria-gavrila-citeaza-din-einstein-dupa-esecul-2444451.html\"> a \u00eendemnat la iertare \u0219i sprijin reciproc:\u00a0<\/a>\u201e<i>Ierta\u021bi-v\u0103 unii pe al\u021bii, \u00eembr\u0103\u021bi\u0219a\u021bi-v\u0103 unii pe al\u021bii, ajuta\u021bi-v\u0103 unii pe al\u021bii \u0219i ruga\u021bi-v\u0103 ne\u00eencetat unii pentru al\u021bii.\u201d<\/i><\/p>\n<h2>Mesaje pentru ambii candida\u021bi<\/h2>\n<p>\u00cen mesajul s\u0103u, C\u0103lin Georgescu a \u021binut s\u0103<a href=\"https:\/\/adevarul.ro\/politica\/george-simion-isi-recunoaste-infrangerea-am-fost-2444310.html\"> \u00eel felicite pe George Simion pentru lupta dus\u0103\u00a0<\/a>\u0219i i-a transmis ur\u0103ri de bine lui Nicu\u0219or Dan, noul pre\u0219edinte ales.<\/p>\n<p><i>\u201e\u00cel felicit pe George Simion. A luptat \u0219i m\u0103 rog s\u0103 continue s\u0103 o fac\u0103 cu onoare, cu hot\u0103r\u00e2re \u0219i cu energie, slujindu-\u0219i \u021bara.<\/i>\u201d<\/p>\n<p><i>\u201eM\u0103 rog \u0219i pentru Nicu\u0219or Dan s\u0103 fie un pre\u0219edinte \u00een\u021belept pentru Rom\u00e2nia. Dincolo de politic\u0103, m\u0103 uit \u0219i la omul din el, c\u0103rei revine misiunea de a iubi acest popor, \u00eentregul popor<\/i>.\u201d<\/p>\n<h2>\u00cendemn la credin\u021b\u0103 \u0219i speran\u021b\u0103<\/h2>\n<p><a href=\"https:\/\/adevarul.ro\/politica\/simion-si-georgescu-poftiti-de-un-jandarm-sa-faca-2444119.html\">C\u0103lin Georgescu \u0219i-a \u00eencheiat interven\u021bia<\/a>\u00a0\u00eentr-un ton solemn, reafirm\u00e2nd valorile credin\u021bei \u0219i chem\u00e2nd la curaj \u0219i statornicie: \u201e<i>Curaj, nu v\u0103 teme\u021bi, indiferent ce va veni peste aceast\u0103 \u021bar\u0103 \u0219i peste aceast\u0103 lume. \u021aine\u021bi calea dreapt\u0103, crede\u021bi doar \u0219i at\u00e2t. Iar la final, o veste bun\u0103 \u0219i pentru unii o veste rea, insuportabil\u0103: Hristos a \u00eenviat!\u201d<\/i><\/p>\n<\/p><\/div>\n<p><a href=\"https:\/\/adevarul.ro\/alegeri-prezidentiale-2025\/primul-mesaj-al-lui-calin-georgescu-dupa-ce-george-2444524.html\" class=\"button purchase\" rel=\"nofollow noopener\" target=\"_blank\">Read More<\/a><\/p>\n","protected":false},"excerpt":{"rendered":"<p>Dup\u0103 \u00eenfr\u00e2ngerea lui George Simion \u00een turul doi al alegerilor preziden\u021biale din 18 mai 2025, C\u0103lin Georgescu a transmis un mesaj de \u00eencurajare \u0219i unitate, [&hellip;]<\/p>\n","protected":false},"author":1,"featured_media":4507,"comment_status":"open","ping_status":"open","sticky":false,"template":"","format":"standard","meta":{"_monsterinsights_skip_tracking":false,"footnotes":""},"categories":[6],"tags":[],"class_list":["post-4506","post","type-post","status-publish","format-standard","has-post-thumbnail","hentry","category-popular"],"aioseo_notices":[],"_links":{"self":[{"href":"https:\/\/info-eforie.ro\/index.php\/wp-json\/wp\/v2\/posts\/4506","targetHints":{"allow":["GET"]}}],"collection":[{"href":"https:\/\/info-eforie.ro\/index.php\/wp-json\/wp\/v2\/posts"}],"about":[{"href":"https:\/\/info-eforie.ro\/index.php\/wp-json\/wp\/v2\/types\/post"}],"author":[{"embeddable":true,"href":"https:\/\/info-eforie.ro\/index.php\/wp-json\/wp\/v2\/users\/1"}],"replies":[{"embeddable":true,"href":"https:\/\/info-eforie.ro\/index.php\/wp-json\/wp\/v2\/comments?post=4506"}],"version-history":[{"count":0,"href":"https:\/\/info-eforie.ro\/index.php\/wp-json\/wp\/v2\/posts\/4506\/revisions"}],"wp:featuredmedia":[{"embeddable":true,"href":"https:\/\/info-eforie.ro\/index.php\/wp-json\/wp\/v2\/media\/4507"}],"wp:attachment":[{"href":"https:\/\/info-eforie.ro\/index.php\/wp-json\/wp\/v2\/media?parent=4506"}],"wp:term":[{"taxonomy":"category","embeddable":true,"href":"https:\/\/info-eforie.ro\/index.php\/wp-json\/wp\/v2\/categories?post=4506"},{"taxonomy":"post_tag","embeddable":true,"href":"https:\/\/info-eforie.ro\/index.php\/wp-json\/wp\/v2\/tags?post=4506"}],"curies":[{"name":"wp","href":"https:\/\/api.w.org\/{rel}","templated":true}]}}