{"id":4462,"date":"2025-05-17T19:06:53","date_gmt":"2025-05-17T19:06:53","guid":{"rendered":"https:\/\/info-eforie.ro\/index.php\/2025\/05\/17\/catalin-cirjan-mesaj-clar-dupa-dinamo-u-cluj-1-3-nu-e-o-scuza\/"},"modified":"2025-05-17T19:06:53","modified_gmt":"2025-05-17T19:06:53","slug":"catalin-cirjan-mesaj-clar-dupa-dinamo-u-cluj-1-3-nu-e-o-scuza","status":"publish","type":"post","link":"https:\/\/info-eforie.ro\/index.php\/2025\/05\/17\/catalin-cirjan-mesaj-clar-dupa-dinamo-u-cluj-1-3-nu-e-o-scuza\/","title":{"rendered":"C\u0103t\u0103lin C\u00eerjan, mesaj clar dup\u0103 Dinamo \u2013 U Cluj 1-3: \u201dNu e o scuz\u0103!\u201d"},"content":{"rendered":"<div>\n<h2>C\u0103t\u0103lin C\u00eerjan: \u201dC\u0103 suntem obosi\u021bi nu este o scuz\u0103!\u201d<\/h2>\n<p>C\u0103t\u0103lin C\u00eerjan s-a ar\u0103tat dezam\u0103git la finalul jocului \u0219i a explicat c\u0103 sper\u0103 ca norocul lui Dinamo s\u0103 se schimbe din urm\u0103toarea stagiune, c\u00e2nd sper\u0103 ca forma\u021bia alb-ro\u0219ie s\u0103 se lupte pentru primele trei locuri.<\/p>\n<p>\u201d<strong>Nu \u0219tiu ce s\u0103 zic, nu pot s\u0103 \u00eemi explic cum am pierdut acest meci. O prim\u0103 repriz\u0103 foarte bun\u0103, nu au contat, ne-am creat foarte multe ocazii, din p\u0103cate iar ajungem foarte u\u0219or acolo \u0219i nu \u00eenscriem. C\u00e2nd am v\u0103zut c\u0103 Alex Chipciu a luat cartona\u0219 ro\u0219u, credeam c\u0103 \u00eei vom domina \u0219i mai tare, dar cred c\u0103 am intrat \u00een jocul \u0103sta de lupt\u0103, toat\u0103 lumea se ducea \u00een fa\u021b\u0103, nu am mai avut echilibru \u0219i asta a fost, ne-au prins pe contraatac.<\/strong><\/p>\n<p><strong>Am intrat bine \u0219i \u00een a doua repriz\u0103. Nu am reu\u0219it s\u0103 marc\u0103m, ei au f\u0103cut-o \u0219i trebuie s\u0103 \u00eenv\u0103\u021b\u0103m din asta. Trebuie s\u0103 ne \u00eenv\u0103\u021b\u0103m minte \u0219i sezonul viiitor s\u0103 fim mai preg\u0103ti\u021bi \u0219i s\u0103 ne batem acolo sus. Eu sunt fericit s\u0103 fiu pe teren la fiecare meci. M\u0103 simt foarte bine, joc meci de meci, dar nu e o scuz\u0103 c\u0103 suntem obosi\u021bi.<\/strong><\/p>\n<p><strong>Suntem preg\u0103ti\u021bi, juc\u0103m pentru Dinamo, sezonul \u0103sta nu a fost presiune, dar sunt sigur c\u0103 \u00een sezonul viitor suporterii \u00ee\u0219i vor dori \u0219i mai mult<\/strong>\u201d, a spus C\u0103t\u0103lin C\u00eerjan dup\u0103 meci.<\/p>\n<\/div>\n<p><a href=\"https:\/\/www.sport.ro\/liga-1\/catalin-cirjan-mesaj-clar-dupa-dinamo-u-cluj-1-3-nu-e-o-scuza.html\" class=\"button purchase\" rel=\"nofollow noopener\" target=\"_blank\">Read More<\/a><\/p>\n","protected":false},"excerpt":{"rendered":"<p>C\u0103t\u0103lin C\u00eerjan: \u201dC\u0103 suntem obosi\u021bi nu este o scuz\u0103!\u201d C\u0103t\u0103lin C\u00eerjan s-a ar\u0103tat dezam\u0103git la finalul jocului \u0219i a explicat c\u0103 sper\u0103 ca norocul lui [&hellip;]<\/p>\n","protected":false},"author":1,"featured_media":4463,"comment_status":"open","ping_status":"open","sticky":false,"template":"","format":"standard","meta":{"_monsterinsights_skip_tracking":false,"footnotes":""},"categories":[7],"tags":[],"class_list":["post-4462","post","type-post","status-publish","format-standard","has-post-thumbnail","hentry","category-sports"],"aioseo_notices":[],"_links":{"self":[{"href":"https:\/\/info-eforie.ro\/index.php\/wp-json\/wp\/v2\/posts\/4462","targetHints":{"allow":["GET"]}}],"collection":[{"href":"https:\/\/info-eforie.ro\/index.php\/wp-json\/wp\/v2\/posts"}],"about":[{"href":"https:\/\/info-eforie.ro\/index.php\/wp-json\/wp\/v2\/types\/post"}],"author":[{"embeddable":true,"href":"https:\/\/info-eforie.ro\/index.php\/wp-json\/wp\/v2\/users\/1"}],"replies":[{"embeddable":true,"href":"https:\/\/info-eforie.ro\/index.php\/wp-json\/wp\/v2\/comments?post=4462"}],"version-history":[{"count":0,"href":"https:\/\/info-eforie.ro\/index.php\/wp-json\/wp\/v2\/posts\/4462\/revisions"}],"wp:featuredmedia":[{"embeddable":true,"href":"https:\/\/info-eforie.ro\/index.php\/wp-json\/wp\/v2\/media\/4463"}],"wp:attachment":[{"href":"https:\/\/info-eforie.ro\/index.php\/wp-json\/wp\/v2\/media?parent=4462"}],"wp:term":[{"taxonomy":"category","embeddable":true,"href":"https:\/\/info-eforie.ro\/index.php\/wp-json\/wp\/v2\/categories?post=4462"},{"taxonomy":"post_tag","embeddable":true,"href":"https:\/\/info-eforie.ro\/index.php\/wp-json\/wp\/v2\/tags?post=4462"}],"curies":[{"name":"wp","href":"https:\/\/api.w.org\/{rel}","templated":true}]}}