{"id":4404,"date":"2025-05-15T18:07:12","date_gmt":"2025-05-15T18:07:12","guid":{"rendered":"https:\/\/info-eforie.ro\/index.php\/2025\/05\/15\/balaj-trage-un-semnal-dupa-cfr-cluj-hermannstadt-in-finala-cupei-asta-e-cel-mai-important\/"},"modified":"2025-05-15T18:07:12","modified_gmt":"2025-05-15T18:07:12","slug":"balaj-trage-un-semnal-dupa-cfr-cluj-hermannstadt-in-finala-cupei-asta-e-cel-mai-important","status":"publish","type":"post","link":"https:\/\/info-eforie.ro\/index.php\/2025\/05\/15\/balaj-trage-un-semnal-dupa-cfr-cluj-hermannstadt-in-finala-cupei-asta-e-cel-mai-important\/","title":{"rendered":"Balaj trage un semnal dup\u0103 CFR Cluj \u2013 Hermannstadt \u00een finala cupei: \u201eAsta e cel mai important!\u201c"},"content":{"rendered":"<div>\n<p>CFR Cluj \u2013 Hermannstadt, scor 3-2, \u00een finala Cupei Rom\u00e2niei a declan\u0219at fiesta \u00een lotul ardelenilor. \u0218i a sc\u0103pat echipa antrenat\u0103 de Dan Petrescu de o presiune fantastic\u0103!<\/p>\n<p><a href=\"https:\/\/www.sport.ro\/cupa-romaniei\/cfr-cluj-s-a-umplut-de-bani-suma-cu-care-va-fi-rasplatita-pentru-castigarea-cupei-romaniei.html\" rel=\"noopener noreferrer\"><strong>Sport.ro a explicat aici<\/strong> <\/a>de ce succesul ob\u021binut de ardeleni, la Arad, are o dubl\u0103 valoare sportiv\u0103 \u0219i financiar\u0103.\u00a0<\/p>\n<p>La interviul de dup\u0103 victoria de miercuri, Cristi Balaj, pre\u0219edintele forma\u021biei din Gruia, a fost \u0219i el mult mai calm dec\u00e2t de obicei, semn c\u0103 rezultatul ob\u021binut \u00een finala competi\u021biei KO l-a sc\u0103pat de stres. Pe de alt\u0103 parte, fostul arbitru a \u021binut s\u0103 sublinieze c\u0103 acest triumf din cup\u0103 trebuie s\u0103 fie urmat de un parcurs reu\u0219it \u00een preliminariile Ligii Europa, \u00een var\u0103.\u00a0<\/p>\n<p>\u201e<strong>A fost o final\u0103 grea, pentru c\u0103 am \u00eent\u00e2lnit un adversar valoros, care merit\u0103 s\u0103 fie felicitat. Hermannstadt a demonstrat c\u0103 a meritat s\u0103 ajung\u0103 \u00een final\u0103. Greul de abia acum \u00eencepe. Important e s\u0103 facem o echip\u0103 competitiv\u0103 pentru cupele europene. Important e s\u0103 avem o echip\u0103 cel pu\u021bin la fel de bun\u0103 ca cea care a c\u00e2\u0219tigat aceast\u0103 final\u0103. Dedic\u0103m aceast\u0103 victorie lui Dan Petrescu. A f\u0103cut un sacrificiu imens \u0219i a stat al\u0103turi de echip\u0103, \u00een loc s\u0103 mearg\u0103 la spital. \u00cen perioada urm\u0103toare, vom fi al\u0103turi de el, fiindc\u0103 form\u0103m o familie, la CFR<\/strong>\u201c, a spus Balaj.<\/p>\n<p>Acesta a fost \u00eentrebat \u0219i despre partidele r\u0103mase din play-off, cu Rapid (luni, ora 20.30) \u0219i cu FCSB (24 mai): \u201e<strong>Respect\u0103m competi\u021bia \u0219i mergem s\u0103 c\u00e2\u0219tig\u0103m. Mai ales c\u0103 ne dorim locul 2 \u00een campionat. Vrem s\u0103 \u0219i demonstr\u0103m c\u0103 am meritat s\u0103 fim tot timpul sus \u00een clasament<\/strong>\u201c.<\/p>\n<\/div>\n<p><a href=\"https:\/\/www.sport.ro\/cupa-romaniei\/balaj-trage-un-semnal-dupa-cfr-cluj-hermannstadt-in-finala-cupei-asta-e-cel-mai-important.html\" class=\"button purchase\" rel=\"nofollow noopener\" target=\"_blank\">Read More<\/a><\/p>\n","protected":false},"excerpt":{"rendered":"<p>CFR Cluj \u2013 Hermannstadt, scor 3-2, \u00een finala Cupei Rom\u00e2niei a declan\u0219at fiesta \u00een lotul ardelenilor. \u0218i a sc\u0103pat echipa antrenat\u0103 de Dan Petrescu de [&hellip;]<\/p>\n","protected":false},"author":1,"featured_media":4405,"comment_status":"open","ping_status":"open","sticky":false,"template":"","format":"standard","meta":{"_monsterinsights_skip_tracking":false,"footnotes":""},"categories":[7],"tags":[],"class_list":["post-4404","post","type-post","status-publish","format-standard","has-post-thumbnail","hentry","category-sports"],"aioseo_notices":[],"_links":{"self":[{"href":"https:\/\/info-eforie.ro\/index.php\/wp-json\/wp\/v2\/posts\/4404","targetHints":{"allow":["GET"]}}],"collection":[{"href":"https:\/\/info-eforie.ro\/index.php\/wp-json\/wp\/v2\/posts"}],"about":[{"href":"https:\/\/info-eforie.ro\/index.php\/wp-json\/wp\/v2\/types\/post"}],"author":[{"embeddable":true,"href":"https:\/\/info-eforie.ro\/index.php\/wp-json\/wp\/v2\/users\/1"}],"replies":[{"embeddable":true,"href":"https:\/\/info-eforie.ro\/index.php\/wp-json\/wp\/v2\/comments?post=4404"}],"version-history":[{"count":0,"href":"https:\/\/info-eforie.ro\/index.php\/wp-json\/wp\/v2\/posts\/4404\/revisions"}],"wp:featuredmedia":[{"embeddable":true,"href":"https:\/\/info-eforie.ro\/index.php\/wp-json\/wp\/v2\/media\/4405"}],"wp:attachment":[{"href":"https:\/\/info-eforie.ro\/index.php\/wp-json\/wp\/v2\/media?parent=4404"}],"wp:term":[{"taxonomy":"category","embeddable":true,"href":"https:\/\/info-eforie.ro\/index.php\/wp-json\/wp\/v2\/categories?post=4404"},{"taxonomy":"post_tag","embeddable":true,"href":"https:\/\/info-eforie.ro\/index.php\/wp-json\/wp\/v2\/tags?post=4404"}],"curies":[{"name":"wp","href":"https:\/\/api.w.org\/{rel}","templated":true}]}}