{"id":4388,"date":"2025-05-15T13:09:25","date_gmt":"2025-05-15T13:09:25","guid":{"rendered":"https:\/\/info-eforie.ro\/index.php\/2025\/05\/15\/dinamo-se-desparte-de-un-veteran-la-meciul-cu-u-cluj-mi-am-facut-kilometrii\/"},"modified":"2025-05-15T13:09:25","modified_gmt":"2025-05-15T13:09:25","slug":"dinamo-se-desparte-de-un-veteran-la-meciul-cu-u-cluj-mi-am-facut-kilometrii","status":"publish","type":"post","link":"https:\/\/info-eforie.ro\/index.php\/2025\/05\/15\/dinamo-se-desparte-de-un-veteran-la-meciul-cu-u-cluj-mi-am-facut-kilometrii\/","title":{"rendered":"Dinamo se desparte de un veteran la meciul cu U Cluj: mi-am f\u0103cut kilometrii"},"content":{"rendered":"<div>\n<p>Fotbalistul R\u0103zvan Patriche (39 de ani) \u0219i-a anun\u021bat retragerea din activitate la finalul actualului sezon, el declar\u00e2nd, joi, \u00eentr-o conferin\u021b\u0103 de pres\u0103, c\u0103 meciul lui Dinamo cu Universitatea Cluj, de vineri, ora 21.00, va fi ultimul pentru el pe teren propriu.<\/p>\n<div><picture loading=\"eager\" width=\"1400\" height=\"750\" alt=\"Rpzvan Patriche se opre\u0219te din alergare\"><source type=\"image\/webp\"  media=\"(min-width: 1400px)\"><source type=\"image\/webp\"  media=\"(min-width: 1000px)\"><source type=\"image\/webp\"  media=\"(min-width: 700px)\"><source type=\"image\/jpeg\"  media=\"(min-width: 1400px)\"><source type=\"image\/jpeg\"  media=\"(min-width: 1000px)\"><source type=\"image\/jpeg\"  media=\"(min-width: 700px)\"><img fetchpriority=\"high\" decoding=\"async\" src=\"https:\/\/cdn.adh.reperio.news\/image-4\/4a827a4d-ea63-46aa-bf60-222e3057ae07\/index.jpeg?p=a%3D1%26co%3D1.05%26w%3D700%26h%3D750%26r%3Dcontain%26c%3D0%252C0.09%252C1%252C0.75%26f%3Dwebp\" alt=\"Rpzvan Patriche se opre\u0219te din alergare\" width=\"1400\" height=\"750\" loading=\"eager\"><\/picture>\n<p>Rpzvan Patriche se opre\u0219te din alergare<\/p>\n<\/div>\n<p>\u201e<i>Va fi o \u00eenc\u0103rc\u0103tur\u0103 aparte pentru mine, un ultim meci acas\u0103 \u00een fa\u021ba acestor suporteri minuna\u021bi care ne-au sus\u021binut necondi\u021bionat. Pentru mine a fost o pl\u0103cere s\u0103 lupt pe teren al\u0103turi de ei. E greu, sunt un pic emo\u021bionat. Cu siguran\u021b\u0103, nu sunt preg\u0103tit de retragere, dar&#8230; o s\u0103 \u00eemi fie dor de tot. Nu cred c\u0103 acesta poate fi un moment u\u0219or pentru un fotbalist. Dar mi-am f\u0103cut kilometrii, ca s\u0103 zic a\u0219a. Trebuia s\u0103 vin\u0103 \u0219i momentul \u0103sta<\/i>\u201d, a spus funda\u0219ul.<\/p>\n<p>\u201e<i>Cel mai ur\u00e2t moment la Dinamo pentru mine a fost retrogradarea, iar cel mai frumos promovarea. Au fost ni\u0219te ani inten\u0219i, \u00eens\u0103 important este c\u0103 am tot crescut, iar azi Dinamo este \u00een primele \u0219ase echipe ale campionatului<\/i>\u201d, a ad\u0103ugat el.<\/p>\n<p>Patriche \u0219i-ar dori s\u0103 \u00eenceap\u0103 o carier\u0103 ca antrenor, dar este deschis \u0219i altor variante. \u201e<i>Voi vedea ce voi face, dar mi-a\u0219 dori s\u0103 r\u0103m\u00e2n \u00een iarb\u0103. Familia este al\u0103turi de mine necondi\u021bionat, indiferent de ce decizie voi lua. Dar mi-a\u0219 dori s\u0103 r\u0103m\u00e2n \u00een continuare \u00een iarb\u0103<\/i>\u201d, a precizat Patriche.<\/p>\n<p>Echipa de fotbal Dinamo \u00eent\u00e2lne\u0219te forma\u021bia Universitatea Cluj, vineri, de la ora 21:00, pe Arena Na\u021bional\u0103 din Capital\u0103, \u00eentr-o partid\u0103 cont\u00e2nd pentru etapa a 9-a a play-off-ului Superligii.\u00a0\u00a0<\/p>\n<\/p><\/div>\n<p><a href=\"https:\/\/adevarul.ro\/sport\/dinamo-se-desparte-de-un-veteran-la-meciul-cu-u-2443536.html\" class=\"button purchase\" rel=\"nofollow noopener\" target=\"_blank\">Read More<\/a><\/p>\n","protected":false},"excerpt":{"rendered":"<p>Fotbalistul R\u0103zvan Patriche (39 de ani) \u0219i-a anun\u021bat retragerea din activitate la finalul actualului sezon, el declar\u00e2nd, joi, \u00eentr-o conferin\u021b\u0103 de pres\u0103, c\u0103 meciul lui [&hellip;]<\/p>\n","protected":false},"author":1,"featured_media":4389,"comment_status":"open","ping_status":"open","sticky":false,"template":"","format":"standard","meta":{"_monsterinsights_skip_tracking":false,"footnotes":""},"categories":[6],"tags":[],"class_list":["post-4388","post","type-post","status-publish","format-standard","has-post-thumbnail","hentry","category-popular"],"aioseo_notices":[],"_links":{"self":[{"href":"https:\/\/info-eforie.ro\/index.php\/wp-json\/wp\/v2\/posts\/4388","targetHints":{"allow":["GET"]}}],"collection":[{"href":"https:\/\/info-eforie.ro\/index.php\/wp-json\/wp\/v2\/posts"}],"about":[{"href":"https:\/\/info-eforie.ro\/index.php\/wp-json\/wp\/v2\/types\/post"}],"author":[{"embeddable":true,"href":"https:\/\/info-eforie.ro\/index.php\/wp-json\/wp\/v2\/users\/1"}],"replies":[{"embeddable":true,"href":"https:\/\/info-eforie.ro\/index.php\/wp-json\/wp\/v2\/comments?post=4388"}],"version-history":[{"count":0,"href":"https:\/\/info-eforie.ro\/index.php\/wp-json\/wp\/v2\/posts\/4388\/revisions"}],"wp:featuredmedia":[{"embeddable":true,"href":"https:\/\/info-eforie.ro\/index.php\/wp-json\/wp\/v2\/media\/4389"}],"wp:attachment":[{"href":"https:\/\/info-eforie.ro\/index.php\/wp-json\/wp\/v2\/media?parent=4388"}],"wp:term":[{"taxonomy":"category","embeddable":true,"href":"https:\/\/info-eforie.ro\/index.php\/wp-json\/wp\/v2\/categories?post=4388"},{"taxonomy":"post_tag","embeddable":true,"href":"https:\/\/info-eforie.ro\/index.php\/wp-json\/wp\/v2\/tags?post=4388"}],"curies":[{"name":"wp","href":"https:\/\/api.w.org\/{rel}","templated":true}]}}