{"id":4378,"date":"2025-05-14T18:07:19","date_gmt":"2025-05-14T18:07:19","guid":{"rendered":"https:\/\/info-eforie.ro\/index.php\/2025\/05\/14\/cum-poate-deveni-realitate-visul-lui-gigi-becali-daca-fac-asta-fcsb-poate-ajunge-in-grupele-champions-league\/"},"modified":"2025-05-14T18:07:19","modified_gmt":"2025-05-14T18:07:19","slug":"cum-poate-deveni-realitate-visul-lui-gigi-becali-daca-fac-asta-fcsb-poate-ajunge-in-grupele-champions-league","status":"publish","type":"post","link":"https:\/\/info-eforie.ro\/index.php\/2025\/05\/14\/cum-poate-deveni-realitate-visul-lui-gigi-becali-daca-fac-asta-fcsb-poate-ajunge-in-grupele-champions-league\/","title":{"rendered":"Cum poate deveni realitate visul lui Gigi Becali: \u201dDac\u0103 fac asta, FCSB poate ajunge \u00een grupele Champions League!\u201d"},"content":{"rendered":"<div>\n<p>Neaga este de p\u0103rere c\u0103 visul lui Gigi Becali ca FCSB s\u0103 ajung\u0103 \u00een faza principal\u0103 a UEFA Champions League poate deveni realitate. <\/p>\n<h2>Adrian Neaga: \u201dFCSB poate accede \u00een grupele Champions League!\u201d<\/h2>\n<p>Condi\u021bia? Ca finan\u021batorul ro\u0219-alba\u0219trilor s\u0103 ofere continuitate echipei \u0219i s\u0103 mai transfere unul sau doi juc\u0103tori capabili s\u0103 fac\u0103 diferen\u021ba.<\/p>\n<p>Neaga a l\u0103udat transferul lui Daniel B\u00eerligea, \u00eens\u0103 este convins c\u0103 FCSB ar fi de neoprit dac\u0103 \u00een compartimentul ofensiv ar ap\u0103rea \u0219i numele lui Louis Munteanu, atacantul celor de la CFR Cluj.<\/p>\n<p>\u201d<strong>Cred c\u0103 da, ei au avut \u0219ans\u0103 \u0219i anul trecut, dac\u0103 mai erau 15 minute la meciul cu cehii, cred c\u0103 puteau s\u0103 treac\u0103 mai departe \u0219i s\u0103 ajung\u0103 \u00een grupele Champions League, dar, dac\u0103 la Steaua <\/strong>(n.r. FCSB) <strong>va fi continuitate \u0219i se vor mai aduce unul-doi juc\u0103tori care s\u0103 fac\u0103 diferen\u021ba, eu cred c\u0103 pot accede \u00een grupele Champions League.<\/strong><\/p>\n<p><strong>Transferul lui B\u00eerligea este foarte bun, este un juc\u0103tor foarte util echipei, un juc\u0103tor care cred c\u0103 se va impune \u0219i la echipa na\u021bional\u0103 \u00een viitorul apropiat. \u00cemi place \u0219i de el, \u0219i de Louis Munteanu. \u00cen momentul de fa\u021b\u0103, sunt juc\u0103tori \u00een form\u0103<\/strong>\u201d, a spus Neaga \u00een exclusivitate pentru PRO TV \u0219i Sport.ro.<\/p>\n<\/div>\n<p><a href=\"https:\/\/www.sport.ro\/liga-1\/cum-poate-deveni-realitate-visul-lui-gigi-becali-daca-fac-asta-fcsb-poate-ajunge-in-grupele-champions-league.html\" class=\"button purchase\" rel=\"nofollow noopener\" target=\"_blank\">Read More<\/a><\/p>\n","protected":false},"excerpt":{"rendered":"<p>Neaga este de p\u0103rere c\u0103 visul lui Gigi Becali ca FCSB s\u0103 ajung\u0103 \u00een faza principal\u0103 a UEFA Champions League poate deveni realitate. Adrian Neaga: [&hellip;]<\/p>\n","protected":false},"author":1,"featured_media":4379,"comment_status":"open","ping_status":"open","sticky":false,"template":"","format":"standard","meta":{"_monsterinsights_skip_tracking":false,"_monsterinsights_sitenote_active":false,"_monsterinsights_sitenote_note":"","_monsterinsights_sitenote_category":0,"footnotes":""},"categories":[7],"tags":[],"class_list":["post-4378","post","type-post","status-publish","format-standard","has-post-thumbnail","hentry","category-sports"],"aioseo_notices":[],"_links":{"self":[{"href":"https:\/\/info-eforie.ro\/index.php\/wp-json\/wp\/v2\/posts\/4378","targetHints":{"allow":["GET"]}}],"collection":[{"href":"https:\/\/info-eforie.ro\/index.php\/wp-json\/wp\/v2\/posts"}],"about":[{"href":"https:\/\/info-eforie.ro\/index.php\/wp-json\/wp\/v2\/types\/post"}],"author":[{"embeddable":true,"href":"https:\/\/info-eforie.ro\/index.php\/wp-json\/wp\/v2\/users\/1"}],"replies":[{"embeddable":true,"href":"https:\/\/info-eforie.ro\/index.php\/wp-json\/wp\/v2\/comments?post=4378"}],"version-history":[{"count":0,"href":"https:\/\/info-eforie.ro\/index.php\/wp-json\/wp\/v2\/posts\/4378\/revisions"}],"wp:featuredmedia":[{"embeddable":true,"href":"https:\/\/info-eforie.ro\/index.php\/wp-json\/wp\/v2\/media\/4379"}],"wp:attachment":[{"href":"https:\/\/info-eforie.ro\/index.php\/wp-json\/wp\/v2\/media?parent=4378"}],"wp:term":[{"taxonomy":"category","embeddable":true,"href":"https:\/\/info-eforie.ro\/index.php\/wp-json\/wp\/v2\/categories?post=4378"},{"taxonomy":"post_tag","embeddable":true,"href":"https:\/\/info-eforie.ro\/index.php\/wp-json\/wp\/v2\/tags?post=4378"}],"curies":[{"name":"wp","href":"https:\/\/api.w.org\/{rel}","templated":true}]}}