{"id":4302,"date":"2025-05-12T12:06:18","date_gmt":"2025-05-12T12:06:18","guid":{"rendered":"https:\/\/info-eforie.ro\/index.php\/2025\/05\/12\/doi-copii-de-14-ani-bagati-in-spital-dupa-meciul-u-cluj\/"},"modified":"2025-05-12T12:06:18","modified_gmt":"2025-05-12T12:06:18","slug":"doi-copii-de-14-ani-bagati-in-spital-dupa-meciul-u-cluj","status":"publish","type":"post","link":"https:\/\/info-eforie.ro\/index.php\/2025\/05\/12\/doi-copii-de-14-ani-bagati-in-spital-dupa-meciul-u-cluj\/","title":{"rendered":"Doi copii de 14 ani, b\u0103ga\u021bi \u00een spital dup\u0103 meciul U Cluj"},"content":{"rendered":"<p>Doi copii de 14 ani, b\u0103ga\u021bi \u00een spital dup\u0103 meciul U Cluj &#8211; CFR. Unul a fost lovit cu b\u00e2ta \u00een cap&#8230;<br \/><a href=\"https:\/\/www.digisport.ro\/fotbal\/liga-1\/doi-copii-de-14-ani-batuti-de-ultrasii-celor-de-la-u-cluj-dupa-meciul-cu-cfr-unul-a-fost-lovit-cu-bata-in-cap-3512375\" class=\"button purchase\" rel=\"nofollow noopener\" target=\"_blank\">Read More<\/a><\/p>\n","protected":false},"excerpt":{"rendered":"<p>Doi copii de 14 ani, b\u0103ga\u021bi \u00een spital dup\u0103 meciul U Cluj &#8211; CFR. Unul a fost lovit cu b\u00e2ta \u00een cap&#8230;Read More<\/p>\n","protected":false},"author":1,"featured_media":4303,"comment_status":"open","ping_status":"open","sticky":false,"template":"","format":"standard","meta":{"_monsterinsights_skip_tracking":false,"footnotes":""},"categories":[7],"tags":[],"class_list":["post-4302","post","type-post","status-publish","format-standard","has-post-thumbnail","hentry","category-sports"],"aioseo_notices":[],"_links":{"self":[{"href":"https:\/\/info-eforie.ro\/index.php\/wp-json\/wp\/v2\/posts\/4302","targetHints":{"allow":["GET"]}}],"collection":[{"href":"https:\/\/info-eforie.ro\/index.php\/wp-json\/wp\/v2\/posts"}],"about":[{"href":"https:\/\/info-eforie.ro\/index.php\/wp-json\/wp\/v2\/types\/post"}],"author":[{"embeddable":true,"href":"https:\/\/info-eforie.ro\/index.php\/wp-json\/wp\/v2\/users\/1"}],"replies":[{"embeddable":true,"href":"https:\/\/info-eforie.ro\/index.php\/wp-json\/wp\/v2\/comments?post=4302"}],"version-history":[{"count":0,"href":"https:\/\/info-eforie.ro\/index.php\/wp-json\/wp\/v2\/posts\/4302\/revisions"}],"wp:featuredmedia":[{"embeddable":true,"href":"https:\/\/info-eforie.ro\/index.php\/wp-json\/wp\/v2\/media\/4303"}],"wp:attachment":[{"href":"https:\/\/info-eforie.ro\/index.php\/wp-json\/wp\/v2\/media?parent=4302"}],"wp:term":[{"taxonomy":"category","embeddable":true,"href":"https:\/\/info-eforie.ro\/index.php\/wp-json\/wp\/v2\/categories?post=4302"},{"taxonomy":"post_tag","embeddable":true,"href":"https:\/\/info-eforie.ro\/index.php\/wp-json\/wp\/v2\/tags?post=4302"}],"curies":[{"name":"wp","href":"https:\/\/api.w.org\/{rel}","templated":true}]}}