{"id":4282,"date":"2025-05-11T17:07:08","date_gmt":"2025-05-11T17:07:08","guid":{"rendered":"https:\/\/info-eforie.ro\/index.php\/2025\/05\/11\/gigi-becali-dezvaluiri-din-vestiar-dupa-ce-fcsb-a-luat-titlul-se-suparase-i-am-dublat-salariul-a-luat-si-el-200-000\/"},"modified":"2025-05-11T17:07:08","modified_gmt":"2025-05-11T17:07:08","slug":"gigi-becali-dezvaluiri-din-vestiar-dupa-ce-fcsb-a-luat-titlul-se-suparase-i-am-dublat-salariul-a-luat-si-el-200-000","status":"publish","type":"post","link":"https:\/\/info-eforie.ro\/index.php\/2025\/05\/11\/gigi-becali-dezvaluiri-din-vestiar-dupa-ce-fcsb-a-luat-titlul-se-suparase-i-am-dublat-salariul-a-luat-si-el-200-000\/","title":{"rendered":"Gigi Becali, dezv\u0103luiri din vestiar dup\u0103 ce FCSB a luat titlul: &#8222;Se sup\u0103rase, i-am dublat salariul! A luat \u0219i el 200.000&#8221;"},"content":{"rendered":"<div>\n<p><a href=\"https:\/\/www.sport.ro\/liga-1\/gigi-becali-prima-reactie-dupa-un-nou-titlu-castigat-de-fcsb-lasati-ne-sa-ne-pregatim-de-liga-campionilor-acum-sa-se-faca-dreptate.html\" rel=\"noopener noreferrer\"><strong>Gigi Becali<\/strong><\/a><strong> <\/strong>(66 de ani), patronul FCSB, a vorbit despre situa\u021bia antrenorului secund <a href=\"https:\/\/www.sport.ro\/stiri-despre\/mihai-pintilii\" rel=\"noopener noreferrer\"><strong>Mihai Pintilii<\/strong><\/a> (40 de ani), considerat de mul\u021bi omul din umbr\u0103 care conduce de facto echipa.<\/p>\n<p>Omul de afaceri a dezv\u0103luit c\u0103, \u00eentr-un moment de tensiune din acest sezon, i-a dublat salariul fostului mijloca\u0219 pentru a-l mul\u021bumi \u0219i a confirmat c\u0103 \u0219i Pintilii a \u00eencasat prime consistente.\u00a0\u00a0<\/p>\n<p>Dup\u0103 ce FCSB \u0219i-a asigurat matematic al doilea titlu consecutiv de campioan\u0103, ca urmare a remizei dintre Universitatea Craiova \u0219i CFR Cluj (scor 2-2), Gigi Becali a vorbit la <a href=\"https:\/\/www.digisport.ro\/fotbal\/liga-1\/gigi-becali-dupa-ce-fcsb-a-iesit-campioana-in-superliga-i-am-dublat-salariul-3581025\" rel=\"noopener noreferrer\" target=\"_blank\">DigiSport<\/a> despre rolul \u0219i viitorul lui Mihai Pintilii la echip\u0103.<\/p>\n<h2>&#8222;O s\u0103 vin\u0103 \u0219i r\u00e2ndul lui Pintilii&#8221;<br \/><\/h2>\n<p>\u00centrebat despre posibilitatea ca Pintilii s\u0103 devin\u0103 antrenor principal \u00een viitor, Becali a l\u0103sat de \u00een\u021beles c\u0103 acest lucru se va \u00eent\u00e2mpla la momentul potrivit, dar a subliniat c\u0103 \u00een prezent antrenorul principal este Elias Charalambous.<\/p>\n<p><strong>&#8222;O s\u0103 vin\u0103 \u0219i r\u00e2ndul lui Pintilii, la ora asta e Charalambous&#8221;<\/strong>, a afirmat Becali, care a \u021binut s\u0103 men\u021bioneze \u0219i recompensele financiare primite de Pintilii \u00een acest sezon: <strong>&#8222;Stai lini\u0219tit, c-a luat \u0219i Pintilii vreo 200.000 (n.r. &#8211; euro, probabil prime). Se sup\u0103rase \u0219i dup\u0103 i-am dublat salariul&#8221;<\/strong>.<\/p>\n<p>Mihai Pintilii, fost c\u0103pitan al FCSB, s-a retras din activitatea de fotbalist \u0219i a devenit antrenor secund \u00een mandatul lui Bogdan Vintil\u0103. A r\u0103mas \u00een staff-ul tehnic \u0219i sub comanda lui Anton Petrea \u0219i Edi Iord\u0103nescu. \u00cen noiembrie 2022, dup\u0103 demisia lui Nicolae Dic\u0103, Pintilii a asigurat interimatul, dar nu a putut fi numit principal din cauza lipsei licen\u021bei Pro, FCSB recurg\u00e2nd la un artificiu prin aducerea lui Leonard Strizu, \u00een timp ce Pintilii a continuat s\u0103 conduc\u0103 efectiv echipa. Acest aranjament a dus la sanc\u021biuni din partea \u0218colii Federale de Antrenori pentru club \u0219i pentru Pintilii. Acum este secund al lui Charalambous.<\/p>\n<\/div>\n<p><a href=\"https:\/\/www.sport.ro\/liga-1\/gigi-becali-dezvaluiri-din-vestiar-dupa-ce-fcsb-a-luat-titlul-se-suparase-i-am-dublat-salariul-a-luat-si-el-200-000.html\" class=\"button purchase\" rel=\"nofollow noopener\" target=\"_blank\">Read More<\/a><\/p>\n","protected":false},"excerpt":{"rendered":"<p>Gigi Becali (66 de ani), patronul FCSB, a vorbit despre situa\u021bia antrenorului secund Mihai Pintilii (40 de ani), considerat de mul\u021bi omul din umbr\u0103 care [&hellip;]<\/p>\n","protected":false},"author":1,"featured_media":4283,"comment_status":"open","ping_status":"open","sticky":false,"template":"","format":"standard","meta":{"_monsterinsights_skip_tracking":false,"footnotes":""},"categories":[7],"tags":[],"class_list":["post-4282","post","type-post","status-publish","format-standard","has-post-thumbnail","hentry","category-sports"],"aioseo_notices":[],"_links":{"self":[{"href":"https:\/\/info-eforie.ro\/index.php\/wp-json\/wp\/v2\/posts\/4282","targetHints":{"allow":["GET"]}}],"collection":[{"href":"https:\/\/info-eforie.ro\/index.php\/wp-json\/wp\/v2\/posts"}],"about":[{"href":"https:\/\/info-eforie.ro\/index.php\/wp-json\/wp\/v2\/types\/post"}],"author":[{"embeddable":true,"href":"https:\/\/info-eforie.ro\/index.php\/wp-json\/wp\/v2\/users\/1"}],"replies":[{"embeddable":true,"href":"https:\/\/info-eforie.ro\/index.php\/wp-json\/wp\/v2\/comments?post=4282"}],"version-history":[{"count":0,"href":"https:\/\/info-eforie.ro\/index.php\/wp-json\/wp\/v2\/posts\/4282\/revisions"}],"wp:featuredmedia":[{"embeddable":true,"href":"https:\/\/info-eforie.ro\/index.php\/wp-json\/wp\/v2\/media\/4283"}],"wp:attachment":[{"href":"https:\/\/info-eforie.ro\/index.php\/wp-json\/wp\/v2\/media?parent=4282"}],"wp:term":[{"taxonomy":"category","embeddable":true,"href":"https:\/\/info-eforie.ro\/index.php\/wp-json\/wp\/v2\/categories?post=4282"},{"taxonomy":"post_tag","embeddable":true,"href":"https:\/\/info-eforie.ro\/index.php\/wp-json\/wp\/v2\/tags?post=4282"}],"curies":[{"name":"wp","href":"https:\/\/api.w.org\/{rel}","templated":true}]}}