{"id":4142,"date":"2025-05-07T10:06:51","date_gmt":"2025-05-07T10:06:51","guid":{"rendered":"https:\/\/info-eforie.ro\/index.php\/2025\/05\/07\/alegerile-prezidentiale-zguduie-partidele-demisii-criza-si-sperante-in-finalistii-cursei-analiza\/"},"modified":"2025-05-07T10:06:51","modified_gmt":"2025-05-07T10:06:51","slug":"alegerile-prezidentiale-zguduie-partidele-demisii-criza-si-sperante-in-finalistii-cursei-analiza","status":"publish","type":"post","link":"https:\/\/info-eforie.ro\/index.php\/2025\/05\/07\/alegerile-prezidentiale-zguduie-partidele-demisii-criza-si-sperante-in-finalistii-cursei-analiza\/","title":{"rendered":"Alegerile preziden\u021biale zguduie partidele : demisii, criz\u0103 \u0219i speran\u021be \u00een finali\u0219tii cursei| ANALIZ\u01cd"},"content":{"rendered":"<div>\n<p>Alegerile preziden\u021biale din 2025 au declan\u0219at o criz\u0103 politic\u0103 profund\u0103 \u00een Rom\u00e2nia. Demisia premierului Marcel Ciolacu, \u00een urma e\u0219ecului coali\u021biei guvernamentale \u00een primul tur al alegerilor, a accentuat instabilitatea politic\u0103.\u00a0\u00cen loc s\u0103 ini\u021bieze reorganiz\u0103ri imediate, unele forma\u021biuni \u00ee\u0219i \u00eendreapt\u0103 aten\u021bia c\u0103tre finali\u0219tii cursei electorale, George Simion \u0219i Nicu\u0219or Dan, sper\u00e2nd la o redresare prin asociere cu viitorul pre\u0219edinte.<\/p>\n<div><picture loading=\"eager\" width=\"1400\" height=\"750\" alt=\"Marile partide au \u00eenceput anul la masa negocierilor FOTO Arhiv\u0103 \"><source type=\"image\/webp\"  media=\"(min-width: 1400px)\"><source type=\"image\/webp\"  media=\"(min-width: 1000px)\"><source type=\"image\/webp\"  media=\"(min-width: 700px)\"><source type=\"image\/jpeg\"  media=\"(min-width: 1400px)\"><source type=\"image\/jpeg\"  media=\"(min-width: 1000px)\"><source type=\"image\/jpeg\"  media=\"(min-width: 700px)\"><img fetchpriority=\"high\" decoding=\"async\" src=\"https:\/\/cdn.adh.reperio.news\/image-b\/bc2d71ac-3b78-4fb3-a9dd-e62d564eabd3\/index.jpeg?p=a%3D1%26co%3D1.05%26w%3D700%26h%3D750%26r%3Dcontain%26f%3Dwebp\" alt=\"Marile partide au \u00eenceput anul la masa negocierilor FOTO Arhiv\u0103 \" width=\"1400\" height=\"750\" loading=\"eager\"><\/picture>\n<p>Marile partide au \u00eenceput anul la masa negocierilor FOTO Arhiv\u0103 <\/p>\n<\/div>\n<p><i>\u201ePartidul Na\u0163ional Liberal se afl\u0103 \u00eentr-o situa\u0163ie financiar\u0103 extrem de grea, cu zeci de milioane de euro datorie, la nivel local, cum e cazul nostru, la Gorj, cu sediile debran\u015fate de la utilit\u0103\u0163i. Suntem \u00eentr-o situa\u0163ie extrem de proast\u0103 \u015fi de aceea aceast\u0103 conducere a partidului sau viitoarea conducere (\u2026) trebuie s\u0103 g\u00e2ndeasc\u0103 \u00een termeni de restabilizare a partidului \u015fi de a\u015fezare a unui viitor. (\u2026) \u00cen momentul de fa\u0163\u0103, lucrurile arat\u0103 foarte, foarte r\u0103u\u201d<\/i>, a m\u0103rturisit Dan V\u00eelceanu, fost ministru liberal, chiar \u00een ziua afl\u0103rii rezultatelor finale la turul I al alegerilor preziden\u021biale.\u00a0<\/p>\n<p>Iar PNL nu este singurul partid aflat \u00eentr-o situa\u021bie dramatic\u0103. Potrivit analistului politic Adrian Z\u0103bav\u0103 \u201e<i>at\u00e2t pentru PSD, c\u00e2t \u0219i pentru PNL, lucrurile nu arat\u0103 deloc roz\u201d<\/i>. Cele mai mari partide din \u021bar\u0103 sunt \u00een fa\u021ba unor alegeri dificile. <\/p>\n<h2>PNL, \u00een prag de faliment<\/h2>\n<p>\u0218irul de alegeri din 2024 \u00eei aduce pe liberali \u00een prag de faliment, cu datorii \u0219i cu filiale s\u0103r\u0103cite, dup\u0103 cum a ar\u0103tat chiar fostul ministru Dan V\u00eelceanu. Dup\u0103 e\u0219ecul de anul trecut \u00een scrutinul preziden\u021bial anulat, cu candidatul Nicolae Ciuc\u0103, PNL \u0219i-a schimbat conducerea \u0219i este \u00een prezent partidul care reu\u0219e\u0219te s\u0103 aib\u0103 \u00een fruntea statului cel mai credibil personaj politic, pe pre\u0219edintele interimar Ilie Bolojan. <\/p>\n<p>Credibilitatea \u0219efului de stat interimar nu l-a ajutat \u00eens\u0103 \u0219i pe candidatul forma\u021biunii, Crin Antonescu. \u201e<i>Partidul Na\u021bional Liberal are o problem\u0103 de strategie, e incoerent strategic \u00een ultimii ani \u0219i a tr\u0103it doar din \u00eent\u00e2mpl\u0103ri, dup\u0103 p\u0103rerea mea. \u00cen consecin\u021b\u0103, nu poate dec\u00e2t s\u0103 spere c\u0103 Nicu\u0219or Dan va c\u00e2\u0219tiga, fiind o salvare pentru partid. \u00cel mai au \u0219i pe domnul Bolojan, practic singurul personaj politic din vechea politic\u0103, care ast\u0103zi are un gram de credibilitate \u0219i poate fi relevant\u201d, <\/i>puncteaz\u0103 Adrian Jigl\u0103u.<\/p>\n<h2>PSD, cu ochii la turul II<\/h2>\n<p>De reformare are nevoie \u0219i PSD, partid care <i>\u201ea primit un avertisment foarte important \u00een noiembrie, iar ceea ce se \u00eent\u00e2mpl\u0103 acum nu face dec\u00e2t s\u0103 confirme faptul c\u0103, nu doar pe termen scurt, ci \u0219i pe termen mediu \u0219i lung, partidul va avea o problem\u0103 \u0219i c\u0103 AUR sau alte partide suveraniste le iau din votan\u021bi f\u0103r\u0103 doar \u0219i poate\u201d, <\/i>arat\u0103 expertul. <\/p>\n<p>Forma\u021biunea condus\u0103 de Marcel Ciolacu a ignorat \u00eens\u0103 rezultatul alegerilor de anul trecut \u0219i a continuat \u00een actuala formula, chiar cu \u0219eful de partid \u00een fruntea Executivului rom\u00e2n. Dup\u0103 plecarea \u00eent\u00e2rziat\u0103 a lui Ciolacu din fruntea Guvernului, partidul evit\u0103 inclusiv s\u0103 se pozi\u021bioneze pentru sus\u021binerea unui candidat \u00een turul II, a\u0219tept\u00e2nd rezultatul.\u00a0<\/p>\n<p>\u00cens\u0103 o eventual\u0103 aventur\u0103 cu AUR la guvernare nu va face dec\u00e2t s\u0103 ad\u00e2nceasc\u0103 pr\u0103pastia \u00een care se afund\u0103 social-democra\u021bii, mai puncteaz\u0103 Adrian Z\u0103bav\u0103: <i>\u201eFaptul c\u0103 PSD pare c\u0103 lase u\u0219a deschis\u0103 unei colabor\u0103ri, nu e dec\u00e2t disperare, nicicum vreo oportunitate de scenariu pozitiv pentru ei\u201d. <\/i><\/p>\n<h2>USR, din nou \u00een reorganizare<\/h2>\n<p>Alegerile preziden\u021biale din 2025 au produs cutremur \u0219i \u00een USR, partid care s-a mai reformat. Elena Lasconi, \u0219efa de partid care a reu\u0219it s\u0103 intre anul trecut cu C\u0103lin Georgescu \u00een cursa final\u0103, a fost nevoit\u0103 s\u0103 demisioneze din fruntea forma\u021biunii, dup\u0103 scorul redus ob\u021binut la alegerile din 4 mai.\u00a0<\/p>\n<p>USR are \u00eens\u0103 un candidat plasat \u00een turul II, dup\u0103 ce a abandonat-o pe Lasconi, iar analistul politic Adrian Z\u0103bav\u0103 este de p\u0103rere c\u0103 <i>\u201evictoria lui Nicu\u0219or Dan ar fi echivalent\u0103 cu o redresare a USR-ului \u0219i probabil o reintrare \u00een scen\u0103 inclusiv \u00eentr-o posibil\u0103 guvernare. Nu \u00eenseamn\u0103 c\u0103 va p\u0103zi partidul de reformare, de reorganizare. Nu, pentru c\u0103 \u0219i \u00een cazul \u00een care va c\u00e2\u0219tiga Nicu\u0219or Dan, USR trebuie s\u0103 \u00ee\u0219i recapete identitatea, s\u0103 aib\u0103 un efort institu\u021bional de pozi\u021bionare \u0219i poate chiar de reform\u0103 pentru a redeveni credibil pentru electoratul pe care \u00eel urm\u0103re\u0219te. Normal, o po\u021bi face de la putere. Dac\u0103 vor fi \u00een continuare \u00een opozi\u021bie, va fi important al\u0103turi de cine vor fi \u00een opozi\u021bie. \u0218i, bine\u00een\u021beles, cine va forma guvernul sub pre\u0219edintele Simion\u201d. <\/i><\/p>\n<p>Indiferent de situa\u021bie, analistul concluzioneaz\u0103 c\u0103 \u201e<i>USR are nevoie de repozi\u021bionare, o recalificare, o apropiere de electoratul s\u0103u, pentru c\u0103 s-a v\u0103zut, cel mai devreme la alegerile europarlamentare, c\u0103 atunci c\u00e2nd exist\u0103 un competitor, are probleme \u00een a maximiza votul\u201d.<\/i><\/p>\n<h2>Rezultatul alegerilor din 18 mai\u00a0<\/h2>\n<p><i>\u201eSunt diferite scenarii care implic\u0103 strategii diferite, dar PSD este \u00eentr-o situa\u021bie dificil\u0103 indiferent de numele celui care va deveni urm\u0103torul pre\u0219edinte al Rom\u00e2niei\u201d,<\/i> punteaz\u0103 Adrian Z\u0103bav\u0103. <\/p>\n<p>Nici succesul lui Nicu\u0219or Dan nu salveaz\u0103 cu adev\u0103rat vreuna dintre marile forma\u021biuni. \u00cen timp ce USR trebuie s\u0103 \u00ee\u0219i reg\u0103seasc\u0103 identitatea, PNL ar fi salvat \u201e<i>doar pe termen scurt\u201d<\/i>.<\/p>\n<p>Liberalii au \u00eens\u0103 nevoie de<i> \u201eo apropiere de electorat\u201d, <\/i>iar <i>\u201e\u0219ansa Partidului Na\u021bional Liberal ast\u0103zi se poate numi Ilie Bolojan, fie c\u0103 va r\u0103m\u00e2ne la v\u00e2rf, \u00eentr-o func\u021bie executiv\u0103, fie c\u0103 nu<\/i>\u201d, concluzioneaz\u0103 acesta.<\/p>\n<\/p><\/div>\n<p><a href=\"https:\/\/adevarul.ro\/politica\/alegerile-prezidentiale-zguduie-partidele-2441338.html\" class=\"button purchase\" rel=\"nofollow noopener\" target=\"_blank\">Read More<\/a><\/p>\n","protected":false},"excerpt":{"rendered":"<p>Alegerile preziden\u021biale din 2025 au declan\u0219at o criz\u0103 politic\u0103 profund\u0103 \u00een Rom\u00e2nia. Demisia premierului Marcel Ciolacu, \u00een urma e\u0219ecului coali\u021biei guvernamentale \u00een primul tur al [&hellip;]<\/p>\n","protected":false},"author":1,"featured_media":4143,"comment_status":"open","ping_status":"open","sticky":false,"template":"","format":"standard","meta":{"_monsterinsights_skip_tracking":false,"footnotes":""},"categories":[6],"tags":[],"class_list":["post-4142","post","type-post","status-publish","format-standard","has-post-thumbnail","hentry","category-popular"],"aioseo_notices":[],"_links":{"self":[{"href":"https:\/\/info-eforie.ro\/index.php\/wp-json\/wp\/v2\/posts\/4142","targetHints":{"allow":["GET"]}}],"collection":[{"href":"https:\/\/info-eforie.ro\/index.php\/wp-json\/wp\/v2\/posts"}],"about":[{"href":"https:\/\/info-eforie.ro\/index.php\/wp-json\/wp\/v2\/types\/post"}],"author":[{"embeddable":true,"href":"https:\/\/info-eforie.ro\/index.php\/wp-json\/wp\/v2\/users\/1"}],"replies":[{"embeddable":true,"href":"https:\/\/info-eforie.ro\/index.php\/wp-json\/wp\/v2\/comments?post=4142"}],"version-history":[{"count":0,"href":"https:\/\/info-eforie.ro\/index.php\/wp-json\/wp\/v2\/posts\/4142\/revisions"}],"wp:featuredmedia":[{"embeddable":true,"href":"https:\/\/info-eforie.ro\/index.php\/wp-json\/wp\/v2\/media\/4143"}],"wp:attachment":[{"href":"https:\/\/info-eforie.ro\/index.php\/wp-json\/wp\/v2\/media?parent=4142"}],"wp:term":[{"taxonomy":"category","embeddable":true,"href":"https:\/\/info-eforie.ro\/index.php\/wp-json\/wp\/v2\/categories?post=4142"},{"taxonomy":"post_tag","embeddable":true,"href":"https:\/\/info-eforie.ro\/index.php\/wp-json\/wp\/v2\/tags?post=4142"}],"curies":[{"name":"wp","href":"https:\/\/api.w.org\/{rel}","templated":true}]}}