{"id":4044,"date":"2025-05-03T12:08:38","date_gmt":"2025-05-03T12:08:38","guid":{"rendered":"https:\/\/info-eforie.ro\/index.php\/2025\/05\/03\/cesc-fabregas-l-a-laudat-pe-cristi-chivu-il-cunosc-ne-am-si-intalnit\/"},"modified":"2025-05-03T12:08:38","modified_gmt":"2025-05-03T12:08:38","slug":"cesc-fabregas-l-a-laudat-pe-cristi-chivu-il-cunosc-ne-am-si-intalnit","status":"publish","type":"post","link":"https:\/\/info-eforie.ro\/index.php\/2025\/05\/03\/cesc-fabregas-l-a-laudat-pe-cristi-chivu-il-cunosc-ne-am-si-intalnit\/","title":{"rendered":"Cesc Fabregas l-a l\u0103udat pe Cristi Chivu: \u201d\u00cel cunosc, ne-am \u0219i \u00eent\u00e2lnit\u201d"},"content":{"rendered":"<div>\n<p>Cele dou\u0103 echipe \u00ee\u0219i dau \u00eent\u00e2lnire \u00een weekend \u00een etapa cu num\u0103rul 35 din Serie A. Confruntarea dintre Parma \u0219i Como va avea loc pe \u201dStadio Ennio Tardini\u201d\u00a0<\/p>\n<h2><strong>Cesc Fabregas l-a l\u0103udat pe Cristi Chivu: \u201d\u00cel cunosc, ne-am \u0219i \u00eent\u00e2lnit\u201d<\/strong><br \/><\/h2>\n<p>Cesc Fabregas, antrenorul lui Como, a vorbit despre Cristi Chivu, tehnicianul lui Parma, \u0219i a \u021binut s\u0103\u00a0puncteze faptul c\u0103 rom\u00e2nul \u00ee\u0219i face treaba extrem de bine.<\/p>\n<p>De asemenea, Fabregas a sugerat \u0219i c\u0103 e dificil s\u0103 joci \u00eempotriva Parmei, av\u00e2nd \u00een vedere jocul pe care-l practic\u0103 echipa dup\u0103 ce a fost preluat\u0103 de Cristi Chivu.<\/p>\n<p><strong>\u201dMeciul cu Parma este important pentru noi, pentru a continua s\u0103 cre\u0219tem. Vreau s\u0103 v\u0103d unde se afl\u0103 b\u0103ie\u021bii mei.<br \/><\/strong><\/p>\n<p><strong>\u00cel cunosc pe Chivu, l-am \u00eent\u00e2lnit \u00een Primavera. A venit \u0219i s\u0103 ne vad\u0103 la antrenament. Este un antrenor foarte bun \u0219i face treab\u0103 bun\u0103. A fost foarte dificil s\u0103 joci \u00eempotriva Parmei \u00een acele condi\u021bii.\u00a0<br \/><\/strong><\/p>\n<p><strong>Programul a fost greu pentru Parma, dar el s-a descurcat bine. Parma \u0219i-a g\u0103sit identitatea de joc \u0219i evolueaz\u0103 foarte bine\u201d<\/strong>, a spus Cesc Fabregas, potrivit <a href=\"https:\/\/www.tuttomercatoweb.com\/serie-a\/fabregas-conosco-chivu-e-un-grande-non-era-facile-prendere-il-parma-in-quelle-condizioni-2098059\" rel=\"noopener noreferrer\" target=\"_blank\">TuttoMercatoWeb<\/a>.<\/p>\n<p>\u00cen ultimele dou\u0103 etape, Parma a c\u00e2\u0219tigat cu Juventus, scor 1-0, \u0219i a remizat cu Lazio, scor 2-2, iar \u00een urm\u0103toarea rund\u0103 din Serie A, \u201dCrucia\u021bii\u201d vor \u00eent\u00e2lni Como acas\u0103, pe \u201dEnnio Tardini\u201d.\u00a0<\/p>\n<p>Dup\u0103 34 de etape desf\u0103\u0219urate \u00een primul e\u0219alon al Italiei, Parma se situeaz\u0103 pe locul 16 cu 32 de puncte. Echipa se afl\u0103 la \u0219apte lungimi de primul loc care duce la retrogradarea direct\u0103.<\/p>\n<h2><strong>\u0218i Alin Stoica l-a l\u0103udat pe Cristi Chivu<\/strong><br \/><\/h2>\n<p>Alin Stoica, fost interna\u021bional rom\u00e2n, a avut doar cuvinte de laud\u0103 la adresa lui Cristi Chivu, despre care a spus c\u0103 \u201d\u0219tie fotbal\u201d \u0219i c\u0103 se vede asta \u00een traseele de joc pe care le exprim\u0103 Parma.<\/p>\n<p><strong>\u201dCine l-a pus a avut \u00eencredere. \u0218i dovad\u0103 c\u0103 reu\u0219e\u0219te p\u00e2n\u0103 acum s\u0103 fac\u0103 lucruri. Nimeni nu credea. Cu un program foarte greu \u0219i cu pu\u021bin\u0103 \u0219ans\u0103 putea c\u00e2\u0219tiga acum, \u00een ultima etap\u0103, cu Lazio (2-2). Echipa chiar \u00eencearc\u0103 s\u0103 joac\u0103.\u00a0<br \/><\/strong><\/p>\n<p><strong>C\u00e2nd vine un antrenor care \u0219tie fotbal, vezi un joc. Ca la Luis Enrique, ca la Arteta. Vezi ceva la ei! Chivu r\u0103m\u00e2ne la nivelul la care a fost tot timpul\u201d<\/strong>, a spus Alin Stoica pentru Sport.ro.<\/p>\n<\/div>\n<p><a href=\"https:\/\/www.sport.ro\/italia\/cesc-fabregas-l-a-laudat-pe-cristi-chivu-il-cunosc-ne-am-si-intalnit.html\" class=\"button purchase\" rel=\"nofollow noopener\" target=\"_blank\">Read More<\/a><\/p>\n","protected":false},"excerpt":{"rendered":"<p>Cele dou\u0103 echipe \u00ee\u0219i dau \u00eent\u00e2lnire \u00een weekend \u00een etapa cu num\u0103rul 35 din Serie A. Confruntarea dintre Parma \u0219i Como va avea loc pe [&hellip;]<\/p>\n","protected":false},"author":1,"featured_media":4045,"comment_status":"open","ping_status":"open","sticky":false,"template":"","format":"standard","meta":{"_monsterinsights_skip_tracking":false,"footnotes":""},"categories":[7],"tags":[],"class_list":["post-4044","post","type-post","status-publish","format-standard","has-post-thumbnail","hentry","category-sports"],"aioseo_notices":[],"_links":{"self":[{"href":"https:\/\/info-eforie.ro\/index.php\/wp-json\/wp\/v2\/posts\/4044","targetHints":{"allow":["GET"]}}],"collection":[{"href":"https:\/\/info-eforie.ro\/index.php\/wp-json\/wp\/v2\/posts"}],"about":[{"href":"https:\/\/info-eforie.ro\/index.php\/wp-json\/wp\/v2\/types\/post"}],"author":[{"embeddable":true,"href":"https:\/\/info-eforie.ro\/index.php\/wp-json\/wp\/v2\/users\/1"}],"replies":[{"embeddable":true,"href":"https:\/\/info-eforie.ro\/index.php\/wp-json\/wp\/v2\/comments?post=4044"}],"version-history":[{"count":0,"href":"https:\/\/info-eforie.ro\/index.php\/wp-json\/wp\/v2\/posts\/4044\/revisions"}],"wp:featuredmedia":[{"embeddable":true,"href":"https:\/\/info-eforie.ro\/index.php\/wp-json\/wp\/v2\/media\/4045"}],"wp:attachment":[{"href":"https:\/\/info-eforie.ro\/index.php\/wp-json\/wp\/v2\/media?parent=4044"}],"wp:term":[{"taxonomy":"category","embeddable":true,"href":"https:\/\/info-eforie.ro\/index.php\/wp-json\/wp\/v2\/categories?post=4044"},{"taxonomy":"post_tag","embeddable":true,"href":"https:\/\/info-eforie.ro\/index.php\/wp-json\/wp\/v2\/tags?post=4044"}],"curies":[{"name":"wp","href":"https:\/\/api.w.org\/{rel}","templated":true}]}}