{"id":4040,"date":"2025-05-03T12:08:40","date_gmt":"2025-05-03T12:08:40","guid":{"rendered":"https:\/\/info-eforie.ro\/index.php\/2025\/05\/03\/a-fost-sau-nu-penalty-pentru-rapid-la-craiova-verdictul-dat-dupa-o-faza-controversata\/"},"modified":"2025-05-03T12:08:40","modified_gmt":"2025-05-03T12:08:40","slug":"a-fost-sau-nu-penalty-pentru-rapid-la-craiova-verdictul-dat-dupa-o-faza-controversata","status":"publish","type":"post","link":"https:\/\/info-eforie.ro\/index.php\/2025\/05\/03\/a-fost-sau-nu-penalty-pentru-rapid-la-craiova-verdictul-dat-dupa-o-faza-controversata\/","title":{"rendered":"A fost sau nu penalty pentru Rapid, la Craiova: verdictul dat dup\u0103 o faz\u0103 controversat\u0103"},"content":{"rendered":"<div>\n<div>\n<div>\n<p><img loading=\"lazy\" decoding=\"async\" width=\"1280\" height=\"500\" id=\"sport-art-hero-img\" src=\"https:\/\/www.sport.ro\/img\/2025\/05\/02\/185930\/petrila-sportpictures.jpg?fm=jpg&#038;q=80&#038;fit=max&#038;crop=6889%2C3876%2C0%2C162&#038;w=1280\" alt=\"A fost sau nu penalty pentru Rapid, la Craiova: verdictul dat dup\u0103 o faz\u0103 controversat\u0103\" title=\"A fost sau nu penalty pentru Rapid, la Craiova: verdictul dat dup\u0103 o faz\u0103 controversat\u0103\"><\/p>\n<p><span><br \/>\n    Superliga<br \/>\n<\/span>\n                                            <\/p>\n<\/p><\/div>\n<div>\n<div>\n<div>\n<p><img loading=\"lazy\" decoding=\"async\" src=\"https:\/\/www.sport.ro\/build\/sport\/assets\/author_icon-c42a047b.svg\" width=\"41\" height=\"41\" alt=\"Amir Kiarash\">\n                                                    <\/p>\n<\/p><\/div>\n<div>\n                                                                                <a href=\"https:\/\/www.sport.ro\/stiri-scrise-de\/amir-kiarash\"><\/p>\n<p>\n                                    Amir Kiarash\n                                <\/p>\n<p>                            <\/a><\/p>\n<p>Data publicarii: <span data-utc-date=\"2025-05-02 19:18:16\" data-date-format=\"{day} {Month} {year}, {hour}:{minute}\"><\/span>\n                        <\/p>\n<p>Data actualizarii: <span data-utc-date=\"2025-05-02 19:18:16\" data-date-format=\"{day} {Month} {year}, {hour}:{minute}\"><\/span>\n                        <\/p>\n<\/p><\/div>\n<\/p><\/div>\n<p>Giule\u0219tenii au luat foc, dup\u0103 o decizie a arbitrului Marian Barbu, \u00een debutul meciului de pe \u201eIon Oblemenco\u201c.<\/p>\n<\/p><\/div>\n<div>\n<div>\n<p>Universitatea Craiova \u2013 Rapid, un meci tensionat, cu implica\u021bii majore asupra luptei pentru titlu, a avut un \u00eenceput exploziv, \u00een B\u0103nie.<\/p>\n<p>Pentru c\u0103 \u00een debutul \u00eent\u00e2lnirii, \u00een minutul 23, oaspe\u021bii au cerut penalty, dup\u0103 un duel Mora \u2013 Petrila \u00een careul gazdelor. Centralul Marian Barbu a f\u0103cut \u00eens\u0103 semn c\u0103 jocul poate continua, spre furia bucure\u0219tenilor. Aceast\u0103 faz\u0103 extrem de controversat\u0103 a fost analizat\u0103, \u00een studioul <a href=\"https:\/\/www.digisport.ro\/fotbal\/liga-1\/ce-au-spus-gabi-balint-si-ilie-dumitrescu-dupa-ce-rapid-a-cerut-penalty-in-prima-repriza-a-meciului-de-la-craiova-3567189\" rel=\"noopener noreferrer\" target=\"_blank\">Digi Sport<\/a>, \u00een pauza dintre reprize. Mai ales c\u0103 relu\u0103rile au ar\u0103tat c\u0103 Mora l-a lovit \u00een glezn\u0103 pe adversarul s\u0103u. <\/p>\n<\/div>\n<p><img decoding=\"async\" src=\"https:\/\/www.sport.ro\/img\/2025\/05\/02\/191801\/penalty-rapid.jpg?fm=jpg&#038;q=80&#038;fit=max&#038;crop=2048%2C1536%2C0%2C0&#038;w=1024\">\n<\/p>\n<div>\n<p>Chiar \u0219i a\u0219a, intensitatea loviturii nu i-a convins pe cei prezen\u021bi \u00een studio c\u0103 Rapid ar fi meritat s\u0103 primeasc\u0103 o lovitur\u0103 de la 11 metri.<\/p>\n<p><strong>*Ilie Dumitrescu: <\/strong>Merg pe m\u00e2na arbitrilor la faza asta. Mie mi-a pl\u0103cut pe faz\u0103 ofensiv\u0103 Craiova. Mi-a pl\u0103cut Mora \u00een partea dreapt\u0103. La fel \u0219i Bancu \u00een st\u00e2nga. Nu au reu\u0219it totu\u0219i s\u0103 fac\u0103 diferen\u021ba.<\/p>\n<p><strong>*Gabi Balint:<\/strong> E mai mult o piedic\u0103. Petrila continu\u0103, apoi cade&#8230;\u00a0<\/p>\n<\/div>\n<div>\n<p>\n        Articol recomandat de stirileprotv.ro\n    <\/p>\n<div id=\"inrecommended\">\n<p><a href=\"https:\/\/stirileprotv.ro\/stiri\/international\/cum-arata-orasul-chinez-care-produce-jumatate-din-laptopurile-lumii-lumina-soarelui-este-un-lux-galerie-foto.html\"><br \/>\n                            <img loading=\"lazy\" decoding=\"async\" src=\"https:\/\/image.stirileprotv.ro\/media\/images\/160x120\/May2025\/62539815.jpg\" width=\"80\" height=\"80\" alt=\"Cum arat\u0103 ora\u0219ul chinez care produce jum\u0103tate din laptopurile lumii. Lumina soarelui este un lux | GALERIE FOTO\"><br \/>\n                        <\/a>\n                    <\/p>\n<\/p><\/div>\n<\/div><\/div>\n<\/p><\/div>\n<div>\n<p>\n                ARTICOLE PE SUBIECT\n            <\/p>\n<div>\n<div>\n<p><a href=\"https:\/\/www.sport.ro\/superliga\/atmosfera-superba-pe-ion-oblemenco-la-universitatea-craiova-rapid.html\"><br \/>\n            <img loading=\"lazy\" decoding=\"async\" src=\"https:\/\/www.sport.ro\/img\/2025\/05\/02\/175140\/vlcsnap-2025-05-02-20h45m08s911.png?fm=jpg&#038;q=80&#038;fit=max&#038;crop=775%2C478%2C15%2C0&#038;w=195\" width=\"80\" height=\"80\" alt=\"Atmosfer\u0103 superb\u0103 pe &rdquo;Ion Oblemenco&rdquo;, la Universitatea Craiova - Rapid\"><br \/>\n        <\/a>\n    <\/p>\n<\/div>\n<hr>\n<div>\n<p><a href=\"https:\/\/www.sport.ro\/superliga\/radoi-declaratie-incredibila-inainte-de-craiova-rapid-ce-le-a-transmis-jucatorilor-in-vestiar.html\"><br \/>\n            <img loading=\"lazy\" decoding=\"async\" src=\"https:\/\/www.sport.ro\/img\/2025\/04\/27\/084604\/radoi-imago.jpg?fm=jpg&#038;q=80&#038;fit=max&#038;crop=5392%2C3311%2C0%2C112&#038;w=195\" width=\"80\" height=\"80\" alt=\"R\u0103doi, declara\u021bie incredibil\u0103 &icirc;nainte de Craiova &ndash; Rapid: ce le-a transmis juc\u0103torilor &icirc;n vestiar\"><br \/>\n        <\/a>\n    <\/p>\n<\/div>\n<hr><\/div>\n<\/p><\/div>\n<\/div>\n<p><a href=\"https:\/\/www.sport.ro\/superliga\/a-fost-sau-nu-penalty-pentru-rapid-la-craiova-verdictul-dat-dupa-o-faza-controversata.html\" class=\"button purchase\" rel=\"nofollow noopener\" target=\"_blank\">Read More<\/a><\/p>\n","protected":false},"excerpt":{"rendered":"<p>Superliga Amir Kiarash Data publicarii: Data actualizarii: Giule\u0219tenii au luat foc, dup\u0103 o decizie a arbitrului Marian Barbu, \u00een debutul meciului de pe \u201eIon Oblemenco\u201c. [&hellip;]<\/p>\n","protected":false},"author":1,"featured_media":4041,"comment_status":"open","ping_status":"open","sticky":false,"template":"","format":"standard","meta":{"_monsterinsights_skip_tracking":false,"footnotes":""},"categories":[7],"tags":[],"class_list":["post-4040","post","type-post","status-publish","format-standard","has-post-thumbnail","hentry","category-sports"],"aioseo_notices":[],"_links":{"self":[{"href":"https:\/\/info-eforie.ro\/index.php\/wp-json\/wp\/v2\/posts\/4040","targetHints":{"allow":["GET"]}}],"collection":[{"href":"https:\/\/info-eforie.ro\/index.php\/wp-json\/wp\/v2\/posts"}],"about":[{"href":"https:\/\/info-eforie.ro\/index.php\/wp-json\/wp\/v2\/types\/post"}],"author":[{"embeddable":true,"href":"https:\/\/info-eforie.ro\/index.php\/wp-json\/wp\/v2\/users\/1"}],"replies":[{"embeddable":true,"href":"https:\/\/info-eforie.ro\/index.php\/wp-json\/wp\/v2\/comments?post=4040"}],"version-history":[{"count":0,"href":"https:\/\/info-eforie.ro\/index.php\/wp-json\/wp\/v2\/posts\/4040\/revisions"}],"wp:featuredmedia":[{"embeddable":true,"href":"https:\/\/info-eforie.ro\/index.php\/wp-json\/wp\/v2\/media\/4041"}],"wp:attachment":[{"href":"https:\/\/info-eforie.ro\/index.php\/wp-json\/wp\/v2\/media?parent=4040"}],"wp:term":[{"taxonomy":"category","embeddable":true,"href":"https:\/\/info-eforie.ro\/index.php\/wp-json\/wp\/v2\/categories?post=4040"},{"taxonomy":"post_tag","embeddable":true,"href":"https:\/\/info-eforie.ro\/index.php\/wp-json\/wp\/v2\/tags?post=4040"}],"curies":[{"name":"wp","href":"https:\/\/api.w.org\/{rel}","templated":true}]}}