{"id":3990,"date":"2025-05-02T09:07:00","date_gmt":"2025-05-02T09:07:00","guid":{"rendered":"https:\/\/info-eforie.ro\/index.php\/2025\/05\/02\/ultimele-informatii-despre-starea-de-sanatate-a-lui-mihai-leu-ce-spune-sotia-campionului\/"},"modified":"2025-05-02T09:07:00","modified_gmt":"2025-05-02T09:07:00","slug":"ultimele-informatii-despre-starea-de-sanatate-a-lui-mihai-leu-ce-spune-sotia-campionului","status":"publish","type":"post","link":"https:\/\/info-eforie.ro\/index.php\/2025\/05\/02\/ultimele-informatii-despre-starea-de-sanatate-a-lui-mihai-leu-ce-spune-sotia-campionului\/","title":{"rendered":"Ultimele informa\u021bii despre starea de s\u0103n\u0103tate a lui Mihai Leu. Ce spune so\u021bia campionului"},"content":{"rendered":"<div>\n<p>Fostul boxer Mihai Leu (56 de ani) lupt\u0103 cu boala de pe care a descoperit-o \u00een 2014 \u0219i care i-a recidivat la finalul anului trecut. Retras la Hunedoara natal\u0103, Leu a fost adus s\u00e2mb\u0103t\u0103 cu elicopterul la Spitalul Fundeni din Bucure\u0219ti \u0219i a intrat pe m\u00e2na medicului Irinel Popescu.<\/p>\n<div><picture loading=\"eager\" width=\"1400\" height=\"750\" alt=\"Mihai Leu, \u00een peroada c\u00e2nd pilota cu talent\"><source type=\"image\/webp\"  media=\"(min-width: 1400px)\"><source type=\"image\/webp\"  media=\"(min-width: 1000px)\"><source type=\"image\/webp\"  media=\"(min-width: 700px)\"><source type=\"image\/jpeg\"  media=\"(min-width: 1400px)\"><source type=\"image\/jpeg\"  media=\"(min-width: 1000px)\"><source type=\"image\/jpeg\"  media=\"(min-width: 700px)\"><img fetchpriority=\"high\" decoding=\"async\" src=\"https:\/\/cdn.adh.reperio.news\/image-0\/0b2d40ef-a3d0-4bff-b23f-a19b626c8ba2\/index.jpeg?p=a%3D1%26co%3D1.05%26w%3D700%26h%3D750%26r%3Dcontain%26f%3Dwebp\" alt=\"Mihai Leu, \u00een peroada c\u00e2nd pilota cu talent\" width=\"1400\" height=\"750\" loading=\"eager\"><\/picture>\n<p>Mihai Leu, \u00een peroada c\u00e2nd pilota cu talent<\/p>\n<\/div>\n<p>Primul campion mondial al Rom\u00e2niei la box profesionist a suferit o hemoragie intern\u0103 sever\u0103, pentru care a fost nevoie de o interven\u021bie chirurgical\u0103. Din fericire, situa\u021bia lui Mihai Leu s-a ameliorat \u00een ultimele zile.<\/p>\n<p>\u201e<i>L-au detubat pe Mihai. Este con\u0219tient \u0219i reu\u0219e\u0219te s\u0103 vorbeasc\u0103. \u00cenc\u0103 nu am vorbit cu medicii<\/i>\u201d, a spus italianca Anna Leu, potrivit cancan.ro.<\/p>\n<p>Mihai Leu a debutat \u00een lumea boxului la doar 8 ani. Dup\u0103 ce a c\u00e2\u0219tigat de 4 ori consecutiv campionatul na\u021bional pe vremea c\u00e2nd era la Dinamo, Leu a fugit \u00een Germania pentru a-\u0219i continua cariera.<\/p>\n<p>\u00cen 1991 a debutat ca boxer profesionist \u0219i a c\u00e2\u0219tigat 3 titluri: Titlul Intercontinental German (1993), Titlul Intercontinental WBO (1995), iar apoi a devenit campion mondial WBO (World Boxing Organization) \u00een 1997 la categoria semimijlocie.  Leu a fost ne\u00eenvins \u00een cariera sa de profesionist, av\u00e2nd 28 de victorii din 28 de meciuri.<\/p>\n<p>La finalul anului trecut 2024, Mihai Leu s-a aflat \u00eentr-o situa\u021bie \u00een care spune el, \u0219ansele de supravie\u021buire erau egale cu zero.<\/p>\n<\/p><\/div>\n<p><a href=\"https:\/\/adevarul.ro\/sport\/ultimele-informatii-despre-starea-de-sanatate-a-2440181.html\" class=\"button purchase\" rel=\"nofollow noopener\" target=\"_blank\">Read More<\/a><\/p>\n","protected":false},"excerpt":{"rendered":"<p>Fostul boxer Mihai Leu (56 de ani) lupt\u0103 cu boala de pe care a descoperit-o \u00een 2014 \u0219i care i-a recidivat la finalul anului trecut. [&hellip;]<\/p>\n","protected":false},"author":1,"featured_media":3991,"comment_status":"open","ping_status":"open","sticky":false,"template":"","format":"standard","meta":{"_monsterinsights_skip_tracking":false,"footnotes":""},"categories":[6],"tags":[],"class_list":["post-3990","post","type-post","status-publish","format-standard","has-post-thumbnail","hentry","category-popular"],"aioseo_notices":[],"_links":{"self":[{"href":"https:\/\/info-eforie.ro\/index.php\/wp-json\/wp\/v2\/posts\/3990","targetHints":{"allow":["GET"]}}],"collection":[{"href":"https:\/\/info-eforie.ro\/index.php\/wp-json\/wp\/v2\/posts"}],"about":[{"href":"https:\/\/info-eforie.ro\/index.php\/wp-json\/wp\/v2\/types\/post"}],"author":[{"embeddable":true,"href":"https:\/\/info-eforie.ro\/index.php\/wp-json\/wp\/v2\/users\/1"}],"replies":[{"embeddable":true,"href":"https:\/\/info-eforie.ro\/index.php\/wp-json\/wp\/v2\/comments?post=3990"}],"version-history":[{"count":0,"href":"https:\/\/info-eforie.ro\/index.php\/wp-json\/wp\/v2\/posts\/3990\/revisions"}],"wp:featuredmedia":[{"embeddable":true,"href":"https:\/\/info-eforie.ro\/index.php\/wp-json\/wp\/v2\/media\/3991"}],"wp:attachment":[{"href":"https:\/\/info-eforie.ro\/index.php\/wp-json\/wp\/v2\/media?parent=3990"}],"wp:term":[{"taxonomy":"category","embeddable":true,"href":"https:\/\/info-eforie.ro\/index.php\/wp-json\/wp\/v2\/categories?post=3990"},{"taxonomy":"post_tag","embeddable":true,"href":"https:\/\/info-eforie.ro\/index.php\/wp-json\/wp\/v2\/tags?post=3990"}],"curies":[{"name":"wp","href":"https:\/\/api.w.org\/{rel}","templated":true}]}}