{"id":3968,"date":"2025-05-01T08:18:53","date_gmt":"2025-05-01T08:18:53","guid":{"rendered":"https:\/\/info-eforie.ro\/index.php\/2025\/05\/01\/mica-recalculare-a-pensiilor-e-tot-la-stadiul-de-primire-a-adeverintelor-conditia-pentru-ca-documentele-sa-fie-luate-in-seama\/"},"modified":"2025-05-01T08:18:53","modified_gmt":"2025-05-01T08:18:53","slug":"mica-recalculare-a-pensiilor-e-tot-la-stadiul-de-primire-a-adeverintelor-conditia-pentru-ca-documentele-sa-fie-luate-in-seama","status":"publish","type":"post","link":"https:\/\/info-eforie.ro\/index.php\/2025\/05\/01\/mica-recalculare-a-pensiilor-e-tot-la-stadiul-de-primire-a-adeverintelor-conditia-pentru-ca-documentele-sa-fie-luate-in-seama\/","title":{"rendered":"\u201eMica recalculare\u201d a pensiilor e tot la stadiul de primire a adeverin\u021belor. Condi\u021bia pentru ca documentele s\u0103 fie luate \u00een seam\u0103"},"content":{"rendered":"<div>\n<p>Pensionarii care au depus documente neluate \u00eenc\u0103 \u00een calcul la stabilirea cuantumului pensiei, cu speran\u021ba c\u0103 acesta va cre\u0219te, mai au de a\u0219teptat. Casele de pensii nu au dep\u0103\u0219it faza de primire a documentelor \u00een cazul \u201emicii recalcul\u0103ri\u201d.<\/p>\n<div><picture loading=\"eager\" width=\"1400\" height=\"750\" alt=\"\u00cen opt luni mii de pensionari olteni au depus adeverin\u021be la CJP FOTO: arhiva\/Alina Mitran\"><source type=\"image\/webp\"  media=\"(min-width: 1400px)\"><source type=\"image\/webp\"  media=\"(min-width: 1000px)\"><source type=\"image\/webp\"  media=\"(min-width: 700px)\"><source type=\"image\/jpeg\"  media=\"(min-width: 1400px)\"><source type=\"image\/jpeg\"  media=\"(min-width: 1000px)\"><source type=\"image\/jpeg\"  media=\"(min-width: 700px)\"><img fetchpriority=\"high\" decoding=\"async\" src=\"https:\/\/cdn.adh.reperio.news\/image-d\/d77b0d1e-1b52-4fc8-91b6-041f2b32d2ef\/index.jpeg?p=a%3D1%26co%3D1.05%26w%3D700%26h%3D750%26r%3Dcontain%26f%3Dwebp\" alt=\"\u00cen opt luni mii de pensionari olteni au depus adeverin\u021be la CJP FOTO: arhiva\/Alina Mitran\" width=\"1400\" height=\"750\" loading=\"eager\"><\/picture>\n<p>\u00cen opt luni mii de pensionari olteni au depus adeverin\u021be la CJP FOTO: arhiva\/Alina Mitran<\/p>\n<\/div>\n<p>\u201eMica recalculare\u201d a\u0219teptat\u0103 de c\u0103tre pensionarii c\u0103rora li s-a promis c\u0103 \u00een viitor se vor valorifica \u0219i veniturile cu caracter nepermanent pentru care au pl\u0103tit contribu\u021bii la asigur\u0103rile  sociale de stat nu a trecut, p\u00e2n\u0103 la acest moment, de stadiul de primire a documentelor la casele jude\u021bene de pensii. <\/p>\n<p>Speran\u021ba valorific\u0103rii sporurilor nepermanente a venit chiar \u00een noua lege a pensiilor, legea nr. 360\/2023, care a  intrat integral \u00een vigoare la 1 septembrie 2025. Una dintre nout\u0103\u021bi se refer\u0103 la valorificarea sporurilor nepermanente  sau a veniturilor lunare, brute sau nete, dup\u0103 caz, realizate anterior datei de 1 aprilie 2001, pl\u0103tite din fondul de salarii, asupra c\u0103rora s-a datorat, potrivit legii, contribu\u021bia de asigur\u0103ri sociale de stat.  <\/p>\n<p>Condi\u021bia ca pentru aceste venituri lunare s\u0103 se fi achitat contribu\u021bia mai sus-men\u021bionat\u0103 este obligatorie, un am\u0103nunt de care pensionarii nu \u021bin totdeauna cont atunci c\u00e2nd depun la ghi\u0219eu diverse acte, spun reprezentan\u021bi din sistem.<\/p>\n<h2>Ce venituri se valorific\u0103 la determinarea punctajelor lunare<\/h2>\n<p>Nu toate sumele \u00eencasate \u00een perioada activ\u0103 pot fi luate \u00een calcul pentru a fi valorificate la determinarea punctajelor lunare, este men\u021biunea pe care reprezentan\u021bii CJP o fac constant. Veniturile care ar putea aduce un plus la pensie, dovedite cu documente, sunt urm\u0103toarele:<\/p>\n<p>\u2022 formele de retribuire \u00een acord sau cu bucata, \u00een regie ori dup\u0103 timp, pe baz\u0103 de tarife sau cote procentuale;<\/p>\n<p>\u2022 premiile anuale \u0219i premiile acordate \u00een cursul anului pentru realiz\u0103ri deosebite;<\/p>\n<p>\u2022 recompensele cu caracter limitat, acordate personalului din unele sectoare de activitate;<\/p>\n<p>\u2022 al treisprezecelea salariu;<\/p>\n<p>\u2022 formele de retribuire pentru \u201eorele suplimentare\u201d realizate peste programul normal de lucru;<\/p>\n<p>\u2022 sporul acordat pentru personalul didactic care \u00eendrum\u0103 practica psihopedagogic\u0103 \u0219i care asigur\u0103 perfec\u021bionarea de specialitate a \u00eenv\u0103\u021b\u0103torilor \u0219i educatorilor;<\/p>\n<p>\u2022 indemniza\u021biile de munc\u0103 nenormat\u0103;<\/p>\n<p>\u2022 alte sporuri care nu au avut caracter permanent pentru care s-a datorat contribu\u021bia de asigur\u0103ri sociale.<\/p>\n<p>\u201e<i>Prin urmare, valorificarea veniturilor lunare realizate (salariu realizat, sporuri pentru orele suplimentare, al treisprezecelea salariu, premii, acord global etc.) se poate efectua <\/i><a href=\"https:\/\/adevarul.ro\/stiri-interne\/societate\/de-unde-obtii-adeverinta-de-vechime-pentru-2397981.html\">doar \u00een baza unei adeverin\u021be care \u00eendepline\u0219te condi\u021biile <\/a><i>de valabilitate \u0219i legalitate. Adeverin\u021bele emise \u00eencep\u00e2nd cu data de 01.09.2024 trebuie s\u0103 respecte modelul prev\u0103zut \u00een anexa nr.6 la Legea nr.360\/2023 \u00een care s\u0103 se men\u021bioneze c\u0103 s-a datorat contribu\u021bia de asigur\u0103ri sociale\u201d,<\/i> precizeaz\u0103 reprezentan\u021bii Casei Jude\u021bene de Pensii Olt.<\/p>\n<p>\u00cen cele opt luni de la intrarea \u00een vigoare a noii legi a pensiilor, doar \u00een jude\u021bul Olt au fost depuse aproape 7.000 (6.933) cereri privind recalcularea pensiei prin valorificarea veniturilor lunare realizate anterior datei de 1 aprilie 2001.<\/p>\n<p>\u201eMica recalculare\u201d se face \u00eens\u0103 at\u00e2t pe baza adeverin\u021belor nou-depuse, c\u00e2t \u0219i pe baza documentelor care exist\u0103 deja \u00een anumite dosare de pensie (\u00een acest caz recalcularea se face din oficiu) \u0219i care nu au fost valorificate pentru c\u0103 nu existau prevederi \u00een legisla\u021bia anterioar\u0103. La CJP Olt au fost inventariate peste 4.500 de dosare de pensie \u00een care exist\u0103 adeverin\u021be privind sporurile nepermanente sau veniturile lunare, brute sau nete, dup\u0103 caz, realizate anterior datei de 1 aprilie 2001, <i>\u201eadeverin\u021be care urmeaz\u0103 a fi verificate \u00een vederea \u00eendeplinirii condi\u021biilor de valabilitate \u0219i legalitate\u201d,<\/i> mai spun reprezentan\u021bii institu\u021biei.<\/p>\n<p>Nu exist\u0103 o dat\u0103 limit\u0103 pentru <a href=\"https:\/\/adevarul.ro\/economie\/mica-recalculare-a-pensiilor-adeverintele-ar-2388632.html\">depunerea acestor adeverin\u021be<\/a> care atest\u0103 aceste tipuri de venituri nevalorificate, ci acestea se pot depune oric\u00e2nd, cu men\u021biunea c\u0103 drepturile recalculate se vor acorda cu luna urm\u0103toare celei \u00een care a fost depus\u0103 cererea \u00eenso\u021bit\u0103 de documentele amintite.<\/p>\n<p>Reprezentan\u021bii institu\u021biei nu pot \u00een schimb s\u0103 avanseze o dat\u0103 de la care recalcularea va \u00eencepe efectiv, \u00eent\u00e2rzierile av\u00e2nd mai multe cauze, printre acestea implementarea unor programe informatice specifice, care s-a f\u0103cut greoi, acestea nefiind disponibile \u00een totalitate, num\u0103rul mare de solicit\u0103ri venite deodat\u0103, acestea necesit\u00e2nd un timp mai \u00eendelungat pentru verificarea \u0219i solu\u021bionarea fiec\u0103rei cereri, dar \u0219i faptul c\u0103 noile modific\u0103ri legislative impun proceduri suplimentare, care necesit\u0103 un timp mai mare pentru implementare.<\/p>\n<\/p><\/div>\n<p><a href=\"https:\/\/adevarul.ro\/stiri-locale\/slatina\/mica-recalculare-a-pensiilor-e-tot-la-stadiul-de-2439922.html\" class=\"button purchase\" rel=\"nofollow noopener\" target=\"_blank\">Read More<\/a><\/p>\n","protected":false},"excerpt":{"rendered":"<p>Pensionarii care au depus documente neluate \u00eenc\u0103 \u00een calcul la stabilirea cuantumului pensiei, cu speran\u021ba c\u0103 acesta va cre\u0219te, mai au de a\u0219teptat. Casele de [&hellip;]<\/p>\n","protected":false},"author":1,"featured_media":3969,"comment_status":"open","ping_status":"open","sticky":false,"template":"","format":"standard","meta":{"_monsterinsights_skip_tracking":false,"footnotes":""},"categories":[6],"tags":[],"class_list":["post-3968","post","type-post","status-publish","format-standard","has-post-thumbnail","hentry","category-popular"],"aioseo_notices":[],"_links":{"self":[{"href":"https:\/\/info-eforie.ro\/index.php\/wp-json\/wp\/v2\/posts\/3968","targetHints":{"allow":["GET"]}}],"collection":[{"href":"https:\/\/info-eforie.ro\/index.php\/wp-json\/wp\/v2\/posts"}],"about":[{"href":"https:\/\/info-eforie.ro\/index.php\/wp-json\/wp\/v2\/types\/post"}],"author":[{"embeddable":true,"href":"https:\/\/info-eforie.ro\/index.php\/wp-json\/wp\/v2\/users\/1"}],"replies":[{"embeddable":true,"href":"https:\/\/info-eforie.ro\/index.php\/wp-json\/wp\/v2\/comments?post=3968"}],"version-history":[{"count":0,"href":"https:\/\/info-eforie.ro\/index.php\/wp-json\/wp\/v2\/posts\/3968\/revisions"}],"wp:featuredmedia":[{"embeddable":true,"href":"https:\/\/info-eforie.ro\/index.php\/wp-json\/wp\/v2\/media\/3969"}],"wp:attachment":[{"href":"https:\/\/info-eforie.ro\/index.php\/wp-json\/wp\/v2\/media?parent=3968"}],"wp:term":[{"taxonomy":"category","embeddable":true,"href":"https:\/\/info-eforie.ro\/index.php\/wp-json\/wp\/v2\/categories?post=3968"},{"taxonomy":"post_tag","embeddable":true,"href":"https:\/\/info-eforie.ro\/index.php\/wp-json\/wp\/v2\/tags?post=3968"}],"curies":[{"name":"wp","href":"https:\/\/api.w.org\/{rel}","templated":true}]}}