{"id":3812,"date":"2025-04-26T07:11:24","date_gmt":"2025-04-26T07:11:24","guid":{"rendered":"https:\/\/info-eforie.ro\/index.php\/2025\/04\/26\/26-aprilie-105-ani-de-la-infiintarea-la-cluj-a-primului-institut-de-speologie-din-lume\/"},"modified":"2025-04-26T07:11:24","modified_gmt":"2025-04-26T07:11:24","slug":"26-aprilie-105-ani-de-la-infiintarea-la-cluj-a-primului-institut-de-speologie-din-lume","status":"publish","type":"post","link":"https:\/\/info-eforie.ro\/index.php\/2025\/04\/26\/26-aprilie-105-ani-de-la-infiintarea-la-cluj-a-primului-institut-de-speologie-din-lume\/","title":{"rendered":"26 aprilie: 105 ani de la \u00eenfiin\u0163area, la Cluj, a primului institut de speologie din lume"},"content":{"rendered":"<div>\n<p>Anul acesta, pe 26<br \/>\naprilie se \u00eemplinesc 105 ani de la \u00eenfiina\u0163rea, la Cluj, a primului institut de<br \/>\nspeologie din lume \u015fi 39 de ani de la tragedia nuclear\u0103 de la Centrala<br \/>\natomo-electric\u0103 de la Cernob\u00eel.<\/p>\n<div><picture loading=\"eager\" width=\"1400\" height=\"750\" alt=\"Institutul de speologie fondat de Emil Racovi\u0163\u0103 la Cluj a fost primul din lume. Foto speologie.org\"><source type=\"image\/webp\"  media=\"(min-width: 1400px)\"><source type=\"image\/webp\"  media=\"(min-width: 1000px)\"><source type=\"image\/webp\"  media=\"(min-width: 700px)\"><source type=\"image\/jpeg\"  media=\"(min-width: 1400px)\"><source type=\"image\/jpeg\"  media=\"(min-width: 1000px)\"><source type=\"image\/jpeg\"  media=\"(min-width: 700px)\"><img fetchpriority=\"high\" decoding=\"async\" src=\"https:\/\/cdn.adh.reperio.news\/image-8\/8698fb83-6ef7-407b-bae1-447721693144\/index.jpeg?p=a%3D1%26co%3D1.05%26w%3D700%26h%3D750%26r%3Dcontain%26f%3Dwebp\" alt=\"Institutul de speologie fondat de Emil Racovi\u0163\u0103 la Cluj a fost primul din lume. Foto speologie.org\" width=\"1400\" height=\"750\" loading=\"eager\"><\/picture>\n<p>Institutul de speologie fondat de Emil Racovi\u0163\u0103 la Cluj a fost primul din lume. Foto speologie.org<\/p>\n<\/div>\n<h2>121: S-a n\u0103scut<br \/>\n\u00eemp\u0103ratul roman Marcus Aurelius<\/h2>\n<p>N\u0103scut la Roma, la<br \/>\n26 aprilie 121, \u00eentr-o familie senatorial\u0103 de origine hispanic\u0103 \u015fi adoptat de<br \/>\nviitorul \u00eemp\u0103rat Antoninus Pius, Marcus Aurelius cunoscut at\u00e2t ca \u00eemp\u0103rat al<br \/>\nRomei, c\u00e2t \u015fi ca<a href=\"https:\/\/adevarul.ro\/stil-de-viata\/cele-10-reguli-ale-lui-marcus-aurelius-pentru-a-fi-1740769.html\" target=\"_blank\"> filozof stoic.<\/a><\/p>\n<div><picture loading=\"lazy\" width=\"1400\" height=\"750\" alt=\"Marcus Aurelius a fost nu doar \u00eemp\u0103rat, ci \u015fi un cunosct filosof al Antichit\u0103\u0163ii. Foto arhiv\u0103\"><source type=\"image\/webp\"  media=\"(min-width: 1400px)\"><source type=\"image\/webp\"  media=\"(min-width: 1000px)\"><source type=\"image\/webp\"  media=\"(min-width: 700px)\"><source type=\"image\/jpeg\"  media=\"(min-width: 1400px)\"><source type=\"image\/jpeg\"  media=\"(min-width: 1000px)\"><source type=\"image\/jpeg\"  media=\"(min-width: 700px)\"><img decoding=\"async\" src=\"https:\/\/cdn.adh.reperio.news\/image-d\/d587127e-9a4f-4102-b723-293d7fac09b5\/index.jpeg?p=a%3D1%26co%3D1.05%26w%3D700%26h%3D750%26r%3Dcontain%26f%3Dwebp\" alt=\"Marcus Aurelius a fost nu doar \u00eemp\u0103rat, ci \u015fi un cunosct filosof al Antichit\u0103\u0163ii. Foto arhiv\u0103\" width=\"1400\" height=\"750\" loading=\"lazy\"><\/picture>\n<p>Marcus Aurelius a fost nu doar \u00eemp\u0103rat, ci \u015fi un cunosct filosof al Antichit\u0103\u0163ii. Foto arhiv\u0103<\/p>\n<\/div>\n<p>Domnia sa, \u00eenceput\u0103<br \/>\n\u00een anul 161, este marcat\u0103 de un \u015fir de catastrofe (cium\u0103, inunda\u0163ii,<br \/>\ncutremure), precum \u015fi de numeroase r\u0103zboaie, purtate cu succes; \u00een plan<br \/>\nmilitar, Marcus Aurelius a respins atacurile du\u015fmanilor Romei de la hotarele<br \/>\nimperiului, \u00een special \u00een Orient \u015fi pe Dun\u0103re, continu\u00e2nd politica defensiv\u0103<br \/>\nini\u0163iat\u0103 de Hadrian. A murit la 17 martie 180, de cium\u0103, se pare, la Sirmium sau<br \/>\nla Vindobona (Viena de azi).<\/p>\n<p>Este ultimul din<br \/>\n\u015firul \u201ecelor cinci \u00eemp\u0103ra\u0163i buni\u201c.<\/p>\n<p>Ca filozof stoic,<br \/>\nMarcus Aurelius \u015fi-a exprimat ideile \u00een lucrarea \u201eTa eis heauton\u201d (\u201eG\u00e2nduri<br \/>\nc\u0103tre sine \u00eensu\u015fi\u201d), scris\u0103 \u00een limba greac\u0103, acestea referindu-se la o serie de<br \/>\n\u201eexerci\u0163ii spirituale\u201c prin intermediul c\u0103rora omul poate dob\u00e2ndi cump\u0103tarea,<br \/>\nvirtutea \u015fi lini\u015ftea l\u0103untric\u0103 \u00een fa\u0163a \u00eencerc\u0103rilor vie\u0163ii, conform Humanitas.<\/p>\n<h2>1564: S-a n\u0103scut<br \/>\ndramaturgul \u0219i poetul William Shakespeare<\/h2>\n<p>William Shakespeare<br \/>\n(n. aprilie 1564, Marea Britanie &#8211; d. 23 aprilie\/3 mai 1616) a fost un<br \/>\ndramaturg \u0219i poet englez, considerat <a href=\"https:\/\/adevarul.ro\/stil-de-viata\/cultura\/ce-cuvinte-a-inventat-william-shakespeare-sunt-2101290.html\" target=\"_blank\">cel mai mare scriitor al literaturii de<br \/>\nlimba englez\u0103<\/a> \u0219i supranumit \u201ePoetul din Avon\u201d\u00a0<br \/>\nsau \u201eLeb\u0103da de pe Avon\u201d.<\/p>\n<div><picture loading=\"lazy\" width=\"1400\" height=\"750\" alt=\"William Shakespeare. Foto Profimedia\"><source type=\"image\/webp\"  media=\"(min-width: 1400px)\"><source type=\"image\/webp\"  media=\"(min-width: 1000px)\"><source type=\"image\/webp\"  media=\"(min-width: 700px)\"><source type=\"image\/jpeg\"  media=\"(min-width: 1400px)\"><source type=\"image\/jpeg\"  media=\"(min-width: 1000px)\"><source type=\"image\/jpeg\"  media=\"(min-width: 700px)\"><img decoding=\"async\" src=\"https:\/\/cdn.adh.reperio.news\/image-8\/81ab4beb-e0f0-4d76-9fbf-4b43af50d905\/index.jpeg?p=a%3D1%26co%3D1.05%26w%3D700%26h%3D750%26r%3Dcontain%26f%3Dwebp\" alt=\"William Shakespeare. Foto Profimedia\" width=\"1400\" height=\"750\" loading=\"lazy\"><\/picture>\n<p>William Shakespeare. Foto Profimedia<\/p>\n<\/div>\n<p>Din vasta sa oper\u0103<br \/>\n&#8211; parte realizat\u0103 \u00een colaborare &#8211; s-au p\u0103strat aproape 38 de piese de teatru,<br \/>\n154 de sonete, 2 lungi poeme narative, precum \u0219i alte multe poezii traduse \u00een<br \/>\naproape fiecare limb\u0103 vorbit\u0103.\u00a0 <\/p>\n<h2>1798: S-a n\u0103scut<br \/>\npictorul Eugene Delacroix<\/h2>\n<p>N\u0103scut la<br \/>\nCharenton-Saint-Maurice, \u00eentr-o familie \u00een care tat\u0103l a fost ministru al Afacerilor<br \/>\nExterne \u015fi a servit ca prefect guvernamental \u00een Marsilia \u015fi Bordeaux Eugene<br \/>\nDelacroix este considerat a fi unul dintre reprezentantii cei mai importanti ai<br \/>\nromantismului francez.<\/p>\n<div><picture loading=\"lazy\" width=\"1400\" height=\"750\" alt=\"Autoportret Eugene Delacroix. Foto arhiv\u0103\"><source type=\"image\/webp\"  media=\"(min-width: 1400px)\"><source type=\"image\/webp\"  media=\"(min-width: 1000px)\"><source type=\"image\/webp\"  media=\"(min-width: 700px)\"><source type=\"image\/jpeg\"  media=\"(min-width: 1400px)\"><source type=\"image\/jpeg\"  media=\"(min-width: 1000px)\"><source type=\"image\/jpeg\"  media=\"(min-width: 700px)\"><img decoding=\"async\" src=\"https:\/\/cdn.adh.reperio.news\/image-8\/818a22ce-8548-4990-b627-37b71d7c73a3\/index.jpeg?p=a%3D1%26co%3D1.05%26w%3D700%26h%3D750%26r%3Dcontain%26f%3Dwebp\" alt=\"Autoportret Eugene Delacroix. Foto arhiv\u0103\" width=\"1400\" height=\"750\" loading=\"lazy\"><\/picture>\n<p>Autoportret Eugene Delacroix. Foto arhiv\u0103<\/p>\n<\/div>\n<p>A urmat cursurile<br \/>\nla Lyc\u00e9e Louis-le-Grand din Paris, dar a p\u0103r\u0103sit \u015fcoala pentru a-\u015fi \u00eencepe<br \/>\nstudiile artistice, ajutat financiar de un unchi, al\u0103tur\u00e2ndu-se pictorului<br \/>\nPierre-Narcisse Gu\u00e9rin, al c\u0103rui elev a devenit.<\/p>\n<p>Eugene Delacroix a<br \/>\ndebutat la Salonul din 1822 cu lucrarea \u201eBarque du Dante\u201d. Momentul a fost<br \/>\nsemnificativ nu doar pentru opera sa, ci \u015fi pentru istoria picturii romantice.<\/p>\n<p>\u00cencep\u00e2nd din 1832,<br \/>\npentru Delacroix s-a deschis o perioad\u0103 de prosperitate material\u0103, astfel \u00eenc\u00e2t<br \/>\npictorul efectueaz\u0103 o c\u0103l\u0103torie \u00een Algeria \u015fi Maroc. De aici, va reveni cu<br \/>\nnumeroase studii, care au stat la originea celebrelor sale scene de via\u0163\u0103<br \/>\n\u201eoriental\u0103\u201d, \u201eFemei din Alger\u201d fiind tabloul cel mai reprezentativ. <\/p>\n<p>A ilustrat,<br \/>\ntotodat\u0103, operele lui Shakespeare, Goethe, Byron, W. Scott. Delacroix a murit<br \/>\nla 13 august 1863, la Paris.<\/p>\n<h2>1920: La Cluj este<br \/>\n\u00eenfiin\u021bat primul institut speologic din lume<\/h2>\n<p>La 26 aprilie 1920 era<br \/>\npromulgat\u0103 Legea de \u00eenfiin\u0163are a Institutului de Speologie al Universit\u0103\u0163ii din<br \/>\nCluj, primul de acest fel din lume. Institutul \u00ee\u015fi datoreaz\u0103 existen\u0163a<br \/>\nini\u0163iativei marelui savant Emil Racovi\u0163\u0103 (1868-1947), biolog, explorator polar<br \/>\n\u015fi fondatorul biospeologiei, potrivit noteaz\u0103 site-ul Institutului de Speologie<br \/>\n\u201eEmil Racovi\u0163\u0103\u201d.<\/p>\n<div><picture loading=\"lazy\" width=\"1400\" height=\"750\" alt=\"Laboratorul lui Emil Racovi\u0163\u0103. Foto arhiv\u0103 Emil Racovi\u0163\u0103\"><source type=\"image\/webp\"  media=\"(min-width: 1400px)\"><source type=\"image\/webp\"  media=\"(min-width: 1000px)\"><source type=\"image\/webp\"  media=\"(min-width: 700px)\"><source type=\"image\/jpeg\"  media=\"(min-width: 1400px)\"><source type=\"image\/jpeg\"  media=\"(min-width: 1000px)\"><source type=\"image\/jpeg\"  media=\"(min-width: 700px)\"><img decoding=\"async\" src=\"https:\/\/cdn.adh.reperio.news\/image-9\/910b5638-5fe7-4c0e-996d-e6813905877b\/index.jpeg?p=a%3D1%26co%3D1.05%26w%3D700%26h%3D750%26r%3Dcontain%26f%3Dwebp\" alt=\"Laboratorul lui Emil Racovi\u0163\u0103. Foto arhiv\u0103 Emil Racovi\u0163\u0103\" width=\"1400\" height=\"750\" loading=\"lazy\"><\/picture>\n<p>Laboratorul lui Emil Racovi\u0163\u0103. Foto arhiv\u0103 Emil Racovi\u0163\u0103<\/p>\n<\/div>\n<p><i>\u201eAstfel centrul mondial al cercet\u0103rilor speologice este<br \/>\nast\u0103zi laboratorul D-lui Racovi\u0163\u0103, pe care D-sa \u00eel va muta de acum \u00eenainte,<br \/>\n\u00eempreun\u0103 cu colec\u0163ii, bibliotec\u0103, reviste etc. la noul s\u0103u Institut de la Universitatea<br \/>\ndin Cluj. Clujul fiind situat \u00een mijlocul unei regiuni muntoase, foarte bogat\u0103<br \/>\n\u00een grote \u00eenc\u0103 neexplorate, este totodat\u0103 indicat \u015fi dela natur\u0103 pentru a fi<br \/>\nsediul unui asemenea Institut de importan\u0163\u0103 mondial\u0103 \u015fi centrul directiv al<br \/>\nunor cercet\u0103ri menite a aduce at\u00e2t de mari servicii \u015ftiin\u0163ei universale\u201d,<\/i> nota la acea vreme \u201eArchives de zoologie experimentale\u201d,<br \/>\ncea mai cunoscut\u0103 revist\u0103 zoologic\u0103 francez\u0103.<\/p>\n<p>\u00cempreun\u0103 cu Emil<br \/>\nRacovi\u0163\u0103, \u00een institutul din Cluj \u015fi-au desf\u0103\u015furat activitatea doi eminen\u0163i<br \/>\nbiologi: francezul Rene Jeannel, entomolog \u015fi biogeograf, \u015fi elve\u0163ianul<br \/>\nPierre-Alfred Chappuis, specialist \u00een fauna acvatic\u0103 subteran\u0103.<\/p>\n<p><a href=\"https:\/\/adevarul.ro\/stiri-locale\/resita\/miza-unui-scandal-ca-la-gura-pesterii-cine-isi-2067828.html\" target=\"_blank\">Institutul a fost<br \/>\nreorganizat<\/a> sub conducerea profesorului Constantin Mota\u015f, \u00een 1956, cu \u00a0sediul central la Bucure\u015fti \u015fi o sec\u0163ie la<br \/>\nCluj, iar patru ani mai t\u00e2rziu a trecut sub egida Academiei Rom\u00e2ne, sub<br \/>\nconducerea profesorilor Traian Orghidan \u015fi Margareta Dumitrescu, primind numele<br \/>\nde Institutul de Speologie \u201eEmil Racovi\u0163\u0103\u201d.<\/p>\n<h2>1933: S-a \u00eenfiin\u021bat<br \/>\nGestapo, poli\u021bia secret\u0103 a Germaniei naziste<\/h2>\n<p>Gestapo s-a aflat<br \/>\n\u00een subordinea SS-ului, administrat de Reichssicherheitshauptamt (RSHA).<br \/>\n\u00cempreun\u0103 cu aparatul de informa\u021bii numit Sicherheitsdienst, a fost \u00eencorporat<br \/>\n\u00een 1939 \u00een RSHA (Departamentul IV).<\/p>\n<p>\u00cen fiecare lag\u0103r de<br \/>\nconcentrare nazist exista o sec\u021bie a Gestapoului, numit\u0103 oficial Politische<br \/>\nAbteilung (\u201esec\u021bia politic\u0103\u201d). Activ\u00e2nd ca o institu\u021bie inchizitorial\u0103, a fost<br \/>\nresponsabil\u0103 de moartea a mii de oameni. La Procesul de la N\u00fcrnberg a fost<br \/>\ndeclarat\u0103 organiza\u021bie criminal\u0103 de c\u0103tre tribunalele militare aliate.<\/p>\n<h2>1956: S-a n\u0103scut<br \/>\nactri\u0163a Adriana Trandafir<\/h2>\n<p>Adriana Trandafir<br \/>\n(n. 26 aprilie 1956, D\u00e2mbovi\u021ba, Rom\u00e2nia) este o<a href=\"https:\/\/adevarul.ro\/stil-de-viata\/cultura\/adriana-trandafir-intalnirea-cu-maria-tanase-a-2159405.html\" target=\"_blank\"> actri\u021b\u0103 rom\u00e2n\u0103 de teatru \u0219i<br \/>\nfilm<\/a>. A absolvit Institutul de Art\u0103 Teatral\u0103 \u0219i Cinematografie \u00een 1979.<\/p>\n<p>A jucat \u00een filme<br \/>\nprecum \u201eCiocolat\u0103 cu alune\u201d (1979), \u201eEuropolis\u201d (2010) \u0219i \u201eSacrificiul\u201d (2019).<\/p>\n<p>Joac\u0103 pe scena<br \/>\nteatrului Odeon din Bucure\u0219ti. \u00cen anul 2004 a primit Premiul Uniter pentru cea<br \/>\nmai bun\u0103 actri\u021b\u0103 \u00een rol secundar.<\/p>\n<h2>1963 &#8211; A murit<br \/>\npoetul, prozatorul \u015fi dramaturgul Vasile Voiculescu<\/h2>\n<p>S-a n\u0103scut \u00een data<br \/>\nde 13 octombrie 1884, \u00een comuna P\u00eerscov, jude\u021bul Buz\u0103u. A absolvit liceul<br \/>\n\u201eGheorghe Laz\u0103r\u201d din Bucure\u015fti (1902), apoi a urmat cursurile Facult\u0103\u0163ii de<br \/>\nLitere \u015fi Filosofie a Universit\u0103\u0163ii din Bucure\u015fti timp de doi ani (1902-1903),<br \/>\ndup\u0103 care s-a \u00eenscris la Facultatea de Medicin\u0103, ale c\u0103rei cursuri le-a urmat<br \/>\n\u00eentre 1903-1910.<\/p>\n<div><picture loading=\"lazy\" width=\"1400\" height=\"750\" alt=\"Vasile Voiculescu a fost arestat politic la 74 de ani. Foto arhiv\u0103\"><source type=\"image\/webp\"  media=\"(min-width: 1400px)\"><source type=\"image\/webp\"  media=\"(min-width: 1000px)\"><source type=\"image\/webp\"  media=\"(min-width: 700px)\"><source type=\"image\/jpeg\"  media=\"(min-width: 1400px)\"><source type=\"image\/jpeg\"  media=\"(min-width: 1000px)\"><source type=\"image\/jpeg\"  media=\"(min-width: 700px)\"><img decoding=\"async\" src=\"https:\/\/cdn.adh.reperio.news\/image-7\/7bdbfbb3-bb6f-403f-b944-46c5c8e27886\/index.jpeg?p=a%3D1%26co%3D1.05%26w%3D700%26h%3D750%26r%3Dcontain%26f%3Dwebp\" alt=\"Vasile Voiculescu a fost arestat politic la 74 de ani. Foto arhiv\u0103\" width=\"1400\" height=\"750\" loading=\"lazy\"><\/picture>\n<p>Vasile Voiculescu a fost arestat politic la 74 de ani. Foto arhiv\u0103<\/p>\n<\/div>\n<p>A fost timp de<br \/>\npatru ani de\u021binut politic \u00een \u00eenchisorile comuniste (1958 \u2013 1962). A fost<br \/>\ncondamnat al\u0103turi de al\u021bi membri sau colaboratori ai Rugului Aprins (Sandu<br \/>\nTudor, Sofian Boghiu, Dumitru St\u0103niloae, Benedict Ghiu\u0219, Alexandru Mironescu,<br \/>\nAdrian F\u0103ge\u021beanu, Roman Braga etc.)<\/p>\n<p>Poetul rom\u00e2n care,<br \/>\ndup\u0103 1948, a suferit cumplit pentru convingerile sale democratice, <a href=\"https:\/\/adevarul.ro\/stiri-locale\/alexandria\/medicul-fara-de-arginti-vasile-voiculescu-de-ce-1704690.html\" target=\"_blank\">devenind<br \/>\nde\u021binut la v\u00e2rsta de 74 de an<\/a>i, \u0219i lu\u00e2ndu-i-se dreptul de a publica, a l\u0103sat o<br \/>\noper\u0103 literar\u0103 de mare rafinament artistic, din care fac parte \u0219i \u201eUltimele<br \/>\nsonete \u00eenchipuite ale lui Shakespeare \u2026\u201d. Crea\u021biile au fost elaborate \u00eentre<br \/>\n1954 \u2013 1958.<\/p>\n<p>Cele 90 de sonete<br \/>\nale sale sunt o monografie \u00eenchinat\u0103 \u201eparadisului \u0219i infernului iubirii\u201d,<br \/>\nconform criticului Ovid S. Crohm\u0103lniceanu. \u00cen \u00eenchisoare s-a \u00eemboln\u0103vit de<br \/>\ncancer \u0219i a murit dobor\u00e2t de boal\u0103 \u00een noaptea de 25 spre 26 aprilie 1963, \u00een<br \/>\nlocuin\u021ba sa din Bucure\u0219ti.<\/p>\n<h2>1986: S-a produs<br \/>\naccidentul de la centrala nuclear\u0103 de la Cernob\u00eel<\/h2>\n<p>La ora 1:23 \u0219i 58<br \/>\nde secunde, reactorul \u0219i cl\u0103direa unit\u0103\u021bii energetice num\u0103rul patru de la<br \/>\n<a href=\"https:\/\/adevarul.ro\/stiri-externe\/europa\/36-de-ani-de-la-cel-mai-grav-accident-nuclear-din-2163975.html\" target=\"_blank\">Centrala Nuclear\u0103 Cernob\u00eel <\/a>au fost distruse de explozii violente. Acestea au<br \/>\nfost cauzate de o serie de erori umane \u0219i de ignorarea grav\u0103 a m\u0103surilor de<br \/>\nsiguran\u021b\u0103. Norul radioactiv rezultat a fost purtat de v\u00e2nt spre nord-vest,<br \/>\ntravers\u00e2nd Bielorusia, republicile baltice \u0219i dep\u0103\u0219ind grani\u021bele Uniunii<br \/>\nSovietice.<\/p>\n<div><picture loading=\"lazy\" width=\"1400\" height=\"750\" alt=\"Ini\u0163ial, nimeni nu a \u015ftiut cu certitudine ce s-a \u00eent\u00e2mplat. Foto arhiv\u0103\"><source type=\"image\/webp\"  media=\"(min-width: 1400px)\"><source type=\"image\/webp\"  media=\"(min-width: 1000px)\"><source type=\"image\/webp\"  media=\"(min-width: 700px)\"><source type=\"image\/jpeg\"  media=\"(min-width: 1400px)\"><source type=\"image\/jpeg\"  media=\"(min-width: 1000px)\"><source type=\"image\/jpeg\"  media=\"(min-width: 700px)\"><img decoding=\"async\" src=\"https:\/\/cdn.adh.reperio.news\/image-b\/b8666393-20cf-4477-b1f4-dfcc300cd71f\/index.jpeg?p=a%3D1%26co%3D1.05%26w%3D700%26h%3D750%26r%3Dcontain%26f%3Dwebp\" alt=\"Ini\u0163ial, nimeni nu a \u015ftiut cu certitudine ce s-a \u00eent\u00e2mplat. Foto arhiv\u0103\" width=\"1400\" height=\"750\" loading=\"lazy\"><\/picture>\n<p>Ini\u0163ial, nimeni nu a \u015ftiut cu certitudine ce s-a \u00eent\u00e2mplat. Foto arhiv\u0103<\/p>\n<\/div>\n<p>\u00cen atmosfer\u0103 au fost eliberate 50 de tone de combustibil nuclear,<br \/>\nde peste zece ori mai mult dec\u00e2t masa substan\u021belor radioactive folosite la<br \/>\nHiroshima, exper\u0163ii spun\u00e2nd c\u0103 afectele acestora vor disp\u0103rea definitiv \u00een 300 de ani.<\/p>\n<p>Angaja\u021bii<br \/>\ncentralei, unii deja cu pielea de culoare brun-cafenie \u0219i cu zone umflate ale<br \/>\ncorpului, semne evidente de iradiere, erau trasporta\u0163i \u00een num\u0103r mare la<br \/>\nsectorul sanitar. Peste 100 de persoane au fost internate. Cu toate acestea,<br \/>\nunii refuzau s\u0103 accepte realitatea. Credeau c\u0103 reactorul este intact \u0219i turnau<br \/>\nap\u0103 peste el pentru a-l r\u0103ci.<\/p>\n<div data-props=\"%7B%22data%22%3A%7B%22caption%22%3A%22%22%2C%22embed%22%3A%22https%3A%2F%2Fwww.youtube.com%2Fembed%2FpuNSeUyT7O8%22%2C%22height%22%3A320%2C%22service%22%3A%22youtube%22%2C%22source%22%3A%22https%3A%2F%2Fwww.youtube.com%2Fwatch%3Fv%3DpuNSeUyT7O8%22%2C%22width%22%3A580%7D%2C%22id%22%3A%22kr4gLCsDnl%22%2C%22type%22%3A%22embed%22%2C%22lines%22%3A10%2C%22linesAbove%22%3A268%2C%22index%22%3A43%2C%22paragraphsAbove%22%3A28%2C%22percentage%22%3A0.9305555555555556%2C%22linesBellow%22%3A20%7D\" data-context=\"%7B%22parentBlockColumnCount%22%3A%7B%22value%22%3A0%2C%22type%22%3A%22store%2Freadable%22%7D%2C%22parentBlockBackgroundColor%22%3A%7B%22type%22%3A%22store%2Freadable%22%7D%7D\" data-component=\"EditorEmbedViewDefault\">\n<p><iframe src=\"https:\/\/www.youtube.com\/embed\/puNSeUyT7O8\" width=\"580\" allowfullscreen title=\"embed media\" loading=\"lazy\"><\/iframe><\/p>\n<\/div>\n<p>Zvonurile despre un<br \/>\nincendiu \u0219i o posibil\u0103 avarie la unitatea patru au \u00eenceput s\u0103 circule, dar<br \/>\nnimeni nu \u0219tia cu certitudine ce s-a \u00eent\u00e2mplat. Copiii au mers la \u0219coal\u0103, cei<br \/>\nmai mici s-au jucat \u00een nisip, pe biciclete. <\/p>\n<p>Abia \u00een dup\u0103-amiaza<br \/>\nzilei de 27 aprilie au \u00eenceput primele m\u0103suri: \u0219colile au fost \u00eenchise, oamenii<br \/>\nau pus c\u00e2rpe ude la ferestre. Dar era prea t\u00e2rziu, mai ales pentru locuitorii<br \/>\ndin apropierea centralei, pentru c\u0103 totul era deja contaminat. Unii se<br \/>\ndezinfectau cu spirt, singura solu\u021bie la \u00eendem\u00e2n\u0103. Mul\u021bi c\u0103p\u0103taser\u0103 deja<br \/>\na\u0219a-numita \u201eculoare de bronz nuclear\u201d.<\/p>\n<h2>1993: Se revine la<br \/>\nscrierea cu litera \u201e\u00e2\u201d \u00een loc de \u201e\u00ee\u201d<\/h2>\n<p>Curtea<br \/>\nConstitu\u021bional\u0103 a decis c\u0103 Academia Rom\u00e2n\u0103 are competen\u021ba de a stabili normele<br \/>\nortografice ale limbii rom\u00e2ne. Are loc revenirea la grafia cu litera \u201e\u00e2\u201d \u00een loc<br \/>\nde \u201e\u00ee\u201d, \u00een anumite pozi\u021bii din cuv\u00e2nt \u0219i la scrierea cu \u201esunt\u201d, \u201esuntem\u201d,<br \/>\nsunte\u021bi\u201d \u00een loc de \u201es\u00eent, s\u00eentem, s\u00eente\u021bi\u201d.<\/p>\n<\/p><\/div>\n<p><a href=\"https:\/\/adevarul.ro\/istoria-zilei\/26-aprilie-105-ani-de-la-infiintarea-la-cluj-a-2438035.html\" class=\"button purchase\" rel=\"nofollow noopener\" target=\"_blank\">Read More<\/a><\/p>\n","protected":false},"excerpt":{"rendered":"<p>Anul acesta, pe 26 aprilie se \u00eemplinesc 105 ani de la \u00eenfiina\u0163rea, la Cluj, a primului institut de speologie din lume \u015fi 39 de ani [&hellip;]<\/p>\n","protected":false},"author":1,"featured_media":3813,"comment_status":"open","ping_status":"open","sticky":false,"template":"","format":"standard","meta":{"_monsterinsights_skip_tracking":false,"footnotes":""},"categories":[6],"tags":[],"class_list":["post-3812","post","type-post","status-publish","format-standard","has-post-thumbnail","hentry","category-popular"],"aioseo_notices":[],"_links":{"self":[{"href":"https:\/\/info-eforie.ro\/index.php\/wp-json\/wp\/v2\/posts\/3812","targetHints":{"allow":["GET"]}}],"collection":[{"href":"https:\/\/info-eforie.ro\/index.php\/wp-json\/wp\/v2\/posts"}],"about":[{"href":"https:\/\/info-eforie.ro\/index.php\/wp-json\/wp\/v2\/types\/post"}],"author":[{"embeddable":true,"href":"https:\/\/info-eforie.ro\/index.php\/wp-json\/wp\/v2\/users\/1"}],"replies":[{"embeddable":true,"href":"https:\/\/info-eforie.ro\/index.php\/wp-json\/wp\/v2\/comments?post=3812"}],"version-history":[{"count":0,"href":"https:\/\/info-eforie.ro\/index.php\/wp-json\/wp\/v2\/posts\/3812\/revisions"}],"wp:featuredmedia":[{"embeddable":true,"href":"https:\/\/info-eforie.ro\/index.php\/wp-json\/wp\/v2\/media\/3813"}],"wp:attachment":[{"href":"https:\/\/info-eforie.ro\/index.php\/wp-json\/wp\/v2\/media?parent=3812"}],"wp:term":[{"taxonomy":"category","embeddable":true,"href":"https:\/\/info-eforie.ro\/index.php\/wp-json\/wp\/v2\/categories?post=3812"},{"taxonomy":"post_tag","embeddable":true,"href":"https:\/\/info-eforie.ro\/index.php\/wp-json\/wp\/v2\/tags?post=3812"}],"curies":[{"name":"wp","href":"https:\/\/api.w.org\/{rel}","templated":true}]}}