{"id":3636,"date":"2025-04-17T07:07:23","date_gmt":"2025-04-17T07:07:23","guid":{"rendered":"https:\/\/info-eforie.ro\/index.php\/2025\/04\/17\/gica-craioveanu-a-dat-verdictul-dupa-eliminarea-lui-real-madrid-din-champions-league-a-fost-cel-mai-slab\/"},"modified":"2025-04-17T07:07:23","modified_gmt":"2025-04-17T07:07:23","slug":"gica-craioveanu-a-dat-verdictul-dupa-eliminarea-lui-real-madrid-din-champions-league-a-fost-cel-mai-slab","status":"publish","type":"post","link":"https:\/\/info-eforie.ro\/index.php\/2025\/04\/17\/gica-craioveanu-a-dat-verdictul-dupa-eliminarea-lui-real-madrid-din-champions-league-a-fost-cel-mai-slab\/","title":{"rendered":"Gic\u0103 Craioveanu a dat verdictul dup\u0103 eliminarea lui Real Madrid din Champions League: \u201dA fost cel mai slab\u201d"},"content":{"rendered":"<div>\n<p>Chiar dac\u0103 fanii s-au \u00eenarmat cu mult optimism \u00eenainte de returul de pe \u201dBernabeu\u201d, Real Madrid a pierdut din nou cu Arsenal \u0219i iese din Champions League \u00eenainte de semifinale.<\/p>\n<h2><strong>Gic\u0103 Craioveanu: \u201dMbappe a fost cel mai slab\u201d<\/strong><br \/><\/h2>\n<p>Gic\u0103 Craioveanu a analizat partida \u0219i a numit \u201dcel mai slab\u201d juc\u0103tor din echipa lui Real Madrid. Fostul atacant l-a nominalizat, f\u0103r\u0103 s\u0103 stea pe g\u00e2nduri, pe Kylian Mbappe.<\/p>\n<p>Atacantul de la Real Madrid nu a avut ocazii periculoase la poarta lui Raya. A fost aproape de a ob\u021bine un penalty \u00een prima repriz\u0103, dar decizia arbitrului a fost \u00eentoars\u0103 din camera VAR.<\/p>\n<p><strong>\u201ePentru mine, Mbappe a fost cel mai slab\u201d<\/strong>, a spus Gic\u0103 Craioveanu, la Digi Sport.<\/p>\n<h2><strong>Real Madrid poate ob\u021bine dou\u0103 trofee pe plan intern<\/strong><br \/><\/h2>\n<p>Eliminat\u0103 din Champions League, Real Madrid r\u0103m\u00e2ne \u00een curs\u0103 pentru cele dou\u0103 trofee din Spania: Cupa \u0219i campionatul.<\/p>\n<p>\u00cen La Liga, Real Madrid este pe locul doi, la patru puncte distan\u021b\u0103 de liderul \u0219i rivala Barcelona. Tot cu gruparea catalan\u0103 se va lupta \u0219i \u00een finala Cupei Regelui, programat\u0103 pe 26 aprilie, la Sevilla.<\/p>\n<\/div>\n<p><a href=\"https:\/\/www.sport.ro\/liga-campionilor\/gica-craioveanu-a-dat-verdictul-dupa-eliminarea-lui-real-madrid-din-champions-league-a-fost-cel-mai-slab.html\" class=\"button purchase\" rel=\"nofollow noopener\" target=\"_blank\">Read More<\/a><\/p>\n","protected":false},"excerpt":{"rendered":"<p>Chiar dac\u0103 fanii s-au \u00eenarmat cu mult optimism \u00eenainte de returul de pe \u201dBernabeu\u201d, Real Madrid a pierdut din nou cu Arsenal \u0219i iese din [&hellip;]<\/p>\n","protected":false},"author":1,"featured_media":3637,"comment_status":"open","ping_status":"open","sticky":false,"template":"","format":"standard","meta":{"_monsterinsights_skip_tracking":false,"footnotes":""},"categories":[7],"tags":[],"class_list":["post-3636","post","type-post","status-publish","format-standard","has-post-thumbnail","hentry","category-sports"],"aioseo_notices":[],"_links":{"self":[{"href":"https:\/\/info-eforie.ro\/index.php\/wp-json\/wp\/v2\/posts\/3636","targetHints":{"allow":["GET"]}}],"collection":[{"href":"https:\/\/info-eforie.ro\/index.php\/wp-json\/wp\/v2\/posts"}],"about":[{"href":"https:\/\/info-eforie.ro\/index.php\/wp-json\/wp\/v2\/types\/post"}],"author":[{"embeddable":true,"href":"https:\/\/info-eforie.ro\/index.php\/wp-json\/wp\/v2\/users\/1"}],"replies":[{"embeddable":true,"href":"https:\/\/info-eforie.ro\/index.php\/wp-json\/wp\/v2\/comments?post=3636"}],"version-history":[{"count":0,"href":"https:\/\/info-eforie.ro\/index.php\/wp-json\/wp\/v2\/posts\/3636\/revisions"}],"wp:featuredmedia":[{"embeddable":true,"href":"https:\/\/info-eforie.ro\/index.php\/wp-json\/wp\/v2\/media\/3637"}],"wp:attachment":[{"href":"https:\/\/info-eforie.ro\/index.php\/wp-json\/wp\/v2\/media?parent=3636"}],"wp:term":[{"taxonomy":"category","embeddable":true,"href":"https:\/\/info-eforie.ro\/index.php\/wp-json\/wp\/v2\/categories?post=3636"},{"taxonomy":"post_tag","embeddable":true,"href":"https:\/\/info-eforie.ro\/index.php\/wp-json\/wp\/v2\/tags?post=3636"}],"curies":[{"name":"wp","href":"https:\/\/api.w.org\/{rel}","templated":true}]}}