{"id":3554,"date":"2025-04-12T04:11:04","date_gmt":"2025-04-12T04:11:04","guid":{"rendered":"https:\/\/info-eforie.ro\/index.php\/2025\/04\/12\/fcsb-il-regreta-fostul-jucator-al-stelei-avertisment-pentru-vedeta-lui-fc-hermannstadt-poate-e-mai-bine-sa-mai-stea\/"},"modified":"2025-04-12T04:11:04","modified_gmt":"2025-04-12T04:11:04","slug":"fcsb-il-regreta-fostul-jucator-al-stelei-avertisment-pentru-vedeta-lui-fc-hermannstadt-poate-e-mai-bine-sa-mai-stea","status":"publish","type":"post","link":"https:\/\/info-eforie.ro\/index.php\/2025\/04\/12\/fcsb-il-regreta-fostul-jucator-al-stelei-avertisment-pentru-vedeta-lui-fc-hermannstadt-poate-e-mai-bine-sa-mai-stea\/","title":{"rendered":"&#8222;FCSB \u00eel regret\u0103?&#8221; Fostul juc\u0103tor al Stelei, avertisment pentru vedeta lui FC Hermannstadt: &#8222;Poate e mai bine s\u0103 mai stea&#8221;"},"content":{"rendered":"<div>\n<p>Baciu consider\u0103 c\u0103 juc\u0103torul de 22 de ani, care \u00een prezent joac\u0103 pentru Hermannstadt, trebuie s\u0103 analizeze cu aten\u021bie deciziile pe care le va lua \u00een carier\u0103, av\u00e2nd \u00een vedere \u0219i op\u021biunile care se ivesc pe pia\u021ba transferurilor.<\/p>\n<p>Baciu a men\u021bionat pe <a href=\"https:\/\/www.primasport.ro\/\" rel=\"noopener noreferrer\" target=\"_blank\">Primasport<\/a> c\u0103 Stoica a ar\u0103tat c\u0103 are poten\u021bia, ajung\u00e2nd la 9 goluri \u00een acest sezon al Superligii, \u00een ciuda faptului c\u0103 joac\u0103 pentru o echip\u0103 implicat\u0103 \u00een lupta pentru salvarea de la retrogradare.<\/p>\n<h2>Ianis Stoica, l\u0103udat de Baciu<br \/><\/h2>\n<p>De asemenea, fostul funda\u0219 al Stelei a ad\u0103ugat c\u0103 Stoica ar putea fi o op\u021biune de interes \u0219i pentru FCSB, av\u00e2nd \u00een vedere evolu\u021biile sale la Hermannstadt.<\/p>\n<p><strong>&#8222;Un copil care chiar cred c\u0103 poate la o echip\u0103 mai mare. Vreau s\u0103 aib\u0103 continuitate, poate e mai bine s\u0103 mai stea un an \u00een Rom\u00e2nia \u015fi apoi s\u0103 plece.<br \/><\/strong><\/p>\n<p><strong>Oare FCSB-ului \u00eei pare r\u0103u de el? Mi s-a p\u0103rut ok \u015fi la FCSB, destul de bun \u015fi vorbim despre un copilul sub v\u00e2rst\u0103. Se a\u015fteptau la mai mult de la el acolo.<br \/><\/strong><\/p>\n<p><strong>Poate \u015fi-l doresc \u00eenapoi \u015fi nu se duce \u00een Portugalia. E un atacant care a dat nou\u0103 goluri la o echip\u0103 de play-out. Nu cred c\u0103-l mai doresc, dar m\u0103 g\u00e2ndesc la asta. El a avut evolu\u0163ii bune \u015fi la U Cluj? Chiar m\u0103 g\u00e2ndeam cum s\u0103 plece de acolo, dar i-am \u00een\u0163eles problemele de acolo, dar a avut un an bun la Hermannstadt, iar el a fost un juc\u0103tor care a ie\u015fit \u00een eviden\u0163\u0103, dac\u0103 ai assist-uri, dac\u0103 ajungi acolo, iar pe spa\u0163ii devine periculos&#8221;<\/strong>, a spus Marius Baciu.<\/p>\n<p>Dup\u0103 remiza cu Petrolul, Hermannstadt r\u0103m\u00e2ne lider \u00een play-out, cu 26 de puncte, fiind urmat\u0103 chiar de forma\u021bia ploie\u0219tean\u0103, care are 25.<\/p>\n<\/div>\n<p><a href=\"https:\/\/www.sport.ro\/superliga\/fostul-jucator-al-stelei-avertisment-pentru-vedeta-lui-fc-hermannstadt-poate-e-prea-devreme.html\" class=\"button purchase\" rel=\"nofollow noopener\" target=\"_blank\">Read More<\/a><\/p>\n","protected":false},"excerpt":{"rendered":"<p>Baciu consider\u0103 c\u0103 juc\u0103torul de 22 de ani, care \u00een prezent joac\u0103 pentru Hermannstadt, trebuie s\u0103 analizeze cu aten\u021bie deciziile pe care le va lua [&hellip;]<\/p>\n","protected":false},"author":1,"featured_media":3555,"comment_status":"open","ping_status":"open","sticky":false,"template":"","format":"standard","meta":{"_monsterinsights_skip_tracking":false,"footnotes":""},"categories":[7],"tags":[],"class_list":["post-3554","post","type-post","status-publish","format-standard","has-post-thumbnail","hentry","category-sports"],"aioseo_notices":[],"_links":{"self":[{"href":"https:\/\/info-eforie.ro\/index.php\/wp-json\/wp\/v2\/posts\/3554","targetHints":{"allow":["GET"]}}],"collection":[{"href":"https:\/\/info-eforie.ro\/index.php\/wp-json\/wp\/v2\/posts"}],"about":[{"href":"https:\/\/info-eforie.ro\/index.php\/wp-json\/wp\/v2\/types\/post"}],"author":[{"embeddable":true,"href":"https:\/\/info-eforie.ro\/index.php\/wp-json\/wp\/v2\/users\/1"}],"replies":[{"embeddable":true,"href":"https:\/\/info-eforie.ro\/index.php\/wp-json\/wp\/v2\/comments?post=3554"}],"version-history":[{"count":0,"href":"https:\/\/info-eforie.ro\/index.php\/wp-json\/wp\/v2\/posts\/3554\/revisions"}],"wp:featuredmedia":[{"embeddable":true,"href":"https:\/\/info-eforie.ro\/index.php\/wp-json\/wp\/v2\/media\/3555"}],"wp:attachment":[{"href":"https:\/\/info-eforie.ro\/index.php\/wp-json\/wp\/v2\/media?parent=3554"}],"wp:term":[{"taxonomy":"category","embeddable":true,"href":"https:\/\/info-eforie.ro\/index.php\/wp-json\/wp\/v2\/categories?post=3554"},{"taxonomy":"post_tag","embeddable":true,"href":"https:\/\/info-eforie.ro\/index.php\/wp-json\/wp\/v2\/tags?post=3554"}],"curies":[{"name":"wp","href":"https:\/\/api.w.org\/{rel}","templated":true}]}}