{"id":3538,"date":"2025-04-11T03:10:14","date_gmt":"2025-04-11T03:10:14","guid":{"rendered":"https:\/\/info-eforie.ro\/index.php\/2025\/04\/11\/spaniolii-increzatori-ca-transferul-lui-ratiu-la-barcelona-se-poate-realiza-ar-putea-debloca-negocierile\/"},"modified":"2025-04-11T03:10:14","modified_gmt":"2025-04-11T03:10:14","slug":"spaniolii-increzatori-ca-transferul-lui-ratiu-la-barcelona-se-poate-realiza-ar-putea-debloca-negocierile","status":"publish","type":"post","link":"https:\/\/info-eforie.ro\/index.php\/2025\/04\/11\/spaniolii-increzatori-ca-transferul-lui-ratiu-la-barcelona-se-poate-realiza-ar-putea-debloca-negocierile\/","title":{"rendered":"Spaniolii, \u00eencrez\u0103tori c\u0103 transferul lui Ra\u021biu la Barcelona se poate realiza: \u201dAr putea debloca negocierile!\u201d"},"content":{"rendered":"<div>\n<p>Conducerea celor de la Rayo Vallecano a anun\u021bat \u00een ultimele s\u0103pt\u0103m\u00e2ni c\u0103 nu se pune problema ca funda\u0219ul lateral s\u0103 plece f\u0103r\u0103 s\u0103 \u00eei fie pl\u0103tit\u0103 clauza de reziliere.<\/p>\n<h2>Transferul lui Andrei Ra\u021biu la Barcelona se poate realiza<\/h2>\n<p>Barcelona a \u00eencercat \u00een ultima perioad\u0103 s\u0103 g\u0103seasc\u0103 modalit\u0103\u021bi prin care s\u0103 o conving\u0103 pe Rayo Vallcano s\u0103 \u00eel cedeze pe Andrei Ra\u021biu pentru o sum\u0103 mai mic\u0103. <\/p>\n<p>Clauza de reziliere a fotbalistului rom\u00e2n este de 25 de milioane de euro, o sum\u0103 considerat\u0103 prea mare de Barcelona pentru un fotbalist care ar veni pentru a fi rezerva lui Jules Kounde.<\/p>\n<p>A\u0219adar, catalanii vor s\u0103 le ofere un juc\u0103tor la schimb, sub form\u0103 de \u00eemprumut, celor de la Rayo Vallecano, pentru a mic\u0219ora pre\u021bul fotbalistului rom\u00e2n.<\/p>\n<p>Conform <a href=\"https:\/\/carpetasfcb.com\/en\/male\/official-high-profile-exchange-with-rayo-vallecano-flick-gets-rid-of-barcas-worst\" rel=\"noopener noreferrer\" target=\"_blank\">carpetasfcb.com<\/a>, Barcelona pare c\u0103 a g\u0103sit o cale pentru a ob\u021bine transferul lui Andrei Ra\u021biu: \u201d<strong>A ap\u0103rut un fotbalist care ar putea debloca total negocierile<\/strong>\u201d.<\/p>\n<p>Se pare c\u0103 Deco \u0219i pre\u0219edintele Barcelonei, Joan Laporta, ar fi propus ca ofere sub form\u0103 de \u00eemprumut un juc\u0103tor de perspectiv\u0103, dar care nu intr\u0103 \u00een planurile lui Hansi Flick, pe Pablo Torre. Sursa citat\u0103 scrie c\u0103 cei de la Rayo Vallecano ar fi \u00eenc\u00e2nta\u021bi de o posibil\u0103 venire a mijloca\u0219ului ofensiv de 7,5 milioane de euro.<\/p>\n<\/div>\n<p><a href=\"https:\/\/www.sport.ro\/stranieri\/spaniolii-increzatori-ca-transferul-lui-ratiu-la-barcelona-se-poate-realiza-ar-putea-debloca-negocierile.html\" class=\"button purchase\" rel=\"nofollow noopener\" target=\"_blank\">Read More<\/a><\/p>\n","protected":false},"excerpt":{"rendered":"<p>Conducerea celor de la Rayo Vallecano a anun\u021bat \u00een ultimele s\u0103pt\u0103m\u00e2ni c\u0103 nu se pune problema ca funda\u0219ul lateral s\u0103 plece f\u0103r\u0103 s\u0103 \u00eei fie [&hellip;]<\/p>\n","protected":false},"author":1,"featured_media":3539,"comment_status":"open","ping_status":"open","sticky":false,"template":"","format":"standard","meta":{"_monsterinsights_skip_tracking":false,"footnotes":""},"categories":[7],"tags":[],"class_list":["post-3538","post","type-post","status-publish","format-standard","has-post-thumbnail","hentry","category-sports"],"aioseo_notices":[],"_links":{"self":[{"href":"https:\/\/info-eforie.ro\/index.php\/wp-json\/wp\/v2\/posts\/3538","targetHints":{"allow":["GET"]}}],"collection":[{"href":"https:\/\/info-eforie.ro\/index.php\/wp-json\/wp\/v2\/posts"}],"about":[{"href":"https:\/\/info-eforie.ro\/index.php\/wp-json\/wp\/v2\/types\/post"}],"author":[{"embeddable":true,"href":"https:\/\/info-eforie.ro\/index.php\/wp-json\/wp\/v2\/users\/1"}],"replies":[{"embeddable":true,"href":"https:\/\/info-eforie.ro\/index.php\/wp-json\/wp\/v2\/comments?post=3538"}],"version-history":[{"count":0,"href":"https:\/\/info-eforie.ro\/index.php\/wp-json\/wp\/v2\/posts\/3538\/revisions"}],"wp:featuredmedia":[{"embeddable":true,"href":"https:\/\/info-eforie.ro\/index.php\/wp-json\/wp\/v2\/media\/3539"}],"wp:attachment":[{"href":"https:\/\/info-eforie.ro\/index.php\/wp-json\/wp\/v2\/media?parent=3538"}],"wp:term":[{"taxonomy":"category","embeddable":true,"href":"https:\/\/info-eforie.ro\/index.php\/wp-json\/wp\/v2\/categories?post=3538"},{"taxonomy":"post_tag","embeddable":true,"href":"https:\/\/info-eforie.ro\/index.php\/wp-json\/wp\/v2\/tags?post=3538"}],"curies":[{"name":"wp","href":"https:\/\/api.w.org\/{rel}","templated":true}]}}