{"id":3272,"date":"2025-04-01T21:08:37","date_gmt":"2025-04-01T21:08:37","guid":{"rendered":"https:\/\/info-eforie.ro\/index.php\/2025\/04\/01\/perle-la-simularea-de-la-evaluarea-nationala-autorul-se-ia-de-soare-ca-de-ce-l-a-suparat\/"},"modified":"2025-04-01T21:08:37","modified_gmt":"2025-04-01T21:08:37","slug":"perle-la-simularea-de-la-evaluarea-nationala-autorul-se-ia-de-soare-ca-de-ce-l-a-suparat","status":"publish","type":"post","link":"https:\/\/info-eforie.ro\/index.php\/2025\/04\/01\/perle-la-simularea-de-la-evaluarea-nationala-autorul-se-ia-de-soare-ca-de-ce-l-a-suparat\/","title":{"rendered":"\u201ePerle\u201d la simularea de la Evaluarea Na\u021bional\u0103. \u201eAutorul se ia de soare, c\u0103 de ce l-a sup\u0103rat?\u201d"},"content":{"rendered":"<div>\n<p>Pe 17 martie, elevii de clasa a VIII-a au sus\u021binut simularea pentru Evaluarea Na\u021bional\u0103 la Limba Rom\u00e2n\u0103 \u0219i, ca \u00een fiecare an, au ap\u0103rut \u0219i \u201eperlele\u201d. Unele au luat na\u0219tere din cauza poeziei \u201eTrezire\u201d, scris\u0103 de Lucian Blaga, \u00een timp ce altele \u021bin strict de gramatic\u0103.<\/p>\n<div><picture loading=\"eager\" width=\"1400\" height=\"750\" alt=\"FOTO: Arhiv\u0103\"><source type=\"image\/webp\"  media=\"(min-width: 1400px)\"><source type=\"image\/webp\"  media=\"(min-width: 1000px)\"><source type=\"image\/webp\"  media=\"(min-width: 700px)\"><source type=\"image\/jpeg\"  media=\"(min-width: 1400px)\"><source type=\"image\/jpeg\"  media=\"(min-width: 1000px)\"><source type=\"image\/jpeg\"  media=\"(min-width: 700px)\"><img fetchpriority=\"high\" decoding=\"async\" src=\"https:\/\/cdn.adh.reperio.news\/image-f\/f9fb7a9a-a100-4a74-a573-87cfc4186fba\/index.jpeg?p=a%3D1%26co%3D1.05%26w%3D700%26h%3D750%26r%3Dcontain%26f%3Dwebp\" alt=\"FOTO: Arhiv\u0103\" width=\"1400\" height=\"750\" loading=\"eager\"><\/picture>\n<p>FOTO: Arhiv\u0103<\/p>\n<\/div>\n<p>Potrivit,\u00a0<a href=\"https:\/\/stirileprotv.ro\/educatie\/perle-la-simularea-de-la-evaluarea-nationala-2025-zin-mintea-poetului-albinele-sunt-responsabile-de-inviere.html\" rel=\"nofollow\">ProTV<\/a>,\u00a0autorii subiectelor au extras mai multe cerin\u021be pe baza poeziei de Lucian Blaga. Termenul \u201eblagian\u201d- adic\u0103 \u201dal lui Blaga\u201d,<a href=\"https:\/\/adevarul.ro\/stiri-locale\/slatina\/simularea-evaluarii-nationale-poezia-i-a-luat-pe-2429291.html\"> care apare \u00eentr-un exerci\u021biu, i-a dezorientat complet pe elevi.<\/a><\/p>\n<p><i>\u201eNu \u0219tiu, nu ne-a predat ce e un text blagian.\u201d<\/i><\/p>\n<p><i>\u201e\u00cen textul belgian ne d\u0103 peste cap emo\u021bia c\u0103s\u0103toririi cu un copac.\u201d<\/i><\/p>\n<p><i>\u201ePoezia e despre Pa\u0219te. \u00cen mintea poetului, albinele sunt responsabile de \u00eenviere, pe care o amestec\u0103 cu miere \u0219i cu cear\u0103 de lum\u00e2n\u0103ri.\u201d<\/i><\/p>\n<p><i>\u201eRima din prima strof\u0103 e \u00eencrucit\u0103.\u201d<\/i><\/p>\n<p><i>\u201eM\u0103sura primelor dou\u0103 versuri este de \u0219apte cuvinte \u0219i o cratim\u0103.\u201d<\/i><\/p>\n<p><i>\u201ePoezia ne prezint\u0103 un copac care doarme \u00eentr-o stare dumnezeiasc\u0103 \u0219i nu se las\u0103 sculat din ia.\u201d<\/i><\/p>\n<p><i>\u201eArborele pl\u00e2nge ni\u0219te muguri, iar autorul se ia de soare, c\u0103 de ce l-a sup\u0103rat?\u201d<\/i><\/p>\n<p>Candida\u021bilor li s-a cerut s\u0103 fac\u0103 \u0219i o paralel\u0103 \u00eentre poezia &#8222;Trezire&#8221; \u0219i un articol din revista Dilema Veche.<\/p>\n<p><i>\u201eAutorul Lucian Blaga \u0219i doamna Cristina au \u00een comun o dilem\u0103 despre albine \u0219i faguri, a\u0219a c\u0103 el face poezii, iar ea \u0219i-a f\u0103cut un site www.dilemaveche.ro\u201d.<\/i><\/p>\n<p><i>\u201eSunt foarte deschis\u0103, deci \u00ee-mi schimb p\u0103rere-a dac\u0103 e cazul.\u201d<\/i><\/p>\n<p><a href=\"https:\/\/adevarul.ro\/stiri-interne\/educatie\/simulare-evaluare-nationala-2025-subiectele-la-2429206.html\">La simularea de anul acesta<\/a>,\u00a0elevii de clasa a VIII-a au primit dou\u0103 texte la prima vedere. Primul text este poezia \u201eTrezire\u201d de Lucian Blaga, iar al doilea este din articolul jurnalistei Cristina \u0218tefan \u201e<a href=\"https:\/\/dilemaveche.ro\/sectiune\/societate\/rezistenta-prin-apicultura-620984.html\">Rezisten\u021ba prin apicultur\u0103<\/a>\u201d, publicat \u00een Dilema veche \u00een anul 2017. Pe baza acestor dou\u0103 texte, elevii au avut de r\u0103spuns mai multor cerin\u021be, primele fiind itemi de tip gril\u0103.\u00a0<\/p>\n<p><i>\u201eNu sunt chiar cele mai accesibile variante de subiecte\u201d,\u00a0<\/i>a comentat pentru \u201dAdev\u0103rul\u201d profesoara Ruxandra Achim.<i>\u00a0<\/i><\/p>\n<p><i>\u201eRespect\u0103 modelul \u0219i structura, dar sunt, totu\u0219i, cam dificile. Textul poetic \u00eei va pune pe copii \u00een dificultate, inclusiv pe partea de alegere a variantelor corecte la \u00eentreb\u0103rile cu itemi obiectivi. N<\/i><i>u mi s-a p\u0103rut deloc u\u0219or. Elevii, pentru o not\u0103 mare, trebuie s\u0103 demonstreze c\u0103 st\u0103p\u00e2nesc foarte bine anumite nuan\u021be. La poezie, de exemplu, ar fi trebuit s\u0103-\u0219i dea seama c\u0103 utilizeaz\u0103 un limbaj figurat metaforic. De exemplu, dac\u0103 elevul este obi\u0219nuit s\u0103 observe semnifica\u021biile textului poetic, el a putut s\u0103 vad\u0103 c\u0103 zmeul din text este, de fapt, metaforic.\u00a0Dar\u00a0 cineva care are mai pu\u021bin\u0103 experien\u021b\u0103 ar putea s\u0103 gre\u0219easc\u0103. M\u0103 refer la punctul cinci, \u00eentrebarea a treia\u201d.\u00a0<\/i>\u00centreb\u0103rile au necesitat<i>\u00a0\u201eo chibzuin\u021b\u0103 matur\u0103\u201d.\u00a0<\/i><\/p>\n<h2>Trezire, de Lucian Blaga<\/h2>\n<p>Mocne\u0219te copacul. Martie sun\u0103.<\/p>\n<p>Albinele-n faguri adun\u0103<\/p>\n<p>\u0219i-amestec\u0103 \u00eenvierea<\/p>\n<p>ceara \u0219i mierea.<\/p>\n<p>Nehot\u0103r\u00e2t \u00eentre dou\u0103 hotare,<\/p>\n<p>cu vine trimise subt \u0219apte ogoare,<\/p>\n<p>\u00een v\u0103zduhuri zmeu,<\/p>\n<p>doarme alesul, copacul meu.<\/p>\n<p>Copacul meu.<\/p>\n<p>V\u00e2ntul \u00eel scutur\u0103. Martie sun\u0103.<\/p>\n<p>C\u00e2te puteri sunt, se leag\u0103-mpreun\u0103,<\/p>\n<p>din greul fiin\u021bei s\u0103 mi-l urneasc\u0103,<\/p>\n<p>din somn, din starea dumnezeiasc\u0103.<\/p>\n<p>Cine v\u00e2ntur\u0103 de pe muncel<\/p>\n<p>at\u00e2ta lumin\u0103 peste el?<\/p>\n<p>Ca lacrimi \u2013 mugurii l-au podidit.<\/p>\n<p>Soare, soare, de ce l-ai trezit?<\/p>\n<\/p><\/div>\n<p><a href=\"https:\/\/adevarul.ro\/stiri-interne\/educatie\/perle-la-simularea-de-la-evaluarea-nationala-2433143.html\" class=\"button purchase\" rel=\"nofollow noopener\" target=\"_blank\">Read More<\/a><\/p>\n","protected":false},"excerpt":{"rendered":"<p>Pe 17 martie, elevii de clasa a VIII-a au sus\u021binut simularea pentru Evaluarea Na\u021bional\u0103 la Limba Rom\u00e2n\u0103 \u0219i, ca \u00een fiecare an, au ap\u0103rut \u0219i [&hellip;]<\/p>\n","protected":false},"author":1,"featured_media":3273,"comment_status":"open","ping_status":"open","sticky":false,"template":"","format":"standard","meta":{"_monsterinsights_skip_tracking":false,"footnotes":""},"categories":[6],"tags":[],"class_list":["post-3272","post","type-post","status-publish","format-standard","has-post-thumbnail","hentry","category-popular"],"aioseo_notices":[],"_links":{"self":[{"href":"https:\/\/info-eforie.ro\/index.php\/wp-json\/wp\/v2\/posts\/3272","targetHints":{"allow":["GET"]}}],"collection":[{"href":"https:\/\/info-eforie.ro\/index.php\/wp-json\/wp\/v2\/posts"}],"about":[{"href":"https:\/\/info-eforie.ro\/index.php\/wp-json\/wp\/v2\/types\/post"}],"author":[{"embeddable":true,"href":"https:\/\/info-eforie.ro\/index.php\/wp-json\/wp\/v2\/users\/1"}],"replies":[{"embeddable":true,"href":"https:\/\/info-eforie.ro\/index.php\/wp-json\/wp\/v2\/comments?post=3272"}],"version-history":[{"count":0,"href":"https:\/\/info-eforie.ro\/index.php\/wp-json\/wp\/v2\/posts\/3272\/revisions"}],"wp:featuredmedia":[{"embeddable":true,"href":"https:\/\/info-eforie.ro\/index.php\/wp-json\/wp\/v2\/media\/3273"}],"wp:attachment":[{"href":"https:\/\/info-eforie.ro\/index.php\/wp-json\/wp\/v2\/media?parent=3272"}],"wp:term":[{"taxonomy":"category","embeddable":true,"href":"https:\/\/info-eforie.ro\/index.php\/wp-json\/wp\/v2\/categories?post=3272"},{"taxonomy":"post_tag","embeddable":true,"href":"https:\/\/info-eforie.ro\/index.php\/wp-json\/wp\/v2\/tags?post=3272"}],"curies":[{"name":"wp","href":"https:\/\/api.w.org\/{rel}","templated":true}]}}