{"id":3248,"date":"2025-03-31T21:07:27","date_gmt":"2025-03-31T21:07:27","guid":{"rendered":"https:\/\/info-eforie.ro\/index.php\/2025\/03\/31\/basescu-identifica-problema-relatiei-cu-sua-si-avertizeaza-ca-unele-state-ar-putea-sa-nu-recunoasca-rezultatul-alegerilor\/"},"modified":"2025-03-31T21:07:27","modified_gmt":"2025-03-31T21:07:27","slug":"basescu-identifica-problema-relatiei-cu-sua-si-avertizeaza-ca-unele-state-ar-putea-sa-nu-recunoasca-rezultatul-alegerilor","status":"publish","type":"post","link":"https:\/\/info-eforie.ro\/index.php\/2025\/03\/31\/basescu-identifica-problema-relatiei-cu-sua-si-avertizeaza-ca-unele-state-ar-putea-sa-nu-recunoasca-rezultatul-alegerilor\/","title":{"rendered":"B\u0103sescu identific\u0103 problema rela\u021biei cu SUA \u0219i avertizeaz\u0103 c\u0103 unele state ar putea s\u0103 nu recunoasc\u0103 rezultatul alegerilor"},"content":{"rendered":"<div>\n<p>Traian B\u0103sescu vorbe\u0219te despre anularea alegerilor din noiembrie 2024 \u0219i impactul acestui fapt asupra rela\u021biilor Rom\u00e2niei cu SUA.<\/p>\n<div><picture loading=\"eager\" width=\"1400\" height=\"750\" alt=\"Traian B\u0103sescu. FOTO: Inquam Photos \/ Elena Covalenco\"><source type=\"image\/webp\"  media=\"(min-width: 1400px)\"><source type=\"image\/webp\"  media=\"(min-width: 1000px)\"><source type=\"image\/webp\"  media=\"(min-width: 700px)\"><source type=\"image\/jpeg\"  media=\"(min-width: 1400px)\"><source type=\"image\/jpeg\"  media=\"(min-width: 1000px)\"><source type=\"image\/jpeg\"  media=\"(min-width: 700px)\"><img fetchpriority=\"high\" decoding=\"async\" src=\"https:\/\/cdn.adh.reperio.news\/image-8\/815011fd-9394-4ed7-bcd7-3b35ea2f37f5\/index.jpeg?p=a%3D1%26co%3D1.05%26w%3D700%26h%3D750%26r%3Dcontain%26f%3Dwebp\" alt=\"Traian B\u0103sescu. FOTO: Inquam Photos \/ Elena Covalenco\" width=\"1400\" height=\"750\" loading=\"eager\"><\/picture>\n<p>Traian B\u0103sescu. FOTO: Inquam Photos \/ Elena Covalenco<\/p>\n<\/div>\n<p>\u00centr-o postare pe <a href=\"https:\/\/www.facebook.com\/story.php?story_fbid=1212740886888375&#038;id=100044574243295&#038;rdid=OXsUcUqJ2lIlI6xV#\" rel=\"nofollow\">re\u021belele sociale<\/a>, B\u0103sescu sugereaz\u0103 c\u0103 principala preocupare a SUA nu este cine c\u00e2\u0219tig\u0103 alegerile, ci ca acestea s\u0103 fie <a href=\"https:\/\/adevarul.ro\/politica\/atentionare-a-consiliului-europei-romania-ar-2431660.html\">corecte \u0219i legitime.<\/a><\/p>\n<p><i>\u201eProblema rela\u0163iei cu SUA nu este nici ambasadorul, nici ministrul de externe \u015fi nici lipsa unui \u00eemputernicit special pentru America. Problema rela\u0163iei Rom\u00e2niei cu SUA este legat\u0103 de anularea alegerilor. SUA nu au un favorit pentru aceste alegeri. Singura solicitare  a Americii este \u201calegeri corecte\u201d \u015fi cu certitudine nu vor renun\u0163a la aceast\u0103 exigen\u0163\u0103\u201d, <\/i>scrie B\u0103sescu pe Facebook. <\/p>\n<p>El sus\u021bine c\u0103 exist\u0103 indicii c\u0103 s-a aplicat un a\u0219a-numit <i>\u201eplan B\u201d,<\/i> prin care responsabilitatea anul\u0103rii alegerilor a fost mutat\u0103 de la guvern c\u0103tre alte institu\u021bii (CCR, CSAT, servicii, Pre\u0219edinte), f\u0103r\u0103 dovezi clare care s\u0103 justifice aceast\u0103 decizie.<\/p>\n<p><i>\u201eDeclara\u0163iile premierului  referitoare la  renum\u0103rarea voturilor,  \u00eencercarea de a transfera responsabilitatea deciziilor doar la Iohannis \u015fi afirma\u0163iile unor politicieni premerg\u0103toare anul\u0103rii alegerilor de c\u0103tre CCR nu mai las\u0103 dubii c\u0103 s-a aplicat un \u201cplan B\u201d. \u201cPlanul B\u201d a fost destinat s\u0103 mute responsabilitatea anul\u0103rii nejustificate a alegerilor  de la guvern c\u0103tre alte institu\u0163ii precum CCR, CSAT, servicii, Pre\u015fedinte\u201d. <\/i><\/p>\n<p>Fostul pre\u0219edinte mai spune c\u0103 dup\u0103 trei luni nu exist\u0103  nicio prob\u0103 concret\u0103  care s\u0103 justifice <a href=\"https:\/\/adevarul.ro\/politica\/bolojan-despre-anularea-alegerilor-nu-ne-a-2431123.html\">anularea  alegerilor din noiembrie<\/a>. <i>\u201eSe pune astfel sub semnul \u00eentreb\u0103rii at\u00e2t anularea alegerilor din noiembrie dar \u015fi legitimitatea organiz\u0103rii unui alt r\u00e2nd de alegeri\u201d.<\/i><\/p>\n<p>\u00cen final, B\u0103sescu atrage aten\u021bia asupra riscului ca rezultatul viitoarelor alegeri s\u0103 nu fie recunoscut de unele state, ceea ce ar putea afecta credibilitatea Rom\u00e2niei pe plan interna\u021bional.<\/p>\n<p>Traian B\u0103sescu subliniaz\u0103 c\u0103 postarea sa<i> \u201eevit\u0103 orice abordare politic\u0103 \u015fi deliberat nu formuleaz\u0103 idei cu privire la  solu\u0163ii\u201d.<\/i><\/p>\n<\/p><\/div>\n<p><a href=\"https:\/\/adevarul.ro\/politica\/basescu-identifica-problema-relatiei-cu-sua-si-2432701.html\" class=\"button purchase\" rel=\"nofollow noopener\" target=\"_blank\">Read More<\/a><\/p>\n","protected":false},"excerpt":{"rendered":"<p>Traian B\u0103sescu vorbe\u0219te despre anularea alegerilor din noiembrie 2024 \u0219i impactul acestui fapt asupra rela\u021biilor Rom\u00e2niei cu SUA. Traian B\u0103sescu. FOTO: Inquam Photos \/ Elena [&hellip;]<\/p>\n","protected":false},"author":1,"featured_media":3249,"comment_status":"open","ping_status":"open","sticky":false,"template":"","format":"standard","meta":{"_monsterinsights_skip_tracking":false,"footnotes":""},"categories":[6],"tags":[],"class_list":["post-3248","post","type-post","status-publish","format-standard","has-post-thumbnail","hentry","category-popular"],"aioseo_notices":[],"_links":{"self":[{"href":"https:\/\/info-eforie.ro\/index.php\/wp-json\/wp\/v2\/posts\/3248","targetHints":{"allow":["GET"]}}],"collection":[{"href":"https:\/\/info-eforie.ro\/index.php\/wp-json\/wp\/v2\/posts"}],"about":[{"href":"https:\/\/info-eforie.ro\/index.php\/wp-json\/wp\/v2\/types\/post"}],"author":[{"embeddable":true,"href":"https:\/\/info-eforie.ro\/index.php\/wp-json\/wp\/v2\/users\/1"}],"replies":[{"embeddable":true,"href":"https:\/\/info-eforie.ro\/index.php\/wp-json\/wp\/v2\/comments?post=3248"}],"version-history":[{"count":0,"href":"https:\/\/info-eforie.ro\/index.php\/wp-json\/wp\/v2\/posts\/3248\/revisions"}],"wp:featuredmedia":[{"embeddable":true,"href":"https:\/\/info-eforie.ro\/index.php\/wp-json\/wp\/v2\/media\/3249"}],"wp:attachment":[{"href":"https:\/\/info-eforie.ro\/index.php\/wp-json\/wp\/v2\/media?parent=3248"}],"wp:term":[{"taxonomy":"category","embeddable":true,"href":"https:\/\/info-eforie.ro\/index.php\/wp-json\/wp\/v2\/categories?post=3248"},{"taxonomy":"post_tag","embeddable":true,"href":"https:\/\/info-eforie.ro\/index.php\/wp-json\/wp\/v2\/tags?post=3248"}],"curies":[{"name":"wp","href":"https:\/\/api.w.org\/{rel}","templated":true}]}}