{"id":2990,"date":"2025-03-22T12:27:15","date_gmt":"2025-03-22T12:27:15","guid":{"rendered":"https:\/\/info-eforie.ro\/index.php\/2025\/03\/22\/ue-ignora-vetoul-ungariei-in-privinta-sprijinului-pentru-ucraina\/"},"modified":"2025-03-22T12:27:15","modified_gmt":"2025-03-22T12:27:15","slug":"ue-ignora-vetoul-ungariei-in-privinta-sprijinului-pentru-ucraina","status":"publish","type":"post","link":"https:\/\/info-eforie.ro\/index.php\/2025\/03\/22\/ue-ignora-vetoul-ungariei-in-privinta-sprijinului-pentru-ucraina\/","title":{"rendered":"UE ignor\u0103 vetoul Ungariei \u00een privin\u021ba sprijinului pentru Ucraina"},"content":{"rendered":"<div>\n<h2>Budapesta nu are probleme s\u0103 fie singura voce din UE \u00eempotriva sprijinului pentru Ucraina. Dar nici restul statelor membre ale Uniunii nu ezit\u0103 s\u0103 dep\u0103\u0219easc\u0103 vetoul Ungariei, atunci c\u00e2nd pot s\u0103 o fac\u0103.<\/h2>\n<div><picture loading=\"eager\" width=\"1400\" height=\"613\" alt=\"Liderii statelor UE la summitul din 20 martie\"><source type=\"image\/webp\"  media=\"(min-width: 1400px)\"><source type=\"image\/webp\"  media=\"(min-width: 1000px)\"><source type=\"image\/webp\"  media=\"(min-width: 700px)\"><img fetchpriority=\"high\" decoding=\"async\" src=\"https:\/\/cdn.adh.reperio.news\/image-c\/c6c8b35d-5b11-48ae-9cf9-24b05f045ba3\/index.webp?p=a%3D1%26co%3D1.05%26w%3D700%26h%3D613%26r%3Dcontain%26f%3Dwebp\" alt=\"Liderii statelor UE la summitul din 20 martie\" width=\"1400\" height=\"613\" loading=\"eager\"><\/picture>\n<p>Liderii statelor UE la summitul din 20 martie<\/p>\n<\/div>\n<p>Diferendul dintre\u00a0<a href=\"https:\/\/www.dw.com\/ro\/ungaria\/t-66496573\" rel=\"nofollow\">Ungaria<\/a>\u00a0\u0219i restul UE privind\u00a0<a href=\"https:\/\/www.dw.com\/ro\/r%C4%83zboi-%C3%AEn-ucraina\/t-18484317\" rel=\"nofollow\">r\u0103zboiul din Ucraina<\/a>\u00a0a reie\u0219it clar \u00een eviden\u021b\u0103 la summitul de joi al\u00a0<a href=\"https:\/\/www.dw.com\/ro\/uniunea-european%C4%83\/t-66350416\" rel=\"nofollow\">Uniunii<\/a>, c\u00e2nd\u00a0Budapesta a refuzat\u00a0<a href=\"https:\/\/www.dw.com\/ro\/summitul-ap%C4%83r%C4%83rii-ue-europa-%C3%AE%C8%99i-deblocheaz%C4%83-viitorul\/a-71855658\" rel=\"nofollow\">pentru a doua oar\u0103 \u00een dou\u0103 s\u0103pt\u0103m\u00e2ni<\/a>\u00a0s\u0103 semneze declara\u021bia comun\u0103 a blocului comunitar la sf\u00e2r\u0219itul reuniunii de la\u00a0<a href=\"https:\/\/www.dw.com\/ro\/bruxelles\/t-66350775\" rel=\"nofollow\">Bruxelles<\/a>.<\/p>\n<p>Dar celelalte 26 de state\u00a0<a href=\"https:\/\/www.dw.com\/ro\/summitul-rearm-compromisuri-pentru-o-ap%C4%83rare-european%C4%83\/a-71850534\" rel=\"nofollow\">\u0219i-au v\u0103zut de treab\u0103<\/a>\u00a0f\u0103r\u0103 Ungaria, renun\u021b\u00e2nd la practica anterioar\u0103 de a pierde ore \u00een \u0219ir \u00een \u00eencercarea de a-l convinge pe premierul\u00a0<a href=\"https:\/\/www.dw.com\/ro\/viktor-orban\/t-50013050\" rel=\"nofollow\">Viktor Orb\u00e1n<\/a>\u00a0pentru a ob\u021bine o unanimitate. Un lucru care, \u00een condi\u021biile actuale,\u00a0<a href=\"https:\/\/www.dw.com\/ro\/ungaria-vrea-orban-s%C4%83-p%C4%83r%C4%83seasc%C4%83-europa\/a-71173108\" rel=\"nofollow\">tinde s\u0103 devin\u0103 normalitate<\/a>.<\/p>\n<p>&#8222;Consiliul European \u00ee\u0219i reafirm\u0103 sprijinul neab\u0103tut pentru independen\u021ba, suveranitatea \u0219i integritatea teritorial\u0103 a Ucrainei \u00een grani\u021bele sale recunoscute pe plan interna\u021bional&#8221;, scrie \u00een declara\u021bia semnat\u0103 de 26 de \u021b\u0103ri membre \u0219i respins\u0103 doar de Ungaria.<\/p>\n<p>\u00cen timp ce restul UE a reac\u021bionat ambiguu la discu\u021biile americano-ruse privind o posibil\u0103 \u00eencheiere a r\u0103zboiului din Ucraina, Orb\u00e1n a salutat cu entuziasm negocierile care au exclus p\u00e2n\u0103 acum at\u00e2t Kievul, c\u00e2t \u0219i Uniunea European\u0103.<\/p>\n<p>&#8222;A\u0219a cum vedem noi lucrurile, UE are o misiune simpl\u0103, anume de a sprijini eforturile de pace ale pre\u0219edintelui\u00a0<a href=\"https:\/\/www.dw.com\/ro\/donald-trump\/t-50065495\" rel=\"nofollow\">Donald Trump<\/a>&#8222;, a declarat Orb\u00e1n \u00eenaintea summitului de la Bruxelles.<\/p>\n<div><picture loading=\"lazy\" width=\"1400\" height=\"750\" alt=\"Premierul ungar Orban a fost singurul care nu a semnat declara\u021bia UE privind Ucraina\"><source type=\"image\/webp\"  media=\"(min-width: 1400px)\"><source type=\"image\/webp\"  media=\"(min-width: 1000px)\"><source type=\"image\/webp\"  media=\"(min-width: 700px)\"><source type=\"image\/jpeg\"  media=\"(min-width: 1400px)\"><source type=\"image\/jpeg\"  media=\"(min-width: 1000px)\"><source type=\"image\/jpeg\"  media=\"(min-width: 700px)\"><img decoding=\"async\" src=\"https:\/\/cdn.adh.reperio.news\/image-1\/1fcefbe5-2300-4af3-95d7-22d2818091eb\/index.jpeg?p=a%3D1%26co%3D1.05%26w%3D700%26h%3D750%26r%3Dcontain%26f%3Dwebp\" alt=\"Premierul ungar Orban a fost singurul care nu a semnat declara\u021bia UE privind Ucraina\" width=\"1400\" height=\"750\" loading=\"lazy\"><\/picture>\n<p>Premierul ungar Orban a fost singurul care nu a semnat declara\u021bia UE privind Ucraina<\/p>\n<\/div>\n<p>Liderul ungar, care are cele mai cordiale rela\u021bii cu\u00a0<a href=\"https:\/\/www.dw.com\/ro\/rusia\/t-18484308\" rel=\"nofollow\">Rusia<\/a>\u00a0dintre \u021b\u0103rile blocului comunitar, sus\u021bine c\u0103 ajutorul acordat de UE Ucrainei nu face dec\u00e2t s\u0103 prelungeasc\u0103 r\u0103zboiul \u00eenceput \u00een februarie 2022, c\u00e2nd Rusia a invadat \u021bara vecin\u0103.<\/p>\n<h2>Niciun acord? Nicio problem\u0103<\/h2>\n<p>\u00cen principiu, chiar dac\u0103 tehnic nu este obligat\u0103 s\u0103 o fac\u0103, UE \u00eencearc\u0103 mereu s\u0103 ob\u021bin\u0103 unanimitate atunci c\u00e2nd emite un mesaj de sprijin pentru o \u021bar\u0103 f\u0103r\u0103 asumarea de obliga\u021bii, precum este cel transmis joi.<\/p>\n<p>Declara\u021bia con\u021bine angajamentul UE de a furniza \u00een continuare Ucrainei bani \u0219i armament, dar \u0219i posibilitatea ca Uniunea s\u0103 ofere acestei \u021b\u0103ri\u00a0garan\u021bii de securitate, prin care s\u0103 evite o nou\u0103 invazie rus\u0103 dup\u0103 \u00eencheierea actualului r\u0103zboi \u0219i prin care s\u0103 men\u021bin\u0103 presiunile asupra Moscovei.<\/p>\n<p>Pe fondul deta\u0219\u0103rii aparente a\u00a0<a href=\"https:\/\/www.dw.com\/ro\/statele-unite-ale-americii\/t-66496505\" rel=\"nofollow\">SUA<\/a>\u00a0de Kiev \u0219i de\u00a0Europa\u00a0\u00een general, \u0219efa diploma\u021biei comunitare Kaja Kallas \u00eencearc\u0103 s\u0103 organizeze \u00een prezent un nou pachet de ajutoare financiare pentru Ucraina. Joi, liderii celor 26 de \u021b\u0103ri semnatare ale declara\u021biei finale i-au dat und\u0103 verde \u00een acest sens, men\u021bion\u00e2nd o eventual\u0103 implicare a statelor membre pe baz\u0103 de voluntariat. Potrivit unor diploma\u021bi europeni care au vorbit cu presa\u00a0sub protec\u021bia anonimatului, ar fi vorba de un pachet de p\u00e2n\u0103 la 40 de miliarde de euro, dintre care cinci miliarde pentru achizi\u021bionarea de muni\u021bie. Planul nu este \u00eenc\u0103 finalizat.<\/p>\n<div><picture loading=\"lazy\" width=\"1400\" height=\"750\" alt=\"\u0218efa diploma\u021biei comunitare Kaja Kallas vrea s\u0103 finan\u021beze Ucraina pe baz\u0103 de ini\u021biativ\u0103 voluntar\u0103\"><source type=\"image\/webp\"  media=\"(min-width: 1400px)\"><source type=\"image\/webp\"  media=\"(min-width: 1000px)\"><source type=\"image\/webp\"  media=\"(min-width: 700px)\"><source type=\"image\/jpeg\"  media=\"(min-width: 1400px)\"><source type=\"image\/jpeg\"  media=\"(min-width: 1000px)\"><source type=\"image\/jpeg\"  media=\"(min-width: 700px)\"><img decoding=\"async\" src=\"https:\/\/cdn.adh.reperio.news\/image-3\/350f167e-73c4-499b-bcae-3591a6f6c01e\/index.jpeg?p=a%3D1%26co%3D1.05%26w%3D700%26h%3D750%26r%3Dcontain%26f%3Dwebp\" alt=\"\u0218efa diploma\u021biei comunitare Kaja Kallas vrea s\u0103 finan\u021beze Ucraina pe baz\u0103 de ini\u021biativ\u0103 voluntar\u0103\" width=\"1400\" height=\"750\" loading=\"lazy\"><\/picture>\n<p>\u0218efa diploma\u021biei comunitare Kaja Kallas vrea s\u0103 finan\u021beze Ucraina pe baz\u0103 de ini\u021biativ\u0103 voluntar\u0103<\/p>\n<\/div>\n<p>\u00cen cei trei ani de r\u0103zboi, Ungaria a blocat \u00een mod repetat prin veto finan\u021barea Ucrainei. Ca ini\u021biativ\u0103 voluntar\u0103, Kallas vizeaz\u0103 ob\u021binerea de fonduri noi pentru Ucraina f\u0103r\u0103 s\u0103 mai fie nevoie de aprobarea\u00a0Budapestei.<\/p>\n<h2>Mai greu c\u00e2nd vine vorba de aderare<\/h2>\n<p>Dar unanimitatea continu\u0103 s\u0103 r\u0103m\u00e2n\u0103 necesar\u0103 pentru alte decizii \u00een UE. Sprijinit\u0103 mai ales de \u021b\u0103rile baltice \u0219i de cele nordice, Ucraina face presiuni pentru a demara cu adev\u0103rat negocierile de aderare la UE \u00een 2025. Pre\u0219edinta Comisiei Europene\u00a0<a href=\"https:\/\/www.dw.com\/ro\/ursula-von-der-leyen\/t-50013036\" rel=\"nofollow\">Ursula von der Leyen<\/a>\u00a0a afirmat c\u0103 Ucraina ar putea adera deja \u00een 2030, dac\u0103 va continua cu reformele necesare, dar pu\u021bini cred c\u0103 acest termen este unul\u00a0realist.<\/p>\n<p>\u00cendeplinirea criteriilor stricte de aderare la UE este un proces \u00eendelungat, inclusiv pentru \u021b\u0103rile care nu se afl\u0103 \u00een r\u0103zboi. Una din problemele majore ale Ucrainei este corup\u021bia.\u00a0<\/p>\n<p>Orb\u00e1n a anun\u021bat deja c\u0103 va organiza un referendum pentru a-i \u00eentreba pe cet\u0103\u021benii Ungariei dac\u0103 sunt de acord ca Ucraina s\u0103 adere la Uniune \u0219i amenin\u021b\u0103 c\u0103 va bloca primirea Kievului \u00een blocul comunitar. Ucraina a primit aprobare unanim\u0103 anul trecut pentru a \u00eencepe negocierile de aderare, dup\u0103 ce Budapesta a renun\u021bat la veto.<\/p>\n<p>Adres\u00e2ndu-se liderilor UE prin\u00a0videolink,\u00a0<a href=\"https:\/\/www.dw.com\/ro\/volodimir-zelenski\/t-50043848\" rel=\"nofollow\">Volodimir Zelenski<\/a>\u00a0a insistat asupra ader\u0103rii. &#8222;Este pur \u0219i simplu anti-european ca o singur\u0103 persoan\u0103 s\u0103 blocheze decizii importante pentru \u00eentregul continent sau asupra c\u0103rora exist\u0103 deja un acord&#8221;, a spus pre\u0219edintele ucrainean. &#8222;Europa are nevoie de vitez\u0103 \u00een luarea deciziilor \u0219i de instrumente clare pentru a se proteja de blocaje nenecesare.&#8221;<\/p>\n<h2>Se anun\u021b\u0103 noi confrunt\u0103ri<\/h2>\n<p>Deciziile privind m\u0103suri punitive trebuie de asemenea aprobate de toate statele membre.<\/p>\n<p>Nu pentru prima oar\u0103, ambasadorii statelor membre au \u00eencheiat un acord de ultim moment cu Ungaria pentru a prelungi sanc\u021biunile impuse pentru mai bine de 2000 de indivizi care au leg\u0103tur\u0103 cu r\u0103zboiul Rusiei \u00een Ucraina. Aceste m\u0103suri punitive trebuie reconfirmate o dat\u0103 la \u0219ase luni, iar Budapesta ar fi insistat ca mai multe nume s\u0103 fie scoase de pe lista sanc\u021biunilor.<\/p>\n<p>\u00cen iulie va trebui re\u00eennoit un pachet major de sanc\u021biuni decise de UE \u00eempotriva Rusiei.<\/p>\n<div><picture loading=\"lazy\" width=\"1400\" height=\"750\" alt=\"Premierul slovac Robert Fico este uneori pe aceea\u0219i lungime de und\u0103 cu omologul s\u0103u ungar Orban\"><source type=\"image\/webp\"  media=\"(min-width: 1400px)\"><source type=\"image\/webp\"  media=\"(min-width: 1000px)\"><source type=\"image\/webp\"  media=\"(min-width: 700px)\"><source type=\"image\/jpeg\"  media=\"(min-width: 1400px)\"><source type=\"image\/jpeg\"  media=\"(min-width: 1000px)\"><source type=\"image\/jpeg\"  media=\"(min-width: 700px)\"><img decoding=\"async\" src=\"https:\/\/cdn.adh.reperio.news\/image-3\/3a1fed7e-a27c-4c71-9e7e-2f629c2b914d\/index.jpeg?p=a%3D1%26co%3D1.05%26w%3D700%26h%3D750%26r%3Dcontain%26f%3Dwebp\" alt=\"Premierul slovac Robert Fico este uneori pe aceea\u0219i lungime de und\u0103 cu omologul s\u0103u ungar Orban\" width=\"1400\" height=\"750\" loading=\"lazy\"><\/picture>\n<p>Premierul slovac Robert Fico este uneori pe aceea\u0219i lungime de und\u0103 cu omologul s\u0103u ungar Orban<\/p>\n<\/div>\n<p>Premierul Slovaciei, Robert Fico, care uneori s-a aliat cu Orb\u00e1n \u00een cazul politicii UE privind Ucraina, refuz\u00e2nd ajutoarele militare pentru Kiev, a dat de \u00een\u021beles c\u0103 se va opune unor noi sanc\u021biuni, dac\u0103 acestea afecteaz\u0103 actualele negocieri de \u00eencheiere a conflictului. &#8222;Nu putem insista cu \u00eenc\u0103p\u0103\u021b\u00e2nare cu sanc\u021biunile indiferent de consecin\u021be&#8221;, a spus Fico.<\/p>\n<p>\u00cen alte aspecte, cooperarea continu\u0103 \u00een UE. Orb\u00e1n este cu totul de acord cu\u00a0<a href=\"https:\/\/www.dw.com\/ro\/re%C3%AEnarmarea-europei-cu-ce-bani\/a-71896519\" rel=\"nofollow\">planurile de investi\u021bii majore \u00een ap\u0103rare<\/a>\u00a0\u00een anii urm\u0103tori, pe fondul re\u021binerii Washingtonului de a mai asigura securitatea\u00a0Europei.<\/p>\n<p>UE a salutat oficial recentele \u00een\u021belegeri privind un armisti\u021biu \u00een Ucraina, dar a\u0219teapt\u0103 s\u0103 vad\u0103 \u00een ce direc\u021bie o iau negocierile. Dar Orb\u00e1n se simte pe val, at\u00e2t timp c\u00e2t aliatul s\u0103u apropiat Trump r\u0103m\u00e2ne \u00een prim plan. &#8222;Ne sim\u021bim \u00eentr-o pozi\u021bie foarte bun\u0103&#8221;, a precizat purt\u0103torul de cuv\u00e2nt al guvernului ungar Balasz Orb\u00e1n, pe marginea summitului de la Bruxelles, &#8222;deoarece credem c\u0103, din p\u0103cate, Europa\u00a0este izolat\u0103.&#8221;<\/p>\n<p><a href=\"https:\/\/www.dw.com\/ro\/ue-dep%C4%83%C8%99e%C8%99te-vetoul-ungariei-%C3%AEn-sprijinul-pentru-ucraina\/a-71992825\" rel=\"nofollow\"><b>Ella Joyner &#8211; Deutsche Welle<\/b><\/a><\/p>\n<\/p><\/div>\n<p><a href=\"https:\/\/adevarul.ro\/blogurile-adevarul\/ue-ignora-vetoul-ungariei-in-privinta-sprijinului-2430518.html\" class=\"button purchase\" rel=\"nofollow noopener\" target=\"_blank\">Read More<\/a><\/p>\n","protected":false},"excerpt":{"rendered":"<p>Budapesta nu are probleme s\u0103 fie singura voce din UE \u00eempotriva sprijinului pentru Ucraina. Dar nici restul statelor membre ale Uniunii nu ezit\u0103 s\u0103 dep\u0103\u0219easc\u0103 [&hellip;]<\/p>\n","protected":false},"author":1,"featured_media":2991,"comment_status":"open","ping_status":"open","sticky":false,"template":"","format":"standard","meta":{"_monsterinsights_skip_tracking":false,"footnotes":""},"categories":[6],"tags":[],"class_list":["post-2990","post","type-post","status-publish","format-standard","has-post-thumbnail","hentry","category-popular"],"aioseo_notices":[],"_links":{"self":[{"href":"https:\/\/info-eforie.ro\/index.php\/wp-json\/wp\/v2\/posts\/2990","targetHints":{"allow":["GET"]}}],"collection":[{"href":"https:\/\/info-eforie.ro\/index.php\/wp-json\/wp\/v2\/posts"}],"about":[{"href":"https:\/\/info-eforie.ro\/index.php\/wp-json\/wp\/v2\/types\/post"}],"author":[{"embeddable":true,"href":"https:\/\/info-eforie.ro\/index.php\/wp-json\/wp\/v2\/users\/1"}],"replies":[{"embeddable":true,"href":"https:\/\/info-eforie.ro\/index.php\/wp-json\/wp\/v2\/comments?post=2990"}],"version-history":[{"count":0,"href":"https:\/\/info-eforie.ro\/index.php\/wp-json\/wp\/v2\/posts\/2990\/revisions"}],"wp:featuredmedia":[{"embeddable":true,"href":"https:\/\/info-eforie.ro\/index.php\/wp-json\/wp\/v2\/media\/2991"}],"wp:attachment":[{"href":"https:\/\/info-eforie.ro\/index.php\/wp-json\/wp\/v2\/media?parent=2990"}],"wp:term":[{"taxonomy":"category","embeddable":true,"href":"https:\/\/info-eforie.ro\/index.php\/wp-json\/wp\/v2\/categories?post=2990"},{"taxonomy":"post_tag","embeddable":true,"href":"https:\/\/info-eforie.ro\/index.php\/wp-json\/wp\/v2\/tags?post=2990"}],"curies":[{"name":"wp","href":"https:\/\/api.w.org\/{rel}","templated":true}]}}