{"id":2948,"date":"2025-03-20T21:23:10","date_gmt":"2025-03-20T21:23:10","guid":{"rendered":"https:\/\/info-eforie.ro\/index.php\/2025\/03\/20\/ciprian-marica-nu-intelege-decizia-luata-de-mircea-lucescu-nu-ar-fi-trebuit-sa-lipseasca-de-la-echipa-nationala\/"},"modified":"2025-03-20T21:23:10","modified_gmt":"2025-03-20T21:23:10","slug":"ciprian-marica-nu-intelege-decizia-luata-de-mircea-lucescu-nu-ar-fi-trebuit-sa-lipseasca-de-la-echipa-nationala","status":"publish","type":"post","link":"https:\/\/info-eforie.ro\/index.php\/2025\/03\/20\/ciprian-marica-nu-intelege-decizia-luata-de-mircea-lucescu-nu-ar-fi-trebuit-sa-lipseasca-de-la-echipa-nationala\/","title":{"rendered":"Ciprian Marica nu \u00een\u021belege decizia luat\u0103 de Mircea Lucescu: \u201dNu ar fi trebuit s\u0103 lipseasc\u0103 de la echipa na\u021bional\u0103\u201d"},"content":{"rendered":"<div>\n<p>Subiectul neconvoc\u0103rii lui Louis Munteanu (22 de ani) a st\u00e2rnit multe reac\u021bii \u00een fotbalul rom\u00e2nesc, av\u00e2nd \u00een vedere c\u0103 atacantul de la CFR Cluj este golgheter deta\u0219at \u00een Superliga Rom\u00e2niei, cu 20 de goluri.<\/p>\n<p>Mircea Lucescu nu l-a inclus \u00een planurile sale pentru meciurile cu Bosnia \u0219i San Marino, primele din preliminariile Campionatului Mondial. FRF a specificat c\u0103 Munteanu \u0219i Matei Ilie vor face parte din lotul lui Daniel Pancu la na\u021bionala U21 \u0219i pot fi chema\u021bi la prima reprezentativ\u0103 dac\u0103 \u201dIl Luce\u201d va cere acest lucru.<\/p>\n<h2><strong>Ciprian Marica: \u201dLouis Munteanu nu ar fi trebuit s\u0103 lipseasc\u0103\u201d<\/strong><br \/><\/h2>\n<p>Ciprian Marica, fost interna\u021bional, nu \u00een\u021belege decizia luat\u0103 de galonatul antrenor rom\u00e2n \u0219i a\u0219teapt\u0103 o explica\u021bie din partea acestuia.<\/p>\n<p><strong>\u201dCea mai \u00eendrept\u0103\u021bit\u0103 \u00eentrebare este &#8216;de ce nu e Louis Munteanu acolo?&#8217;. Sincer, \u0219i eu a\u0219tept s\u0103 v\u0103d o explica\u021bie de la Mircea Lucescu. Nu de alta, dar acest pu\u0219ti nu este doar de viitor, cred c\u0103 este \u0219i prezentul, este golgheterul campionatului.\u00a0<br \/><\/strong><\/p>\n<p><strong>Este cel mai \u00een form\u0103 juc\u0103tor, atacant, dup\u0103 p\u0103rerea mea, \u0219i nu ar fi trebuit s\u0103 lipseasc\u0103 de la echipa na\u021bional\u0103\u201d,<\/strong> a spus Marica, \u00een exclusivitate pentru PRO TV \u0219i Sport.ro.<\/p>\n<h2><strong>Lotul Rom\u00e2niei pentru meciurile cu Bosnia \u0219i San Marino:<\/strong><\/h2>\n<p><strong>Portari<\/strong>: Florin NI\u021a\u0102 (Damac | Arabia Saudit\u0103, 30\/0), Hora\u021biu MOLDOVAN (Sassuolo | Italia, 11\/0), \u0218tefan T\u00c2RNOVANU (FCSB, 3\/0);<\/p>\n<p><strong>Funda\u0219i<\/strong>: Andrei RA\u021aIU (Rayo Vallecano | Spania, 27\/1), Deian \u2060SORESCU (Gaziantep FK | Turcia, 20\/0), Virgil \u2060GHI\u021a\u0102 (Cracovia | Polonia, 2\/0), Adrian RUS (Pisa | Italia, 22\/1), Andrei BURC\u0102 (Baniyas | EAU, 37\/1), Mihai POPESCU (FCSB, 0\/0), Denis CIOBOTARIU (FC Rapid 1923, 0\/0), Nicu\u0219or BANCU (Universitatea Craiova, 44\/2), Alexandru CHIPCIU (Universitatea Cluj, 46\/6);<\/p>\n<p><strong>Mijloca\u0219i<\/strong>: Marius MARIN (Pisa | Italia, 28\/0), Adrian \u0218UT (FCSB, 4\/0), R\u0103zvan MARIN (Cagliari | Italia, 65\/11), Nicolae STANCIU (Damac | Arabia Saudit\u0103, 79\/15), Ianis HAGI (Rangers | Sco\u021bia, 45\/5), \u2060Vlad DRAGOMIR (Pafos | Cipru, 0\/0), Dennis MAN (Parma | Italia, 33\/9), Olimpiu MORU\u021aAN (Pisa | Italia, 15\/1), Alexandru MITRI\u021a\u0102 (Universitatea Craiova, 21\/4), Florin T\u0102NASE (FCSB, 18\/3), Dennis POLITIC (Dinamo, 0\/0);<\/p>\n<p><strong>Atacan\u021bi<\/strong>: Denis DR\u0102GU\u0218 (Trabzonspor | Turcia, 20\/5), Denis ALIBEC (Farul Constan\u021ba, 41\/5), Daniel B\u00ceRLIGEA (FCSB, 3\/1).<\/p>\n<h2><strong>Programul complet al grupei noastre este urm\u0103torul:<\/strong><br \/><\/h2>\n<ul>\n<li>Vineri, 21 martie: Cipru \u2013 San Marino, <strong>ROM\u00c2NIA<\/strong>\u2013 Bosnia-Her\u021begovina (21:45)<\/li>\n<li>Luni, 24 martie: Bosnia \u0219i Her\u021begovina \u2013 Cipru, San Marino \u2013 <strong>ROM\u00c2NIA<\/strong><\/li>\n<li>S\u00e2mb\u0103t\u0103, 7 iunie: Bosnia \u0219i Her\u021begovina \u2013 San Marino (16:00), Austria \u2013 <strong>ROM\u00c2NIA <\/strong>(21:45)<\/li>\n<li>Mar\u021bi, 10 iunie: <strong>ROM\u00c2NIA<\/strong>\u2013 Cipru, San Marino \u2013 Austria (21:45)<\/li>\n<li>S\u00e2mb\u0103t\u0103, 6 septembrie: Austria \u2013 Cipru, San Marino \u2013 Bosnia \u0219i Her\u021begovina (21:45)<\/li>\n<li>Mar\u021bi, 9 septembrie: Bosnia \u0219i Her\u021begovina \u2013 Austria, Cipru \u2013 <strong>ROM\u00c2NIA <\/strong>(21:45)<\/li>\n<li>Joi, 9 octombrie: Austria \u2013 San Marino, Cipru \u2013 Bosnia \u0219i Her\u021begovina (21:45)<\/li>\n<li>Duminic\u0103, 12 octombrie: San Marino \u2013 Cipru (16:00), <strong>ROM\u00c2NIA<\/strong>\u2013 Austria (21:45)<\/li>\n<li>S\u00e2mb\u0103t\u0103, 15 noiembrie: Cipru \u2013 Austria (19:00), Bosnia-Her\u021begovina \u2013 <strong>ROM\u00c2NIA <\/strong>(21:45)<\/li>\n<li>Mar\u021bi, 18 noiembrie: Austria \u2013 Bosnia \u0219i Her\u021begovina, <strong>ROM\u00c2NIA<\/strong>\u2013 San Marino (21:45)<\/li>\n<\/ul>\n<\/div>\n<p><a href=\"https:\/\/www.sport.ro\/nationala\/ciprian-marica-nu-intelege-decizia-luata-de-mircea-lucescu-nu-ar-fi-trebuit-sa-lipseasca-de-la-echipa-nationala.html\" class=\"button purchase\" rel=\"nofollow noopener\" target=\"_blank\">Read More<\/a><\/p>\n","protected":false},"excerpt":{"rendered":"<p>Subiectul neconvoc\u0103rii lui Louis Munteanu (22 de ani) a st\u00e2rnit multe reac\u021bii \u00een fotbalul rom\u00e2nesc, av\u00e2nd \u00een vedere c\u0103 atacantul de la CFR Cluj este [&hellip;]<\/p>\n","protected":false},"author":1,"featured_media":2949,"comment_status":"open","ping_status":"open","sticky":false,"template":"","format":"standard","meta":{"_monsterinsights_skip_tracking":false,"footnotes":""},"categories":[7],"tags":[],"class_list":["post-2948","post","type-post","status-publish","format-standard","has-post-thumbnail","hentry","category-sports"],"aioseo_notices":[],"_links":{"self":[{"href":"https:\/\/info-eforie.ro\/index.php\/wp-json\/wp\/v2\/posts\/2948","targetHints":{"allow":["GET"]}}],"collection":[{"href":"https:\/\/info-eforie.ro\/index.php\/wp-json\/wp\/v2\/posts"}],"about":[{"href":"https:\/\/info-eforie.ro\/index.php\/wp-json\/wp\/v2\/types\/post"}],"author":[{"embeddable":true,"href":"https:\/\/info-eforie.ro\/index.php\/wp-json\/wp\/v2\/users\/1"}],"replies":[{"embeddable":true,"href":"https:\/\/info-eforie.ro\/index.php\/wp-json\/wp\/v2\/comments?post=2948"}],"version-history":[{"count":0,"href":"https:\/\/info-eforie.ro\/index.php\/wp-json\/wp\/v2\/posts\/2948\/revisions"}],"wp:featuredmedia":[{"embeddable":true,"href":"https:\/\/info-eforie.ro\/index.php\/wp-json\/wp\/v2\/media\/2949"}],"wp:attachment":[{"href":"https:\/\/info-eforie.ro\/index.php\/wp-json\/wp\/v2\/media?parent=2948"}],"wp:term":[{"taxonomy":"category","embeddable":true,"href":"https:\/\/info-eforie.ro\/index.php\/wp-json\/wp\/v2\/categories?post=2948"},{"taxonomy":"post_tag","embeddable":true,"href":"https:\/\/info-eforie.ro\/index.php\/wp-json\/wp\/v2\/tags?post=2948"}],"curies":[{"name":"wp","href":"https:\/\/api.w.org\/{rel}","templated":true}]}}