{"id":2932,"date":"2025-03-19T12:24:07","date_gmt":"2025-03-19T12:24:07","guid":{"rendered":"https:\/\/info-eforie.ro\/index.php\/2025\/03\/19\/trei-oameni-au-murit-dupa-prabusirea-unui-avion-de-mici-dimensiuni-in-elvetia\/"},"modified":"2025-03-19T12:24:07","modified_gmt":"2025-03-19T12:24:07","slug":"trei-oameni-au-murit-dupa-prabusirea-unui-avion-de-mici-dimensiuni-in-elvetia","status":"publish","type":"post","link":"https:\/\/info-eforie.ro\/index.php\/2025\/03\/19\/trei-oameni-au-murit-dupa-prabusirea-unui-avion-de-mici-dimensiuni-in-elvetia\/","title":{"rendered":"Trei oameni au murit dup\u0103 pr\u0103bu\u015firea unui avion de mici dimensiuni \u00een Elve\u0163ia"},"content":{"rendered":"<div>\n<p>Trei oameni au murit dup\u0103 pr\u0103bu\u015firea unui avion de mici dimensiuni, luni dup\u0103-amiaz\u0103, \u00een Elve\u0163ia, a informat mar\u0163i poli\u0163ia cantonului Graubuenden din estul Elve\u0163iei, potrivit Reuters.<\/p>\n<div><picture loading=\"eager\" width=\"1400\" height=\"750\" alt=\"Locul unde s-a pr\u0103bu\u0219it avionul FOTO: X\"><source type=\"image\/webp\"  media=\"(min-width: 1400px)\"><source type=\"image\/webp\"  media=\"(min-width: 1000px)\"><source type=\"image\/webp\"  media=\"(min-width: 700px)\"><source type=\"image\/png\"  media=\"(min-width: 1400px)\"><source type=\"image\/png\"  media=\"(min-width: 1000px)\"><source type=\"image\/png\"  media=\"(min-width: 700px)\"><img fetchpriority=\"high\" decoding=\"async\" src=\"https:\/\/cdn.adh.reperio.news\/image-0\/0eddd64d-17b3-4d27-a5ae-ff30d4381e6d\/index.png?p=a%3D1%26co%3D1.05%26w%3D700%26h%3D750%26r%3Dcontain%26c%3D0%252C0%252C1%252C0.818%26f%3Dwebp\" alt=\"Locul unde s-a pr\u0103bu\u0219it avionul FOTO: X\" width=\"1400\" height=\"750\" loading=\"eager\"><\/picture>\n<p>Locul unde s-a pr\u0103bu\u0219it avionul FOTO: X<\/p>\n<\/div>\n<p>Victimele accidentului aviatic nu au fost \u00eenc\u0103 identificate. O anchet\u0103 a fost deschis\u0103 pentru a afla motivele accidentului, scrie publica\u0163ia elve\u0163ian\u0103 Le Matin, scrie Agerpres.<\/p>\n<p>Avionul, un monomotor cu elice Extra EA-400, a decolat de pe aeroportul Samedan la ora local\u0103 17:20 \u015fi urma <a href=\"https:\/\/adevarul.ro\/stiri-externe\/sua\/un-avion-de-mici-dimensiuni-s-a-prabusit-pe-o-2412338.html\">s\u0103 ajung\u0103 \u00een Danemarca. <\/a><\/p>\n<p>\u00cens\u0103 aparatul <a href=\"https:\/\/adevarul.ro\/stiri-externe\/republica-moldova\/un-avion-de-mici-dimensiuni-s-a-prabusit-la-vadul-2397498.html\">s-a pr\u0103bu\u015fit la nici dou\u0103 minute <\/a>mai t\u00e2rziu \u00eentr-o zon\u0103 populat\u0103 de la marginea nordic\u0103 a satului La Punt-Chamues-ch. Avionul a luat foc \u015fi a ars complet.\u00a0\u00a0<\/p>\n<\/p><\/div>\n<p><a href=\"https:\/\/adevarul.ro\/stiri-externe\/europa\/trei-oameni-au-murit-dupa-prabusirea-unui-avion-de-2429567.html\" class=\"button purchase\" rel=\"nofollow noopener\" target=\"_blank\">Read More<\/a><\/p>\n","protected":false},"excerpt":{"rendered":"<p>Trei oameni au murit dup\u0103 pr\u0103bu\u015firea unui avion de mici dimensiuni, luni dup\u0103-amiaz\u0103, \u00een Elve\u0163ia, a informat mar\u0163i poli\u0163ia cantonului Graubuenden din estul Elve\u0163iei, potrivit [&hellip;]<\/p>\n","protected":false},"author":1,"featured_media":2933,"comment_status":"open","ping_status":"open","sticky":false,"template":"","format":"standard","meta":{"_monsterinsights_skip_tracking":false,"footnotes":""},"categories":[6],"tags":[],"class_list":["post-2932","post","type-post","status-publish","format-standard","has-post-thumbnail","hentry","category-popular"],"aioseo_notices":[],"_links":{"self":[{"href":"https:\/\/info-eforie.ro\/index.php\/wp-json\/wp\/v2\/posts\/2932","targetHints":{"allow":["GET"]}}],"collection":[{"href":"https:\/\/info-eforie.ro\/index.php\/wp-json\/wp\/v2\/posts"}],"about":[{"href":"https:\/\/info-eforie.ro\/index.php\/wp-json\/wp\/v2\/types\/post"}],"author":[{"embeddable":true,"href":"https:\/\/info-eforie.ro\/index.php\/wp-json\/wp\/v2\/users\/1"}],"replies":[{"embeddable":true,"href":"https:\/\/info-eforie.ro\/index.php\/wp-json\/wp\/v2\/comments?post=2932"}],"version-history":[{"count":0,"href":"https:\/\/info-eforie.ro\/index.php\/wp-json\/wp\/v2\/posts\/2932\/revisions"}],"wp:featuredmedia":[{"embeddable":true,"href":"https:\/\/info-eforie.ro\/index.php\/wp-json\/wp\/v2\/media\/2933"}],"wp:attachment":[{"href":"https:\/\/info-eforie.ro\/index.php\/wp-json\/wp\/v2\/media?parent=2932"}],"wp:term":[{"taxonomy":"category","embeddable":true,"href":"https:\/\/info-eforie.ro\/index.php\/wp-json\/wp\/v2\/categories?post=2932"},{"taxonomy":"post_tag","embeddable":true,"href":"https:\/\/info-eforie.ro\/index.php\/wp-json\/wp\/v2\/tags?post=2932"}],"curies":[{"name":"wp","href":"https:\/\/api.w.org\/{rel}","templated":true}]}}