{"id":2752,"date":"2025-03-11T20:24:19","date_gmt":"2025-03-11T20:24:19","guid":{"rendered":"https:\/\/info-eforie.ro\/index.php\/2025\/03\/11\/veste-uriasa-pentru-dinamo-anuntul-conducerii-dupa-intrarea-in-play-off-avem-sanse-foarte-bune\/"},"modified":"2025-03-11T20:24:19","modified_gmt":"2025-03-11T20:24:19","slug":"veste-uriasa-pentru-dinamo-anuntul-conducerii-dupa-intrarea-in-play-off-avem-sanse-foarte-bune","status":"publish","type":"post","link":"https:\/\/info-eforie.ro\/index.php\/2025\/03\/11\/veste-uriasa-pentru-dinamo-anuntul-conducerii-dupa-intrarea-in-play-off-avem-sanse-foarte-bune\/","title":{"rendered":"Veste uria\u0219\u0103 pentru Dinamo! Anun\u021bul conducerii dup\u0103 intrarea \u00een play-off: \u201dAvem \u0219anse foarte bune!\u201d"},"content":{"rendered":"<div>\n<p>Clubul din \u201d\u0218tefan cel Mare\u201d se afl\u0103 \u00eenc\u0103 \u00een insolven\u021b\u0103, astfel c\u0103 nu are \u0219anse s\u0103 evolueze \u00een urm\u0103torul sezon \u00een cupele europene \u00een cazul \u00een care va \u00eencheia pe un loc ce duce spre Europa. <\/p>\n<h2>Andrei Nicolescu: \u201dAvem \u0219anse foarte bune s\u0103 ie\u0219im din insolven\u021b\u0103!\u201d<\/h2>\n<p>Mai mult, alb-ro\u0219ii au \u0219anse mici s\u0103 joace \u00een competi\u021biile UEFA \u0219i \u00een sezonul 2026\/27, asta pentru c\u0103 trebuie s\u0103 ias\u0103 din insolven\u021b\u0103 p\u00e2n\u0103 la data de 31 mai 2025, atunci c\u00e2nd este termenul limit\u0103 impus de UEFA.<\/p>\n<p>Primul pas pe care trebuie s\u0103 \u00eel fac\u0103 Dinamo pentru a sc\u0103pa de insolven\u021b\u0103 este sc\u0103parea de procesul cu Vasile \u0218iman, fostul patron al Sportului Studen\u021besc, care solicita plata a dou\u0103 milioane de euro \u00een cazul mijloca\u0219ului Ionu\u021b \u0218erban. Dinamo <a href=\"https:\/\/www.sport.ro\/liga-1\/tribunalul-bucuresti-a-anuntat-decizia-finala-in-cazul-disputei-dintre-dinamo-si-vasile-siman-ce-se-intampla-cu-iesirea-din-insolventa.html\" rel=\"noopener noreferrer\"><strong>a c\u00e2\u0219tigat procesul cu \u0218iman<\/strong><\/a> \u00een luna decembrie, dar fostul patron de la Sportul a f\u0103cut apel, iar acesta se va judeca abia pe 2 aprilie.<\/p>\n<p>\u201dC\u00e2inii\u201d au f\u0103cut cererere pentru urgentarea procesului, \u00eens\u0103 termenul a r\u0103mas cel stabilit ini\u021bial. <\/p>\n<p>Pe l\u00e2ng\u0103 procesul cu Vasile \u0218iman, pentru a sc\u0103pa de insolven\u021b\u0103, Dinamo trebuie s\u0103 achite \u0219i restul datoriilor, urm\u00e2nd ca mai apoi s\u0103 se fac\u0103 toate demersurile necesare ie\u0219irii din insolven\u021b\u0103, pentru modificarea statutului la Registrul Comer\u021bului \u0219i, \u00een cele din urm\u0103, public\u0103rii deciziei \u00een Monitorul Oficial. Toate acestea p\u00e2n\u0103 la 31 mai, o misiune deloc u\u0219oar\u0103 pentru conducerea clubului din \u201d\u0218tefan cel Mare\u201d.<\/p>\n<p>Totu\u0219i, Andrei Nicolescu, administratorul special de la Dinamo sus\u021bine c\u0103 problemele nu sunt at\u00e2t de grave pe c\u00e2t par \u0219i spune c\u0103 Dinamo are \u0219anse mari s\u0103 ias\u0103 din insolven\u021b\u0103 p\u00e2n\u0103 la data limit\u0103 pentru a ob\u021bine dreptul de a participa \u00een cupele europene \u00een sezonul 2026\/27.<\/p>\n<p>\u201d<strong>Sunt o gr\u0103mad\u0103 de probleme la Dinamo, presa le vede pe toate, toate sunt mult mai grave dec\u00e2t sunt \u00een realitate. Ce v\u0103 spune e c\u0103 presa a dat deja ni\u0219te verdicte referitoare la capacitatea lui Dinamo de a juca sau nu peste dou\u0103 sezoane \u00een cupele europene. Lucrurile sunt \u00een alt\u0103 structur\u0103. <\/strong><\/p>\n<p><strong>Avem \u0219anse foarte bune s\u0103 rezolv\u0103m acea problem\u0103, s\u0103 ne \u00eendeplinim toate criteriile, suntem \u00eentr-o procedur\u0103 pe care o urm\u0103rim foarte atent \u0219i o vom rezolva a\u0219a cum am spus \u0219i anul trecut alte lucruri. Toate dezastrele pe care presa le spune la adresa lui Dinamo, cum pleac\u0103 Selmani, cum nu mai ie\u0219im din insolven\u021b\u0103. Suntem \u00eentr-un moment \u00een care lucrurile se \u00eent\u00e2mpl\u0103 a\u0219a, dar nu e un dezastru. Nu e niciun dezastru la Dinamo<\/strong>\u201d, a spus Andrei Nicolescu la Digisport.<\/p>\n<h2>Clasamentul final din sezonul regulat al Superligii Rom\u00e2niei<br \/><\/h2>\n<\/div>\n<p><a href=\"https:\/\/www.sport.ro\/liga-1\/veste-uriasa-pentru-dinamo-anuntul-conducerii-dupa-intrarea-in-play-off-avem-sanse-foarte-bune.html\" class=\"button purchase\" rel=\"nofollow noopener\" target=\"_blank\">Read More<\/a><\/p>\n","protected":false},"excerpt":{"rendered":"<p>Clubul din \u201d\u0218tefan cel Mare\u201d se afl\u0103 \u00eenc\u0103 \u00een insolven\u021b\u0103, astfel c\u0103 nu are \u0219anse s\u0103 evolueze \u00een urm\u0103torul sezon \u00een cupele europene \u00een cazul [&hellip;]<\/p>\n","protected":false},"author":1,"featured_media":2753,"comment_status":"open","ping_status":"open","sticky":false,"template":"","format":"standard","meta":{"_monsterinsights_skip_tracking":false,"footnotes":""},"categories":[7],"tags":[],"class_list":["post-2752","post","type-post","status-publish","format-standard","has-post-thumbnail","hentry","category-sports"],"aioseo_notices":[],"_links":{"self":[{"href":"https:\/\/info-eforie.ro\/index.php\/wp-json\/wp\/v2\/posts\/2752","targetHints":{"allow":["GET"]}}],"collection":[{"href":"https:\/\/info-eforie.ro\/index.php\/wp-json\/wp\/v2\/posts"}],"about":[{"href":"https:\/\/info-eforie.ro\/index.php\/wp-json\/wp\/v2\/types\/post"}],"author":[{"embeddable":true,"href":"https:\/\/info-eforie.ro\/index.php\/wp-json\/wp\/v2\/users\/1"}],"replies":[{"embeddable":true,"href":"https:\/\/info-eforie.ro\/index.php\/wp-json\/wp\/v2\/comments?post=2752"}],"version-history":[{"count":0,"href":"https:\/\/info-eforie.ro\/index.php\/wp-json\/wp\/v2\/posts\/2752\/revisions"}],"wp:featuredmedia":[{"embeddable":true,"href":"https:\/\/info-eforie.ro\/index.php\/wp-json\/wp\/v2\/media\/2753"}],"wp:attachment":[{"href":"https:\/\/info-eforie.ro\/index.php\/wp-json\/wp\/v2\/media?parent=2752"}],"wp:term":[{"taxonomy":"category","embeddable":true,"href":"https:\/\/info-eforie.ro\/index.php\/wp-json\/wp\/v2\/categories?post=2752"},{"taxonomy":"post_tag","embeddable":true,"href":"https:\/\/info-eforie.ro\/index.php\/wp-json\/wp\/v2\/tags?post=2752"}],"curies":[{"name":"wp","href":"https:\/\/api.w.org\/{rel}","templated":true}]}}